{"id":478675,"date":"2025-10-21T05:01:30","date_gmt":"2025-10-21T05:01:30","guid":{"rendered":"https:\/\/www.europesays.com\/fr\/478675\/"},"modified":"2025-10-21T05:01:30","modified_gmt":"2025-10-21T05:01:30","slug":"entretien-guerre-en-ukraine-avec-la-rencontre-trump-poutine-a-budapest-le-president-americain-veut-apparaitre-comme-le-faiseur-de-paix","status":"publish","type":"post","link":"https:\/\/www.europesays.com\/fr\/478675\/","title":{"rendered":"ENTRETIEN. Guerre en Ukraine\u00a0: avec la rencontre Trump-Poutine \u00e0 Budapest, \u00ab\u00a0le pr\u00e9sident am\u00e9ricain veut appara\u00eetre comme le faiseur de paix\u00a0\u00bb"},"content":{"rendered":"<p>\n                                                                    l&rsquo;essentiel<br \/>\n                                                                Donald Trump et Vladimir Poutine se rencontreront cette semaine \u00e0 Budapest, la capitale hongroise, pour leur deuxi\u00e8me sommet destin\u00e9 \u00e0 trouver une issue \u00e0 la guerre en Ukraine. Que peut-on en attendre\u00a0? Entretien avec Jean Radvanyi, professeur \u00e9m\u00e9rite \u00e0 l\u2019Institut national des langues et civilisations orientales (Inalco).\n                            <\/p>\n<p><strong>Une\u00a0rencontre se profile entre Donald Trump et Vladimir Poutine \u00e0 Budapest. Comment interpr\u00e9tez-vous ce sommet\u00a0?<\/strong><\/p>\n<p>Ce sommet s\u2019inscrit dans la logique tr\u00e8s particuli\u00e8re de <a href=\"https:\/\/www.ladepeche.fr\/actu\/etats-unis\/donald-trump\/\" target=\"_self\" rel=\"noopener\">Donald Trump<\/a>, qui veut avant tout donner l\u2019image d\u2019un artisan de la paix. Peu importe la complexit\u00e9 des enjeux\u00a0: il cherche \u00e0 pouvoir dire \u00ab\u00a0j\u2019ai mis fin \u00e0 la guerre\u00a0\u00bb. C\u2019est une logique de communication plus que de strat\u00e9gie. Il lui faut un cessez-le-feu, ou quelque chose qui y ressemble, pour asseoir cette image.<\/p>\n<p class=\"std-elt__inline\">\n        <strong>\u00c0 lire aussi :<\/strong><br \/>\n        <a href=\"https:\/\/www.ladepeche.fr\/2025\/10\/14\/decryptage-donald-trump-boude-pour-le-prix-nobel-de-la-paix-impuissant-face-a-poutine-le-president-americain-savoure-un-succes-diplomatique-en-israel-12989553.php\" target=\"_blank\" rel=\"noopener\">DECRYPTAGE. Donald Trump\u00a0: boud\u00e9 pour le prix Nobel de la Paix, impuissant face \u00e0 Poutine, le pr\u00e9sident am\u00e9ricain savoure un succ\u00e8s diplomatique en Isra\u00ebl<\/a>\n    <\/p>\n<p><strong>Pourtant, on a eu le sentiment ces derniers mois que Trump avait durci le ton vis-\u00e0-vis de Moscou.<\/strong><\/p>\n<p>Oui, c\u2019est vrai qu\u2019il a sembl\u00e9, un temps, vouloir r\u00e9agir plus fermement \u00e0 Poutine. Mais la r\u00e9alit\u00e9 est plus nuanc\u00e9e. La rencontre r\u00e9cente entre Trump et Zelensky \u00e0 la Maison-Blanche s\u2019est d\u2019ailleurs tr\u00e8s mal pass\u00e9e, du point de vue ukrainien. Trump avait eu une longue conversation avec Poutine avant de recevoir son homologue ukrainien, et depuis, <a href=\"https:\/\/www.ladepeche.fr\/2025\/10\/18\/guerre-en-ukraine-je-pense-que-la-russie-a-peur-pourquoi-donald-trump-refuse-de-livrer-des-missiles-tomahawk-a-kiev-13000538.php\" target=\"_self\" rel=\"noopener\">il a refus\u00e9 de livrer certaines armes promises \u00e0 Kiev<\/a>.<\/p>\n<p class=\"std-elt__inline\">\n        <strong>\u00c0 lire aussi :<\/strong><br \/>\n        <a href=\"https:\/\/www.ladepeche.fr\/2025\/10\/17\/donald-trump-a-vladimir-poutine-ca-te-derange-si-je-donne-des-milliers-de-tomahawk-a-lukraine-le-maitre-du-kremlin-na-pas-aime-lidee-12998095.php\" target=\"_blank\" rel=\"noopener\">Donald Trump \u00e0 Vladimir Poutine\u00a0: \u00ab\u00a0\u00c7a te d\u00e9range si je donne des milliers de Tomahawk \u00e0 l\u2019Ukraine\u00a0?\u00a0\u00bb\u2026  Le ma\u00eetre du Kremlin \u00ab\u00a0n\u2019a pas aim\u00e9 l\u2019id\u00e9e\u00a0\u00bb<\/a>\n    <\/p>\n<p>On ne conna\u00eet qu\u2019une partie des \u00e9changes, mais tout indique qu\u2019il y a eu des discussions parall\u00e8les entre les \u00e9quipes des deux dirigeants. Et il semble que ce soit Poutine lui-m\u00eame qui ait pris l\u2019initiative de recontacter Trump avant la rencontre avec Zelensky pour lui faire plusieurs propositions.<\/p>\n<p><strong>Justement, <a href=\"https:\/\/www.washingtonpost.com\/politics\/2025\/10\/18\/putin-trump-donetsk-war-ukraine\/\" target=\"_self\" rel=\"noopener\">plusieurs m\u00e9dias am\u00e9ricains<\/a> affirment que\u00a0le Kremlin proposerait un \u00e9change territorial\u00a0: la Russie conserverait Donetsk et Louhansk, en \u00e9change de petites zones de Zaporijjia et Kherson. Est-ce cr\u00e9dible\u00a0?<\/strong><\/p>\n<p>Oui, c\u2019est coh\u00e9rent avec ce que veut Poutine. Trump a laiss\u00e9 entendre \u00e0 plusieurs reprises qu\u2019un tel accord pourrait servir de base \u00e0 une \u201cpaix\u201d entre les deux pays. Mais ni Zelensky, ni le peuple ukrainien ne peuvent accepter de telles concessions, sauf sous une pression immense.<\/p>\n<p>Trump, lui, agit un peu comme il l\u2019a fait avec Isra\u00ebl\u00a0: il impose ses vues, convaincu de d\u00e9tenir la solution. Sauf que, dans ce dossier, un troisi\u00e8me acteur complique tout\u00a0: l\u2019Union europ\u00e9enne.<\/p>\n<p class=\"std-elt__inline\">\n        <strong>\u00c0 lire aussi :<\/strong><br \/>\n        <a href=\"https:\/\/www.ladepeche.fr\/2025\/10\/20\/guerre-en-ukraine-donetsk-en-echange-dun-retrait-des-troupes-russes-ailleurs-la-proposition-de-poutine-a-trump-pour-mettre-fin-au-conflit-13004076.php\" target=\"_blank\" rel=\"noopener\">Guerre en Ukraine\u00a0: Donetsk en \u00e9change d\u2019un retrait des troupes russes ailleurs\u2026 La proposition de Poutine \u00e0 Trump pour mettre fin au conflit<\/a>\n    <\/p>\n<p><strong>L\u2019Union europ\u00e9enne peut-elle vraiment peser si Trump se d\u00e9sengage\u00a0?<\/strong><\/p>\n<p>Honn\u00eatement, c\u2019est tr\u00e8s hypoth\u00e9tique. Certains dirigeants europ\u00e9ens affirment que, si Washington l\u00e2che Kiev, l\u2019Europe prendra le relais. Mais elle n\u2019en a pas les moyens. Ni militaires, ni politiques. L\u2019Union europ\u00e9enne appara\u00eet faible dans ce dossier. Et Poutine le sait parfaitement. En choisissant Budapest, il fait un coup double\u00a0: il s\u2019appuie sur Viktor Orban, <a href=\"https:\/\/www.ladepeche.fr\/2025\/03\/22\/entretien-refus-de-soutenir-lukraine-blocages-a-bruxelles-peut-on-exclure-la-hongrie-de-lunion-europeenne-12584929.php\" target=\"_self\" rel=\"noopener\">dirigeant hongrois proche de Moscou<\/a> et de Trump, et il accentue les divisions au sein du Vieux continent.<\/p>\n<p data-end=\"3736\" data-start=\"3601\"><strong>Pensez-vous que ce sommet puisse d\u00e9boucher sur un \u201cnouveau discours\u201d de Trump, voire sur une annonce spectaculaire\u00a0?<\/strong><\/p>\n<p data-end=\"3736\" data-start=\"3601\">Avec Trump, tout est possible. Il pourrait tr\u00e8s bien annoncer un accord avec la Russie, ou inviter Zelensky \u00e0 la derni\u00e8re minute. Ce serait dans son style. Mais son objectif principal reste d\u2019appara\u00eetre comme celui qui \u201cram\u00e8ne la paix\u201d. Cela correspond \u00e0 son ambition de se poser en faiseur de paix international.\u00a0Et pourquoi pas, de viser <a href=\"https:\/\/www.ladepeche.fr\/2025\/10\/09\/donald-trump-futur-prix-nobel-de-la-paix-pourquoi-le-president-americain-na-quasiment-aucune-chance-de-lobtenir-12981879.php\" target=\"_self\" rel=\"noopener\">un prix Nobel<\/a>\u2026<\/p>\n<p class=\"std-elt__inline\">\n        <strong>\u00c0 lire aussi :<\/strong><br \/>\n        <a href=\"https:\/\/www.ladepeche.fr\/2025\/10\/20\/guerre-en-ukraine-poutine-est-assez-semblable-au-hamas-mais-il-est-plus-fort-comment-zelensky-pousse-donald-trump-a-se-montrer-plus-ferme-13002844.php\" target=\"_blank\" rel=\"noopener\">Guerre en Ukraine\u00a0: Poutine \u00ab\u00a0est assez semblable au Hamas, mais il est plus\u00a0fort\u00a0\u00bb\u2026 comment Zelensky pousse Donald Trump \u00e0 se montrer plus ferme<\/a>\n    <\/p>\n<p data-end=\"3736\" data-start=\"3601\"><strong>Si un accord \u00e9tait trouv\u00e9 \u00e0 Budapest, quel impact cela aurait-il sur la s\u00e9curit\u00e9 europ\u00e9enne et sur l\u2019Otan\u00a0?<\/strong><\/p>\n<p>C\u2019est une question essentielle, et pourtant largement \u00e9lud\u00e9e.\u00a0\u00c0 un moment donn\u00e9, il faudra bien une solution politique. Cela implique de parler avec Moscou, m\u00eame avec un dirigeant autoritaire comme Poutine. Tant qu\u2019on refusera d\u2019aborder franchement cette question, on restera dans le provisoire.<\/p>\n<p>Trump, lui, peut imposer un cessez-le-feu s\u2019il cesse de livrer des armes ou de fournir le renseignement satellitaire \u00e0 Kiev. Mais cela reviendrait \u00e0 placer l\u2019Ukraine dans une situation de faiblesse extr\u00eame. En r\u00e9sum\u00e9, ce serait une paix impos\u00e9e, pas une paix n\u00e9goci\u00e9e. Et derri\u00e8re l\u2019effet d\u2019annonce, le rapport de force resterait inchang\u00e9.<\/p>\n","protected":false},"excerpt":{"rendered":"l&rsquo;essentiel Donald Trump et Vladimir Poutine se rencontreront cette semaine \u00e0 Budapest, la capitale hongroise, pour leur deuxi\u00e8me&hellip;\n","protected":false},"author":2,"featured_media":478676,"comment_status":"","ping_status":"","sticky":false,"template":"","format":"standard","meta":{"footnotes":""},"categories":[1590],"tags":[11,1777,674,12,220],"class_list":{"0":"post-478675","1":"post","2":"type-post","3":"status-publish","4":"format-standard","5":"has-post-thumbnail","7":"category-ukraine","8":"tag-actualites","9":"tag-eu","10":"tag-europe","11":"tag-news","12":"tag-ukraine"},"share_on_mastodon":{"url":"https:\/\/pubeurope.com\/@fr\/115410402215717893","error":""},"_links":{"self":[{"href":"https:\/\/www.europesays.com\/fr\/wp-json\/wp\/v2\/posts\/478675","targetHints":{"allow":["GET"]}}],"collection":[{"href":"https:\/\/www.europesays.com\/fr\/wp-json\/wp\/v2\/posts"}],"about":[{"href":"https:\/\/www.europesays.com\/fr\/wp-json\/wp\/v2\/types\/post"}],"author":[{"embeddable":true,"href":"https:\/\/www.europesays.com\/fr\/wp-json\/wp\/v2\/users\/2"}],"replies":[{"embeddable":true,"href":"https:\/\/www.europesays.com\/fr\/wp-json\/wp\/v2\/comments?post=478675"}],"version-history":[{"count":0,"href":"https:\/\/www.europesays.com\/fr\/wp-json\/wp\/v2\/posts\/478675\/revisions"}],"wp:featuredmedia":[{"embeddable":true,"href":"https:\/\/www.europesays.com\/fr\/wp-json\/wp\/v2\/media\/478676"}],"wp:attachment":[{"href":"https:\/\/www.europesays.com\/fr\/wp-json\/wp\/v2\/media?parent=478675"}],"wp:term":[{"taxonomy":"category","embeddable":true,"href":"https:\/\/www.europesays.com\/fr\/wp-json\/wp\/v2\/categories?post=478675"},{"taxonomy":"post_tag","embeddable":true,"href":"https:\/\/www.europesays.com\/fr\/wp-json\/wp\/v2\/tags?post=478675"}],"curies":[{"name":"wp","href":"https:\/\/api.w.org\/{rel}","templated":true}]}}