{"id":478681,"date":"2025-10-21T05:04:12","date_gmt":"2025-10-21T05:04:12","guid":{"rendered":"https:\/\/www.europesays.com\/fr\/478681\/"},"modified":"2025-10-21T05:04:12","modified_gmt":"2025-10-21T05:04:12","slug":"la-petite-musique-dune-alliance-avec-lextreme-droite-revient-a-droite","status":"publish","type":"post","link":"https:\/\/www.europesays.com\/fr\/478681\/","title":{"rendered":"la \u201cpetite musique\u201d d\u2019une alliance avec l\u2019extr\u00eame droite revient \u00e0 droite"},"content":{"rendered":"\n<p>\u201cVous l\u2019entendez, la petite musique\u00a0? Elle n\u2019est certes pas tr\u00e8s forte, mais reste tout de m\u00eame perceptible, l\u00e0, \u00e0 votre droite.\u201d <a href=\"https:\/\/correctiv.org\/spotlight-newsletter\/broeckelt-die-brandmauer\/\" target=\"_blank\" rel=\"noopener\">D\u2019apr\u00e8s le m\u00e9dia d\u2019investigation<strong> Correctiv<\/strong><\/a><strong>, <\/strong>certains t\u00e9nors de la formation chr\u00e9tienne-d\u00e9mocrate allemande CDU ont r\u00e9cemment relanc\u00e9 l\u2019\u00e9ternel d\u00e9bat autour des relations qu\u2019ils entretiennent avec l\u2019AfD. Ils auraient appel\u00e9 la direction de leur parti \u00e0 assouplir la r\u00e8gle selon laquelle toute coop\u00e9ration avec le parti d\u2019extr\u00eame droite est proscrite au niveau national.<\/p>\n<p>C\u2019est notamment le cas de Peter Tauber, qui fut secr\u00e9taire g\u00e9n\u00e9ral de la formation de droite chr\u00e9tienne \u00e0 l\u2019\u00e9poque de la chanceli\u00e8re <a href=\"https:\/\/www.courrierinternational.com\/sujet\/angela-merkel\" target=\"_blank\" rel=\"noopener\">Angela Merkel<\/a>. Il a estim\u00e9 que la CDU \u201cne devrait pas aborder chaque sujet politique en fonction de ce que pense l\u2019AfD\u201d et qu\u2019elle pouvait aussi prendre des d\u00e9cisions \u201cavec lesquelles ce parti [d\u2019extr\u00eame droite] est d\u2019accord\u201d.<\/p>\n<p>Plusieurs autres l\u2019ont suivi dans sa d\u00e9marche, esp\u00e9rant ainsi l\u2019emporter aux \u00e9lections qui auront lieu en Saxe-Anhalt l\u2019ann\u00e9e prochaine. <a href=\"https:\/\/www.tagesspiegel.de\/politik\/merz-bekraftigt-brandmauer-zu-afd-machtwort-fur-den-moment-14603207.html\" target=\"_blank\" rel=\"noopener\">Des sources anonymes cit\u00e9es par le <strong>Tagesspiegel <\/strong>assurent<\/a> que m\u00eame la pr\u00e9sidente du Bundestag, Julia Kl\u00f6ckner, et le chef du groupe parlementaire CDU-CSU, Jens Spahn, pencheraient en faveur de rapprochements ponctuels avec l\u2019AfD.<\/p>\n<p>Les pr\u00e9occupations du <a href=\"https:\/\/www.courrierinternational.com\/sujet\/friedrich-merz\" target=\"_blank\" rel=\"noopener\">chancelier conservateur Friedrich Merz<\/a> peuvent d\u00e9sor<\/p>\n","protected":false},"excerpt":{"rendered":"\u201cVous l\u2019entendez, la petite musique\u00a0? Elle n\u2019est certes pas tr\u00e8s forte, mais reste tout de m\u00eame perceptible, l\u00e0,&hellip;\n","protected":false},"author":2,"featured_media":478682,"comment_status":"","ping_status":"","sticky":false,"template":"","format":"standard","meta":{"footnotes":""},"categories":[1587],"tags":[11,672,1804,1805,1803,1777,674,6429,7610,4710,1801,12,316,1802],"class_list":{"0":"post-478681","1":"post","2":"type-post","3":"status-publish","4":"format-standard","5":"has-post-thumbnail","7":"category-allemagne","8":"tag-actualites","9":"tag-allemagne","10":"tag-bundesrepublik-deutschland","11":"tag-de","12":"tag-deutschland","13":"tag-eu","14":"tag-europe","15":"tag-extru00eame-droite","16":"tag-extru00eame-droite-en-allemagne","17":"tag-friedrich-merz","18":"tag-germany","19":"tag-news","20":"tag-politique","21":"tag-republique-federale-dallemagne"},"share_on_mastodon":{"url":"https:\/\/pubeurope.com\/@fr\/115410414111132600","error":""},"_links":{"self":[{"href":"https:\/\/www.europesays.com\/fr\/wp-json\/wp\/v2\/posts\/478681","targetHints":{"allow":["GET"]}}],"collection":[{"href":"https:\/\/www.europesays.com\/fr\/wp-json\/wp\/v2\/posts"}],"about":[{"href":"https:\/\/www.europesays.com\/fr\/wp-json\/wp\/v2\/types\/post"}],"author":[{"embeddable":true,"href":"https:\/\/www.europesays.com\/fr\/wp-json\/wp\/v2\/users\/2"}],"replies":[{"embeddable":true,"href":"https:\/\/www.europesays.com\/fr\/wp-json\/wp\/v2\/comments?post=478681"}],"version-history":[{"count":0,"href":"https:\/\/www.europesays.com\/fr\/wp-json\/wp\/v2\/posts\/478681\/revisions"}],"wp:featuredmedia":[{"embeddable":true,"href":"https:\/\/www.europesays.com\/fr\/wp-json\/wp\/v2\/media\/478682"}],"wp:attachment":[{"href":"https:\/\/www.europesays.com\/fr\/wp-json\/wp\/v2\/media?parent=478681"}],"wp:term":[{"taxonomy":"category","embeddable":true,"href":"https:\/\/www.europesays.com\/fr\/wp-json\/wp\/v2\/categories?post=478681"},{"taxonomy":"post_tag","embeddable":true,"href":"https:\/\/www.europesays.com\/fr\/wp-json\/wp\/v2\/tags?post=478681"}],"curies":[{"name":"wp","href":"https:\/\/api.w.org\/{rel}","templated":true}]}}