{"id":478685,"date":"2025-10-21T05:06:16","date_gmt":"2025-10-21T05:06:16","guid":{"rendered":"https:\/\/www.europesays.com\/fr\/478685\/"},"modified":"2025-10-21T05:06:16","modified_gmt":"2025-10-21T05:06:16","slug":"risque-eleve-que-du-bois-importe-dans-lue-soit-issu-de-la-deforestation-de-borneo-alerte-un-rapport","status":"publish","type":"post","link":"https:\/\/www.europesays.com\/fr\/478685\/","title":{"rendered":"\u00abRisque \u00e9lev\u00e9\u00bb que du bois import\u00e9 dans l&rsquo;UE soit issu de la d\u00e9forestation de Born\u00e9o, alerte un rapport"},"content":{"rendered":"<p class=\"fig-paragraph\">Du bois import\u00e9 par des entreprises de l&rsquo;Union europ\u00e9enne pr\u00e9sente un \u00abrisque \u00e9lev\u00e9\u00bb d&rsquo;\u00eatre issu de la\u00a0<a href=\"http:\/\/www.lefigaro.fr\/international\/loi-contre-la-deforestation-la-commission-europeenne-ouvre-la-voie-a-un-nouveau-report-20250923\" data-fig-type=\"NewsFlash\" data-gtm-custom-categorie=\"navigation\" data-gtm-custom-action=\"crossclick\" data-gtm-custom-label=\"Contextuel\" data-gtm-event=\"customEventSPE\" data-fig-domain=\"LEFIGARO\" target=\"_blank\" rel=\"noopener\">d\u00e9forestation<\/a>\u00a0de la partie indon\u00e9sienne de Born\u00e9o, r\u00e9v\u00e8le un rapport mardi, au moment o\u00f9 des ONG pressent Bruxelles de faire entrer en vigueur sa loi contre la d\u00e9forestation.<\/p>\n<p class=\"fig-paragraph\">Le rapport des ONG britannique Earthsight et indon\u00e9sienne Auriga Nusantara s&rsquo;est focalis\u00e9 sur les plus importants acheteurs indon\u00e9siens de bois provenant de la d\u00e9forestation de l&rsquo;\u00eele. D&rsquo;apr\u00e8s ce document, tous ces acteurs comptent parmi leurs clients des entreprises europ\u00e9ennes, et il existe un \u00abrisque \u00e9lev\u00e9\u00bb pour que les importations de ces derni\u00e8res contiennent du bois de for\u00eats d\u00e9bois\u00e9es. Au total, les principaux clients europ\u00e9ens (essentiellement des Pays-Bas, de Belgique et d&rsquo;Allemagne) ont command\u00e9 plus de 23.000 m\u00e8tres cubes de produits du secteur du bois, comme des terrasses et du contreplaqu\u00e9, en Indon\u00e9sie en 2024. Les entreprises cit\u00e9es &#8211; Dekker Hout, International Plywood BV, Seiton BV, Kurz KG, Fepco International et Impan GmbH &#8211; n&rsquo;ont pas r\u00e9pondu aux sollicitations de l&rsquo;AFP.<\/p>\n<p>                                    <a class=\"fig-a11y-skip a11y-hidden\" href=\"#fig-a11y-skip-main-inarticle\"><br \/>\n        Passer la publicit\u00e9<br \/>\n    <\/a><\/p>\n<p>Biodiversit\u00e9 extr\u00eamement riche<\/p>\n<p class=\"fig-paragraph\">Les ONG notent que leur mention \u00abne signifie pas n\u00e9cessairement qu&rsquo;on a confirm\u00e9 qu&rsquo;elles utilisent du bois issu de la d\u00e9forestation, mais plut\u00f4t que, selon nous, leur approvisionnement en bois pr\u00e9sente un risque \u00e9lev\u00e9 et m\u00e9rite un examen\u00bb. L&rsquo;Indon\u00e9sie fait partie des pays qui abattent le plus de for\u00eats au monde, au profit du commerce du bois, des plantations d&rsquo;huile de palme et de l&rsquo;extraction mini\u00e8re. La d\u00e9forestation s&rsquo;y est accrue en 2024 pour la troisi\u00e8me ann\u00e9e cons\u00e9cutive, selon l&rsquo;ONG Auriga Nusantara. Les for\u00eats indon\u00e9siennes restantes abritent une biodiversit\u00e9 extr\u00eamement riche et constituent des habitats essentiels pour de nombreuses esp\u00e8ces menac\u00e9es, ainsi que d&rsquo;importants puits de carbone.<\/p>\n<p class=\"fig-paragraph\">Le mois dernier, la Commission europ\u00e9enne a propos\u00e9 de reporter \u00e0 fin 2026 l&rsquo;entr\u00e9e en vigueur de sa loi visant \u00e0 interdire la commercialisation en Europe de produits comme le bois et l&rsquo;huile de palme quand ils proviennent de terres d\u00e9bois\u00e9es apr\u00e8s d\u00e9cembre 2020 &#8211; un texte notamment critiqu\u00e9 par l&rsquo;Indon\u00e9sie. Pour les ONG \u00e0 l&rsquo;origine du rapport, leur travail \u00abd\u00e9montre\u00bb que ce texte est \u00abn\u00e9cessaire de toute urgence\u00bb pour \u00abmettre un terme \u00e0 la complicit\u00e9 de l&rsquo;Europe dans la destruction des for\u00eats tropicales\u00bb.<\/p>\n","protected":false},"excerpt":{"rendered":"Du bois import\u00e9 par des entreprises de l&rsquo;Union europ\u00e9enne pr\u00e9sente un \u00abrisque \u00e9lev\u00e9\u00bb d&rsquo;\u00eatre issu de la\u00a0d\u00e9forestation\u00a0de la&hellip;\n","protected":false},"author":2,"featured_media":478686,"comment_status":"","ping_status":"","sticky":false,"template":"","format":"standard","meta":{"footnotes":""},"categories":[1586],"tags":[11,4154,21107,436,1777,674,1779,1011,27,12,25,1778,364],"class_list":{"0":"post-478685","1":"post","2":"type-post","3":"status-publish","4":"format-standard","5":"has-post-thumbnail","7":"category-europe","8":"tag-actualites","9":"tag-bois","10":"tag-deforestation","11":"tag-environnement","12":"tag-eu","13":"tag-europe","14":"tag-european-union","15":"tag-fr","16":"tag-france","17":"tag-news","18":"tag-republique-francaise","19":"tag-ue","20":"tag-union-europeenne"},"share_on_mastodon":{"url":"https:\/\/pubeurope.com\/@fr\/115410421958340252","error":""},"_links":{"self":[{"href":"https:\/\/www.europesays.com\/fr\/wp-json\/wp\/v2\/posts\/478685","targetHints":{"allow":["GET"]}}],"collection":[{"href":"https:\/\/www.europesays.com\/fr\/wp-json\/wp\/v2\/posts"}],"about":[{"href":"https:\/\/www.europesays.com\/fr\/wp-json\/wp\/v2\/types\/post"}],"author":[{"embeddable":true,"href":"https:\/\/www.europesays.com\/fr\/wp-json\/wp\/v2\/users\/2"}],"replies":[{"embeddable":true,"href":"https:\/\/www.europesays.com\/fr\/wp-json\/wp\/v2\/comments?post=478685"}],"version-history":[{"count":0,"href":"https:\/\/www.europesays.com\/fr\/wp-json\/wp\/v2\/posts\/478685\/revisions"}],"wp:featuredmedia":[{"embeddable":true,"href":"https:\/\/www.europesays.com\/fr\/wp-json\/wp\/v2\/media\/478686"}],"wp:attachment":[{"href":"https:\/\/www.europesays.com\/fr\/wp-json\/wp\/v2\/media?parent=478685"}],"wp:term":[{"taxonomy":"category","embeddable":true,"href":"https:\/\/www.europesays.com\/fr\/wp-json\/wp\/v2\/categories?post=478685"},{"taxonomy":"post_tag","embeddable":true,"href":"https:\/\/www.europesays.com\/fr\/wp-json\/wp\/v2\/tags?post=478685"}],"curies":[{"name":"wp","href":"https:\/\/api.w.org\/{rel}","templated":true}]}}