{"id":478709,"date":"2025-10-21T05:20:31","date_gmt":"2025-10-21T05:20:31","guid":{"rendered":"https:\/\/www.europesays.com\/fr\/478709\/"},"modified":"2025-10-21T05:20:31","modified_gmt":"2025-10-21T05:20:31","slug":"lecole-de-creation-val-de-garonne-arts-school-migre-a-mingas","status":"publish","type":"post","link":"https:\/\/www.europesays.com\/fr\/478709\/","title":{"rendered":"L\u2019\u00e9cole de cr\u00e9ation Val de Garonne Arts School migre \u00e0 Mingas"},"content":{"rendered":"<p>Install\u00e9e depuis 2017 dans la Cit\u00e9 de la formation de Marmande, l\u2019\u00e9cole associative VGAS, Val de Garonne Arts School, vient de d\u00e9m\u00e9nager. Tourn\u00e9 vers l\u2019\u00e9dition, les cultures num\u00e9riques, le cin\u00e9ma, l\u2019illustration, l\u2019organisme de formation agr\u00e9\u00e9 vient de poser ses valises <a href=\"https:\/\/www.sudouest.fr\/lot-et-garonne\/marmande\/marmande-un-espace-de-coworking-dans-des-containers-a-cesame-23918398.php\" target=\"_blank\" rel=\"follow nofollow noopener\">au village Minga<\/a>, dans les conteneurs de l\u2019espace de travail partag\u00e9 am\u00e9nag\u00e9 sous l\u2019un des hangars de Cesame.<\/p>\n<p>\u00ab\u00a0Nous avons \u00e9t\u00e9 accueillis \u00e0 bras ouverts pour disposer d\u2019un bureau et d\u2019espaces pour dispenser les cours\u00a0\u00bb, raconte Alban Suarez, le fondateur et pr\u00e9sident de VGAS. Apr\u00e8s avoir form\u00e9 une petite centaine d\u2019\u00e9l\u00e8ves en formation continue depuis 2017, l\u2019\u00e9cole revoit la formule avec des formations ponctuelles d\u00e9sormais dispens\u00e9es \u00e0 la carte pour des entreprises et des personnes individuelles. \u00ab\u00a0Nous avons d\u00fb mettre en pause les formations continues car on arrive au bout de ce que l\u2019on pouvait faire financi\u00e8rement\u00a0\u00bb, regrette Alban Suarez.<\/p>\n<p>L\u2019\u00e9cole associative continue en revanche de porter des \u00e9v\u00e9nements culturels comme le festival Manga Bazeille, \u00e0 Sainte-Bazeille, les 13 et 14\u00a0d\u00e9cembre prochains.<\/p>\n","protected":false},"excerpt":{"rendered":"Install\u00e9e depuis 2017 dans la Cit\u00e9 de la formation de Marmande, l\u2019\u00e9cole associative VGAS, Val de Garonne Arts&hellip;\n","protected":false},"author":2,"featured_media":478710,"comment_status":"","ping_status":"","sticky":false,"template":"","format":"standard","meta":{"footnotes":""},"categories":[1358],"tags":[1348,1384,1385,1386,58,59,1011,27],"class_list":{"0":"post-478709","1":"post","2":"type-post","3":"status-publish","4":"format-standard","5":"has-post-thumbnail","7":"category-arts-et-design","8":"tag-arts","9":"tag-arts-and-design","10":"tag-arts-et-design","11":"tag-design","12":"tag-divertissement","13":"tag-entertainment","14":"tag-fr","15":"tag-france"},"share_on_mastodon":{"url":"https:\/\/pubeurope.com\/@fr\/115410477091624391","error":""},"_links":{"self":[{"href":"https:\/\/www.europesays.com\/fr\/wp-json\/wp\/v2\/posts\/478709","targetHints":{"allow":["GET"]}}],"collection":[{"href":"https:\/\/www.europesays.com\/fr\/wp-json\/wp\/v2\/posts"}],"about":[{"href":"https:\/\/www.europesays.com\/fr\/wp-json\/wp\/v2\/types\/post"}],"author":[{"embeddable":true,"href":"https:\/\/www.europesays.com\/fr\/wp-json\/wp\/v2\/users\/2"}],"replies":[{"embeddable":true,"href":"https:\/\/www.europesays.com\/fr\/wp-json\/wp\/v2\/comments?post=478709"}],"version-history":[{"count":0,"href":"https:\/\/www.europesays.com\/fr\/wp-json\/wp\/v2\/posts\/478709\/revisions"}],"wp:featuredmedia":[{"embeddable":true,"href":"https:\/\/www.europesays.com\/fr\/wp-json\/wp\/v2\/media\/478710"}],"wp:attachment":[{"href":"https:\/\/www.europesays.com\/fr\/wp-json\/wp\/v2\/media?parent=478709"}],"wp:term":[{"taxonomy":"category","embeddable":true,"href":"https:\/\/www.europesays.com\/fr\/wp-json\/wp\/v2\/categories?post=478709"},{"taxonomy":"post_tag","embeddable":true,"href":"https:\/\/www.europesays.com\/fr\/wp-json\/wp\/v2\/tags?post=478709"}],"curies":[{"name":"wp","href":"https:\/\/api.w.org\/{rel}","templated":true}]}}