{"id":478711,"date":"2025-10-21T05:21:15","date_gmt":"2025-10-21T05:21:15","guid":{"rendered":"https:\/\/www.europesays.com\/fr\/478711\/"},"modified":"2025-10-21T05:21:15","modified_gmt":"2025-10-21T05:21:15","slug":"belle-ambition-mais-qui-peine-a-tenir-ses-promesses-le-suricate","status":"publish","type":"post","link":"https:\/\/www.europesays.com\/fr\/478711\/","title":{"rendered":"belle ambition mais qui peine \u00e0 tenir ses promesses \u2022 Le Suricate"},"content":{"rendered":"<p class=\"has-text-align-center has-white-color has-text-color has-background has-link-color wp-elements-3cbec0a35e2f9d4dc0ef55f54c3af67e\" style=\"background-color:#ff7f00\">Titre\u00a0:<strong><a href=\"https:\/\/www.harpercollins.fr\/products\/acharnel\" target=\"_blank\" rel=\"noopener\"> <\/a><a href=\"https:\/\/www.lisez.com\/livres\/les-deux-visages-du-monde\/9782383991359\" target=\"_blank\" rel=\"noopener\">Les deux visages du monde<\/a><\/strong><br \/>Auteur.ice :<strong>\u00a0David Joy<\/strong><br \/>Editions\u00a0:\u00a0<strong>10\/18<\/strong><br \/>Date de parution\u00a0:\u00a0<strong>02 octobre 2025<\/strong><br \/>Genre du livre\u00a0:\u00a0<strong>Roman<\/strong><\/p>\n<p>Toya Gardner est une jeune artiste afro-am\u00e9ricaine. De retour dans sa Caroline du Nord natale apr\u00e8s des ann\u00e9es \u00e0 Atlanta, elle d\u00e9cide de bousculer l\u2019ordre \u00e9tabli en d\u00e9non\u00e7ant le pass\u00e9 esclavagiste de sa r\u00e9gion. En parall\u00e8le de ce mouvement de r\u00e9volte, un policier d\u00e9couvre dans la voiture d\u2019un supr\u00e9maciste blanc un carnet listant des notables locaux membres du Ku Klux Klan. Entre roman social et polar, David Joy tente l\u2019\u00e9quilibre mais \u2026 tr\u00e9buche en chemin.<\/p>\n<p>Personne ne le niera : l\u2019intention de David Joy ne souffre d\u2019aucune ambigu\u00eft\u00e9. A savoir, mettre en lumi\u00e8re le racisme structurel qui r\u00e8gne encore en Am\u00e9rique profonde. Il ambitionne ici d\u2019examiner les h\u00e9ritages de l\u2019esclavagisme et de la s\u00e9gr\u00e9gation qui continuent d\u2019empoisonner les rapports entre communaut\u00e9s. Le contexte choisi par l\u2019auteur \u2013 cette petite ville des Appalaches o\u00f9 les apparences de bonne entente masquent mal les non-dits et les tensions \u2013 constitue son terrain d\u2019\u00e9tude pour explorer ces probl\u00e9matiques. Nous sommes bien d\u2019accord sur ce point historique.<\/p>\n<p>C\u2019est le projet artistique de Toya (elle creusera symboliquement des tombes sur un ancien cimeti\u00e8re afro-am\u00e9ricain d\u00e9plac\u00e9 pour laisser place \u00e0 l\u2019extension du campus universitaire), qui cristallise les enjeux du r\u00e9cit. Sa provocation a pour objectif de lever le voile de respectabilit\u00e9 et de ce semblant d\u2019amn\u00e9sie collective qui semble avoir touch\u00e9 la communaut\u00e9 blanche. Simultan\u00e9ment, un policier, Ernie, d\u00e9couvre par hasard des costumes du KKK et un carnet compromettant. Une pi\u00e8ce de plus pour faire exploser l\u2019hypocrisie ambiante.<\/p>\n<p>Toutefois, le roman souffre d\u2019un d\u00e9faut majeur : sa lourdeur didactique. Les dialogues fonctionnent moins comme des \u00e9changes authentiques que comme des \u00e9l\u00e9ments porteurs d\u2019un message que l\u2019auteur souhaite absolument faire passer. Peu subtile, cette approche p\u00e9dagogique transforme certaines sc\u00e8nes en cours magistraux sur le racisme institutionnalis\u00e9, la culture du silence et la complicit\u00e9 passive. Pour tout lecteur un tant soit peu conscient des r\u00e9alit\u00e9s historiques li\u00e9es \u00e0 l\u2019esclavage et au racisme am\u00e9ricain, la morale de l\u2019histoire se dessine avec une clart\u00e9 presque g\u00eanante et ce, assez rapidement.<\/p>\n<p>L\u2019intrigue, qui aurait d\u00fb tenir le lecteur en haleine, s\u2019assimile finalement \u00e0 un p\u00e9tard mouill\u00e9 : beaucoup de mise en place pour une d\u00e9flagration d\u00e9cevante. C\u2019est plus un roman social qui utilise les codes du genre policier comme pr\u00e9texte \u00e0 son propos militant. Le suspense s\u2019\u00e9vapore progressivement.<\/p>\n<p>Ceci dit, la lecture a \u00e9t\u00e9 tr\u00e8s simple et facile. Il serait en effet vraiment injuste de ne pas reconna\u00eetre la plume de David Joy qui reste fluide et immersive, facilitant la lecture malgr\u00e9 les longueurs structurelles. Les personnages sont nuanc\u00e9s et plut\u00f4t cr\u00e9dibles. Par exemple, Toya, loin d\u2019\u00eatre une simple militante caricaturale, se r\u00e9v\u00e8le complexe dans ses doutes et ses d\u00e9terminations. Ou encore, le sh\u00e9rif Coggins, ami de longue date de la grand-m\u00e8re de Toya, qui incarne ces hommes blancs qui ne se pensent pas racistes tout en d\u00e9fendant l\u2019ordre \u00e9tabli et les symboles conf\u00e9d\u00e9r\u00e9s. Chacun porte ses contradictions, ses aveuglements volontaires ou involontaires et c\u2019est probablement cette approche humaniste qui constitue la plus grande r\u00e9ussite du roman : montrer que le racisme structurel ne se r\u00e9sume pas \u00e0 des actes de malveillance explicite mais s\u2019enracine dans le silence, l\u2019inaction et le confort des privil\u00e8ges non questionn\u00e9s.<\/p>\n<p>Globalement, Les Deux Visages du monde se r\u00e9v\u00e8le \u00eatre un ouvrage frustrant par son incapacit\u00e9 \u00e0 choisir v\u00e9ritablement son camp. Ni tout \u00e0 fait polar r\u00e9ussi, ni essai d\u00e9guis\u00e9 pleinement assum\u00e9, il oscille entre deux ambitions sans parvenir \u00e0 satisfaire compl\u00e8tement ni l\u2019une ni l\u2019autre. Les lecteurs en qu\u00eate d\u2019un thriller palpitant seront d\u00e9\u00e7us par la mollesse de l\u2019intrigue et l\u2019absence de rythme. Ceux qui recherchent une r\u00e9flexion approfondie sur le racisme syst\u00e9mique regretteront sans doute le caract\u00e8re d\u00e9monstratif et peu subtil du propos.<\/p>\n<p>Finalement, Les Deux Visages du monde reste une lecture agr\u00e9able mais sans plus. Un roman qui porte un message important mais qui aurait gagn\u00e9 \u00e0 choisir plus clairement son genre.<\/p>\n","protected":false},"excerpt":{"rendered":"Titre\u00a0: Les deux visages du mondeAuteur.ice :\u00a0David JoyEditions\u00a0:\u00a010\/18Date de parution\u00a0:\u00a002 octobre 2025Genre du livre\u00a0:\u00a0Roman Toya Gardner est une&hellip;\n","protected":false},"author":2,"featured_media":478712,"comment_status":"","ping_status":"","sticky":false,"template":"","format":"standard","meta":{"footnotes":""},"categories":[1357],"tags":[1379,58,59,1011,27,1380],"class_list":{"0":"post-478711","1":"post","2":"type-post","3":"status-publish","4":"format-standard","5":"has-post-thumbnail","7":"category-livres","8":"tag-books","9":"tag-divertissement","10":"tag-entertainment","11":"tag-fr","12":"tag-france","13":"tag-livres"},"share_on_mastodon":{"url":"https:\/\/pubeurope.com\/@fr\/115410481047771849","error":""},"_links":{"self":[{"href":"https:\/\/www.europesays.com\/fr\/wp-json\/wp\/v2\/posts\/478711","targetHints":{"allow":["GET"]}}],"collection":[{"href":"https:\/\/www.europesays.com\/fr\/wp-json\/wp\/v2\/posts"}],"about":[{"href":"https:\/\/www.europesays.com\/fr\/wp-json\/wp\/v2\/types\/post"}],"author":[{"embeddable":true,"href":"https:\/\/www.europesays.com\/fr\/wp-json\/wp\/v2\/users\/2"}],"replies":[{"embeddable":true,"href":"https:\/\/www.europesays.com\/fr\/wp-json\/wp\/v2\/comments?post=478711"}],"version-history":[{"count":0,"href":"https:\/\/www.europesays.com\/fr\/wp-json\/wp\/v2\/posts\/478711\/revisions"}],"wp:featuredmedia":[{"embeddable":true,"href":"https:\/\/www.europesays.com\/fr\/wp-json\/wp\/v2\/media\/478712"}],"wp:attachment":[{"href":"https:\/\/www.europesays.com\/fr\/wp-json\/wp\/v2\/media?parent=478711"}],"wp:term":[{"taxonomy":"category","embeddable":true,"href":"https:\/\/www.europesays.com\/fr\/wp-json\/wp\/v2\/categories?post=478711"},{"taxonomy":"post_tag","embeddable":true,"href":"https:\/\/www.europesays.com\/fr\/wp-json\/wp\/v2\/tags?post=478711"}],"curies":[{"name":"wp","href":"https:\/\/api.w.org\/{rel}","templated":true}]}}