{"id":478717,"date":"2025-10-21T05:24:54","date_gmt":"2025-10-21T05:24:54","guid":{"rendered":"https:\/\/www.europesays.com\/fr\/478717\/"},"modified":"2025-10-21T05:24:54","modified_gmt":"2025-10-21T05:24:54","slug":"un-film-choral-inedit-donne-la-parole-aux-soulevements-de-la-terre-actualites","status":"publish","type":"post","link":"https:\/\/www.europesays.com\/fr\/478717\/","title":{"rendered":"Un film choral in\u00e9dit donne la parole aux Soul\u00e8vements de la Terre : Actualit\u00e9s"},"content":{"rendered":"<p class=\"lead \">De Sainte-Soline \u00e0 l&rsquo;autoroute A69, les mobilisations des Soul\u00e8vements de la Terre secouent r\u00e9guli\u00e8rement l&rsquo;actualit\u00e9: loin de ces \u00e9pisodes paroxystiques, un documentaire pr\u00e9sent\u00e9 dans un festival toulousain, donne pour la premi\u00e8re fois longuement la parole \u00e0 ces militants \u00e9cologistes.<\/p>\n<p class=\"lead \">\u00ab\u00a0Soul\u00e8vements\u00a0\u00bb, film d&rsquo;1h45 du r\u00e9alisateur Thomas Lacoste, retra\u00e7ant seize parcours pour autant d&rsquo;entretiens au long cours, \u00e9tait programm\u00e9 au Festival international du film d&rsquo;Environnement, dimanche \u00e0 Toulouse.<\/p>\n<p class=\"lead \">\u00ab\u00a0Cela serait une faute de ne pas programmer un film comme +Soul\u00e8vements+\u00a0\u00bb, a expliqu\u00e9 \u00e0 l&rsquo;AFP Antonin Haddad, le directeur du festival qui f\u00eate ses quinze ans d&rsquo;existence, y voyant \u00ab\u00a0un des films de l&rsquo;ann\u00e9e\u00a0\u00bb, susceptible de \u00ab\u00a0cr\u00e9er des espaces d&rsquo;\u00e9changes et de d\u00e9bats\u00a0\u00bb.<\/p>\n<p class=\"lead \">S&rsquo;il se d\u00e9fend d&rsquo;avoir r\u00e9alis\u00e9 un film militant, le r\u00e9alisateur, ext\u00e9rieur au mouvement, assume, un \u00ab\u00a0film assur\u00e9ment politique\u00a0\u00bb, dont l&rsquo;id\u00e9e prend sa source en 2023, ann\u00e9e marqu\u00e9e en mars par les violents affrontements entre militants et forces de l&rsquo;ordre autour des m\u00e9gabassines, par la tentative avort\u00e9e de dissolution du mouvement et l&rsquo;\u00e9mergence du qualificatif d'\u00a0\u00bb\u00e9coterroristes\u00a0\u00bb.<\/p>\n<p class=\"lead \">\u00ab\u00a0L\u00e0, je me dis qu&rsquo;il ne faut pas laisser faire et qu&rsquo;\u00e0 minima, il faut s&rsquo;interroger: comment un \u00c9tat peut-il criminaliser sa jeunesse pour les efforts qu&rsquo;elle d\u00e9ploie afin d&rsquo;inverser le funeste cours des choses ?\u00a0\u00bb, a expliqu\u00e9 \u00e0 l&rsquo;AFP M. Lacoste.<\/p>\n<p class=\"lead \">&#8211; \u00ab\u00a0Attachement sensible\u00a0\u00bb &#8211;<\/p>\n<p class=\"lead \">En r\u00e9ponse \u00e0 cette \u00ab\u00a0criminalisation\u00a0\u00bb, les Soul\u00e8vements sont attach\u00e9s \u00e0 un certain anonymat, ce qui a pouss\u00e9 le cin\u00e9aste \u00e0 trouver les ingr\u00e9dients pour \u00ab\u00a0\u00e9tablir un rapport de confiance suffisant\u00a0\u00bb, comme il avait pu le faire dans un autre projet portant sur l&rsquo;histoire du conflit au Pays basque.<\/p>\n<p class=\"lead \">\u00ab\u00a0Tr\u00e8s vite, on s&rsquo;est mis d&rsquo;accord sur l&rsquo;objet, c&rsquo;est-\u00e0-dire de faire un film \u00e0 la fois r\u00e9flexif et sensible\u00a0\u00bb, raconte-t-il, \u00e9voquant d&rsquo;autres points \u00ab\u00a0plus \u00e9l\u00e9mentaires\u00a0\u00bb mais \u00ab\u00a0hyper importants\u00a0\u00bb: \u00ab\u00a0anonymiser les lieux, les personnes qui parlent\u00a0\u00bb et \u00ab\u00a0ne pas entrer dans l&rsquo;organigramme du mouvement\u00a0\u00bb.<\/p>\n<p class=\"lead \">\u00ab\u00a0On a d\u00e9cid\u00e9 de faire confiance\u00a0\u00bb, a expliqu\u00e9 \u00e0 l&rsquo;AFP Martin Fraysse, membre des Soul\u00e8vements de la Terre et l&rsquo;un des organisateurs du dernier rassemblement anti-A69 dans le Tarn, d\u00e9but juillet.<\/p>\n<p class=\"lead \">\u00ab\u00a0Au-del\u00e0 de la possible mise en danger de se montrer [&#8230;], il y a quelque chose d&rsquo;important dans raconter l&rsquo;attachement sensible \u00e0 la terre et au vivant\u00a0\u00bb, a pr\u00e9cis\u00e9 l&rsquo;un des seize visages du film, lors d&rsquo;une des projections du film.<\/p>\n<p class=\"lead \">\u00ab\u00a0Le film prend soin de donner suffisamment de rep\u00e8res aux regardants pour savoir o\u00f9 on est et de quoi on parle\u00a0\u00bb, souligne encore le r\u00e9alisateur qui a voulu dresser une \u00ab\u00a0esp\u00e8ce de g\u00e9ographie \u00e0 la fois humaine et des luttes\u00a0\u00bb, dont certaines sont moins visibles que d&rsquo;autres. <\/p>\n<p class=\"lead \">&#8211; \u00ab\u00a0Filmer la pens\u00e9e\u00a0\u00bb &#8211;<\/p>\n<p class=\"lead \">A l&rsquo;image de celle contre les retenues collinaires de La Clusaz, destin\u00e9es \u00e0 alimenter les canons \u00e0 neige de cette station alpine, qui donne lieu \u00e0 une s\u00e9quence d&rsquo;entretien \u00e9mouvante entre une jeune militante de la \u00ab\u00a0CluZAD\u00a0\u00bb et le p\u00e8re de sa meilleure amie engag\u00e9e dans la m\u00eame lutte, \u00e9mu et fier du combat des jeunes femmes.<\/p>\n<p class=\"lead \">A cela, s&rsquo;ajoute un \u00ab\u00a0pari cin\u00e9matographique\u00a0\u00bb: \u00ab\u00a0filmer la pens\u00e9e, donc la parole, ce n&rsquo;est pas forc\u00e9ment le plus ais\u00e9\u00a0\u00bb, confie le r\u00e9alisateur. Mais la longueur des interviews permettent, selon lui, de sortir \u00ab\u00a0le protagoniste de tout r\u00e9citatif militant, de tout didactisme\u00a0\u00bb.<\/p>\n<p class=\"lead \">Les prises de parole sont entrecoup\u00e9es de plans d&rsquo;animaux, de paysages et parfois m\u00eame de chants. Des respirations qu&rsquo;il a d\u00e9cid\u00e9 de filmer avec \u00ab\u00a0la m\u00eame attention\u00a0\u00bb, que ce soit \u00ab\u00a0une vache, un cheval ou une paysanne\u00a0\u00bb.<\/p>\n<p class=\"lead \">\u00ab\u00a0J&rsquo;esp\u00e8re que l&rsquo;int\u00e9grit\u00e9 et la dignit\u00e9 des visages saura vous toucher comme elles nous ont boulevers\u00e9s \u00e0 leur rencontre\u00a0\u00bb, s&rsquo;est \u00e9mu Thomas Lacoste, devant quelque 300 spectateurs, en majorit\u00e9 des jeunes.<\/p>\n<p class=\"lead \">Parmi eux, plusieurs avaient particip\u00e9 au mouvement contre le projet d&rsquo;autoroute entre Toulouse et Castres.<\/p>\n<p class=\"lead \">\u00ab\u00a0Le film tient en son c\u0153ur le +pourquoi+ de ce mouvement\u00a0\u00bb, il \u00ab\u00a0humanise celles et ceux qu&rsquo;on a appel\u00e9 +les \u00e9coterroristes+\u00a0\u00bb, estime Virginie, une \u00e9ducatrice sp\u00e9cialis\u00e9e. Pour Oc\u00e9ane, \u00e9tudiante en Sciences sociales, \u00ab\u00a0\u00e7a donne envie de soutenir de diff\u00e9rentes mani\u00e8res\u00a0\u00bb.<\/p>\n<p class=\"lead \">Si la salle pleine et les discussions suscit\u00e9es par le film \u00ab\u00a0donnent de l&rsquo;espoir\u00a0\u00bb, souligne le directeur du festival, Antonin Haddad, elles \u00ab\u00a0nous attristent aussi. Si cela marche aussi bien, c&rsquo;est qu&rsquo;il y a un \u00e9norme trou \u00e0 combler dans l&rsquo;\u00e9ducation citoyenne \u00e0 l&rsquo;\u00e9cologie\u00a0\u00bb.<\/p>\n<p class=\"lead \">\u00ab\u00a0Soul\u00e8vements\u00a0\u00bb doit sortir en salles le 11 f\u00e9vrier.<\/p>\n<p class=\"small font-weight-bold text-gray3 \"> publi\u00e9 le 20 octobre \u00e0 15h13, AFP<\/p>\n<p>                             Partager<\/p>\n","protected":false},"excerpt":{"rendered":"De Sainte-Soline \u00e0 l&rsquo;autoroute A69, les mobilisations des Soul\u00e8vements de la Terre secouent r\u00e9guli\u00e8rement l&rsquo;actualit\u00e9: loin de ces&hellip;\n","protected":false},"author":2,"featured_media":478718,"comment_status":"","ping_status":"","sticky":false,"template":"","format":"standard","meta":{"footnotes":""},"categories":[1354],"tags":[1972,58,59,436,849,1346,1011,27,2088,1360,316],"class_list":{"0":"post-478717","1":"post","2":"type-post","3":"status-publish","4":"format-standard","5":"has-post-thumbnail","7":"category-films","8":"tag-cinma","9":"tag-divertissement","10":"tag-entertainment","11":"tag-environnement","12":"tag-festival","13":"tag-films","14":"tag-fr","15":"tag-france","16":"tag-manifestation","17":"tag-movies","18":"tag-politique"},"share_on_mastodon":{"url":"https:\/\/pubeurope.com\/@fr\/115410496556515333","error":""},"_links":{"self":[{"href":"https:\/\/www.europesays.com\/fr\/wp-json\/wp\/v2\/posts\/478717","targetHints":{"allow":["GET"]}}],"collection":[{"href":"https:\/\/www.europesays.com\/fr\/wp-json\/wp\/v2\/posts"}],"about":[{"href":"https:\/\/www.europesays.com\/fr\/wp-json\/wp\/v2\/types\/post"}],"author":[{"embeddable":true,"href":"https:\/\/www.europesays.com\/fr\/wp-json\/wp\/v2\/users\/2"}],"replies":[{"embeddable":true,"href":"https:\/\/www.europesays.com\/fr\/wp-json\/wp\/v2\/comments?post=478717"}],"version-history":[{"count":0,"href":"https:\/\/www.europesays.com\/fr\/wp-json\/wp\/v2\/posts\/478717\/revisions"}],"wp:featuredmedia":[{"embeddable":true,"href":"https:\/\/www.europesays.com\/fr\/wp-json\/wp\/v2\/media\/478718"}],"wp:attachment":[{"href":"https:\/\/www.europesays.com\/fr\/wp-json\/wp\/v2\/media?parent=478717"}],"wp:term":[{"taxonomy":"category","embeddable":true,"href":"https:\/\/www.europesays.com\/fr\/wp-json\/wp\/v2\/categories?post=478717"},{"taxonomy":"post_tag","embeddable":true,"href":"https:\/\/www.europesays.com\/fr\/wp-json\/wp\/v2\/tags?post=478717"}],"curies":[{"name":"wp","href":"https:\/\/api.w.org\/{rel}","templated":true}]}}