{"id":478730,"date":"2025-10-21T05:32:11","date_gmt":"2025-10-21T05:32:11","guid":{"rendered":"https:\/\/www.europesays.com\/fr\/478730\/"},"modified":"2025-10-21T05:32:11","modified_gmt":"2025-10-21T05:32:11","slug":"lancien-president-attendu-a-la-prison-de-la-sante-dans-la-matinee","status":"publish","type":"post","link":"https:\/\/www.europesays.com\/fr\/478730\/","title":{"rendered":"L\u2019ancien pr\u00e9sident attendu \u00e0 la prison de la Sant\u00e9 dans la matin\u00e9e\u2026"},"content":{"rendered":"<p>Deux promenades par jour<\/p>\n<p>On en sait plus sur les conditions d\u2019incarc\u00e9ration de l\u2019ancien pr\u00e9sident de la R\u00e9publique. Nicolas Sarkozy sera \u00ab\u00a0incarc\u00e9r\u00e9 au sein du quartier d\u2019isolement de la prison de la Sant\u00e9, l\u2019un des plus s\u00e9curis\u00e9s de France\u00a0\u00bb, a expliqu\u00e9 ce matin le directeur de la prison, S\u00e9bastien Cauwel, sur <a href=\"https:\/\/www.rtl.fr\/actu\/politique\/en-direct-nicolas-sarkozy-incarcere-a-la-prison-de-la-sante-ses-proches-appellent-a-un-rassemblement-a-8h30-7900555514#68f709862657352a0e5abdf6\" rel=\"nofollow noopener\" target=\"_blank\" class=\"c-link c-link--is-underlined\">RTL<\/a>.<\/p>\n<p>\u00ab\u00a0Cela veut dire qu\u2019il sera seul en cellule, qu\u2019il aura acc\u00e8s aux cours de promenade toujours seul, deux fois par jour, qu\u2019il aura acc\u00e8s \u00e0 une salle d\u2019activit\u00e9 seul, et qu\u2019effectivement, en cellule, il sera toujours seul\u00a0\u00bb, a-t-il pr\u00e9cis\u00e9.<\/p>\n<p>Sur quoi se basera une \u00e9ventuelle remise en libert\u00e9\u00a0?<\/p>\n<p>La demande de mise en libert\u00e9 de Nicolas Sarkozy ne sera pas examin\u00e9e \u00e0 l\u2019aune des m\u00eames crit\u00e8res que le mandat de d\u00e9p\u00f4t. Exit le trouble \u00e0 l\u2019ordre public et l&rsquo;\u00ab\u00a0exceptionnelle gravit\u00e9\u00a0\u00bb des faits. Redevenu pr\u00e9sum\u00e9 innocent, il ne pourra \u00eatre maintenu en d\u00e9tention que si c\u2019est l&rsquo;\u00ab\u00a0unique moyen\u00a0\u00bb d\u2019emp\u00eacher des pressions, une fuite ou une r\u00e9cidive, des interactions avec des complices, ou bien d\u2019assurer sa s\u00e9curit\u00e9. Sinon, il devra \u00eatre remis en libert\u00e9, le cas \u00e9ch\u00e9ant en l\u2019assignant \u00e0 r\u00e9sidence avec un bracelet.<\/p>\n<p>Une rencontre avec Macron vendredi dernier<\/p>\n<p>Vendredi, Emmanuel Macron a re\u00e7u Nicolas Sarkozy\u00a0: \u00ab\u00a0J\u2019ai eu des propos publics toujours tr\u00e8s clairs sur l\u2019ind\u00e9pendance de l\u2019autorit\u00e9 judiciaire dans le r\u00f4le qui est le mien. Mais il \u00e9tait normal que sur le plan humain, je re\u00e7oive un de mes pr\u00e9d\u00e9cesseurs, dans ce contexte\u00a0\u00bb, s\u2019est-il justifi\u00e9 lundi.<\/p>\n<p>Ses avocats s\u2019appr\u00eatent \u00e0 d\u00e9poser une demande de lib\u00e9ration<\/p>\n<p>D\u00e8s que Nicolas Sarkozy aura \u00e9t\u00e9 \u00e9crou\u00e9 \u00e0 la prison de la Sant\u00e9, autour de laquelle un important dispositif de s\u00e9curit\u00e9 doit \u00eatre d\u00e9ploy\u00e9, ses avocats d\u00e9poseront une demande de mise en libert\u00e9. La justice aura deux mois pour trancher, m\u00eame si le d\u00e9lai devrait \u00eatre plus court.<\/p>\n<p>Appel \u00e0 un rassemblement de soutien<\/p>\n<p>Sa famille a appel\u00e9 \u00e0 un rassemblement de soutien quand l\u2019ancien pr\u00e9sident (2007-2012) quittera son domicile de l\u2019ouest parisien. Une noria de cam\u00e9ras et de photographes s\u2019efforcera de suivre son trajet vers l\u2019unique prison parisienne.<\/p>\n<p>Une incarc\u00e9ration pr\u00e9vue dans la matin\u00e9e<\/p>\n<p>L\u2019ancien pr\u00e9sident de la R\u00e9publique est attendu en milieu de matin\u00e9e dans la prison parisienne de la Sant\u00e9 pour y \u00eatre incarc\u00e9r\u00e9.<\/p>\n<p>Nicolas Sarkozy se voit entre Dreyfus et le Comte de Monte-Cristo<\/p>\n<p>Lors du verdict en septembre, Nicolas Sarkozy avait fustig\u00e9 une \u00ab\u00a0injustice\u00a0\u00bb et \u00ab\u00a0la haine\u00a0\u00bb dont le poursuivraient certains magistrats. Il s\u2019est aussi compar\u00e9 \u00e0 Alfred Dreyfus, l\u2019officier envoy\u00e9 sur l\u2019\u00eele du Diable pour trahison sur la foi d\u2019un faux document et sur fond d\u2019antis\u00e9mitisme d\u00e9brid\u00e9.<\/p>\n<p>Il a aussi confi\u00e9 au Figaro qu\u2019il entrerait \u00e0 la Sant\u00e9 \u00ab\u00a0la t\u00eate haute\u00a0\u00bb et muni d\u2019une biographie de J\u00e9sus et du roman Le Comte de Monte-Cristo, l\u2019innocent injustement condamn\u00e9 le plus c\u00e9l\u00e8bre de la litt\u00e9rature fran\u00e7aise.<\/p>\n<p>Une condamnation \u00e0 cinq ans de prison<\/p>\n<p>Le 25 septembre, le tribunal correctionnel de Paris avait condamn\u00e9 Nicolas Sarkozy \u00e0 cinq ans de prison. Il a \u00e9t\u00e9 reconnu coupable d\u2019avoir, en toute connaissance de cause, laiss\u00e9 ses collaborateurs Claude Gu\u00e9ant et Brice Hortefeux rencontrer \u00e0 Tripoli un dignitaire du r\u00e9gime de Mouammar Kadhafi pour discuter d\u2019un financement occulte de sa campagne pr\u00e9sidentielle de\u00a02007. L\u2019ancien chef de l\u2019Etat a fait appel et se dit innocent.<\/p>\n<p>Plus encore que cette lourde condamnation, c\u2019est le mandat de d\u00e9p\u00f4t qui avait suscit\u00e9 la stupeur. Pour les juges, il est justifi\u00e9 par la \u00ab\u00a0gravit\u00e9 exceptionnelle\u00a0\u00bb de faits \u00ab\u00a0de nature \u00e0 alt\u00e9rer la confiance des citoyens dans ceux qui les repr\u00e9sentent et sont cens\u00e9s agir dans le sens de l\u2019int\u00e9r\u00eat g\u00e9n\u00e9ral\u00a0\u00bb.<\/p>\n<p>Bienvenue dans ce Live<\/p>\n<p>Bonjour \u00e0 toutes et \u00e0 tous. Pour la premi\u00e8re fois ce mardi, un ancien chef d\u2019Etat de la R\u00e9publique fran\u00e7aise ou de l\u2019Union europ\u00e9enne va aller en prison et ce sera dans celle de la Sant\u00e9 \u00e0 Paris. Pr\u00e8s d\u2019un mois apr\u00e8s sa condamnation pour association de malfaiteurs au proc\u00e8s libyen, Nicolas Sarkozy va en effet \u00eatre incarc\u00e9r\u00e9. La r\u00e9daction de 20 Minutes se mobilise donc pour vous faire suivre cette journ\u00e9e judiciaire in\u00e9dite.<\/p>\n","protected":false},"excerpt":{"rendered":"Deux promenades par jour On en sait plus sur les conditions d\u2019incarc\u00e9ration de l\u2019ancien pr\u00e9sident de la R\u00e9publique.&hellip;\n","protected":false},"author":2,"featured_media":478731,"comment_status":"","ping_status":"","sticky":false,"template":"","format":"standard","meta":{"footnotes":""},"categories":[4],"tags":[47,11,1011,27,662,303,4367,8168,12,3091,626,316,806,25,133],"class_list":{"0":"post-478730","1":"post","2":"type-post","3":"status-publish","4":"format-standard","5":"has-post-thumbnail","7":"category-france","8":"tag-actualite","9":"tag-actualites","10":"tag-fr","11":"tag-france","12":"tag-ile-de-france","13":"tag-justice","14":"tag-libye","15":"tag-mouammar-kadhafi","16":"tag-news","17":"tag-nicolas-sarkozy","18":"tag-paris","19":"tag-politique","20":"tag-prison","21":"tag-republique-francaise","22":"tag-video"},"share_on_mastodon":{"url":"https:\/\/pubeurope.com\/@fr\/115410524158800875","error":""},"_links":{"self":[{"href":"https:\/\/www.europesays.com\/fr\/wp-json\/wp\/v2\/posts\/478730","targetHints":{"allow":["GET"]}}],"collection":[{"href":"https:\/\/www.europesays.com\/fr\/wp-json\/wp\/v2\/posts"}],"about":[{"href":"https:\/\/www.europesays.com\/fr\/wp-json\/wp\/v2\/types\/post"}],"author":[{"embeddable":true,"href":"https:\/\/www.europesays.com\/fr\/wp-json\/wp\/v2\/users\/2"}],"replies":[{"embeddable":true,"href":"https:\/\/www.europesays.com\/fr\/wp-json\/wp\/v2\/comments?post=478730"}],"version-history":[{"count":0,"href":"https:\/\/www.europesays.com\/fr\/wp-json\/wp\/v2\/posts\/478730\/revisions"}],"wp:featuredmedia":[{"embeddable":true,"href":"https:\/\/www.europesays.com\/fr\/wp-json\/wp\/v2\/media\/478731"}],"wp:attachment":[{"href":"https:\/\/www.europesays.com\/fr\/wp-json\/wp\/v2\/media?parent=478730"}],"wp:term":[{"taxonomy":"category","embeddable":true,"href":"https:\/\/www.europesays.com\/fr\/wp-json\/wp\/v2\/categories?post=478730"},{"taxonomy":"post_tag","embeddable":true,"href":"https:\/\/www.europesays.com\/fr\/wp-json\/wp\/v2\/tags?post=478730"}],"curies":[{"name":"wp","href":"https:\/\/api.w.org\/{rel}","templated":true}]}}