{"id":478732,"date":"2025-10-21T05:33:11","date_gmt":"2025-10-21T05:33:11","guid":{"rendered":"https:\/\/www.europesays.com\/fr\/478732\/"},"modified":"2025-10-21T05:33:11","modified_gmt":"2025-10-21T05:33:11","slug":"en-direct-nicolas-sarkozy-incarcere-ce-mardi-matin-a-la-prison-de-la-sante-un-rassemblement-de-soutien-organise-par-sa-famille","status":"publish","type":"post","link":"https:\/\/www.europesays.com\/fr\/478732\/","title":{"rendered":"EN DIRECT &#8211; Nicolas Sarkozy incarc\u00e9r\u00e9 ce mardi matin \u00e0 la prison de la Sant\u00e9, un rassemblement de soutien organis\u00e9 par sa famille"},"content":{"rendered":"<p class=\"fig-paragraph\"><a href=\"http:\/\/www.lefigaro.fr\/nice\/municipales-2026-pourquoi-louis-sarkozy-a-annonce-sa-candidature-a-menton-en-meme-temps-que-la-chute-de-francois-bayrou-20250909\" target=\"_blank\" data-fig-type=\"NewsFlash\" rel=\"noopener\" data-gtm-custom-categorie=\"navigation\" data-gtm-custom-action=\"crossclick\" data-gtm-custom-label=\"Contextuel\" data-gtm-event=\"customEventSPE\" data-fig-domain=\"LEFIGARO\">Louis Sarkozy<\/a>, 28 ans, avait publi\u00e9 samedi 18 octobre un message sur X appelant les soutiens de son p\u00e8re \u00e0 venir manifester leur amiti\u00e9 ce mardi,\u00a0<a href=\"http:\/\/www.lefigaro.fr\/actualite-france\/nicolas-sarkozy-le-deroule-d-une-incarceration-tres-mediatisee-20251020\" data-fig-type=\"Article\" data-gtm-custom-categorie=\"navigation\" data-gtm-custom-action=\"crossclick\" data-gtm-custom-label=\"Contextuel\" data-gtm-event=\"customEventSPE\" data-fig-domain=\"LEFIGARO\" target=\"_blank\" rel=\"noopener\">jour de son incarc\u00e9ration<\/a>. Le message, accompagn\u00e9 d\u2019un montage vid\u00e9o sur\u00a0<a href=\"http:\/\/www.lefigaro.fr\/vox\/politique\/l-editorial-de-vincent-tremolet-de-villers-nicolas-sarkozy-en-prison-la-faute-de-l-autorite-judiciaire-20251020\" data-fig-type=\"Article\" data-gtm-custom-categorie=\"navigation\" data-gtm-custom-action=\"crossclick\" data-gtm-custom-label=\"Contextuel\" data-gtm-event=\"customEventSPE\" data-fig-domain=\"LEFIGARO\" target=\"_blank\" rel=\"noopener\">Nicolas Sarkozy<\/a>, s\u2019ach\u00e8ve sur ces mots\u00a0:\u00a0\u00abLa fin de l\u2019histoire n\u2019est pas \u00e9crite.\u00bb<\/p>\n<p class=\"fig-paragraph\">Pierre Sarkozy a lui aussi publi\u00e9 un message donnant ce rendez-vous, appelant \u00e0 venir\u00a0\u00abpar amour. Rien d\u2019autre s\u2019il vous pla\u00eet. Seul l\u2019amour porte\u00bb.<\/p>\n<p class=\"fig-paragraph\">Le rendez-vous est donn\u00e9 \u00e0 8h30, \u00e0 l\u2019angle de la rue Pierre Gu\u00e9rin avec la rue de la Source, devant la Villa Montmorency, quartier r\u00e9sidentiel priv\u00e9 du 16e arrondissement o\u00f9 r\u00e9side l\u2019ancien pr\u00e9sident.<\/p>\n","protected":false},"excerpt":{"rendered":"Louis Sarkozy, 28 ans, avait publi\u00e9 samedi 18 octobre un message sur X appelant les soutiens de son&hellip;\n","protected":false},"author":2,"featured_media":478733,"comment_status":"","ping_status":"","sticky":false,"template":"","format":"standard","meta":{"footnotes":""},"categories":[2],"tags":[47,1058,1054,1059,1060,1055,11,1057,118,1011,27,1061,24851,303,12,3091,1062,806,656,104,1056,809],"class_list":{"0":"post-478732","1":"post","2":"type-post","3":"status-publish","4":"format-standard","5":"has-post-thumbnail","7":"category-actualites","8":"tag-actualite","9":"tag-actualite-education","10":"tag-actualite-france","11":"tag-actualite-justice","12":"tag-actualite-securite","13":"tag-actualite-societe","14":"tag-actualites","15":"tag-education","16":"tag-faits-divers","17":"tag-fr","18":"tag-france","19":"tag-immigration","20":"tag-incarceration","21":"tag-justice","22":"tag-news","23":"tag-nicolas-sarkozy","24":"tag-polemique","25":"tag-prison","26":"tag-securite","27":"tag-societe","28":"tag-societe-francaise","29":"tag-violence"},"share_on_mastodon":{"url":"https:\/\/pubeurope.com\/@fr\/115410528104660356","error":""},"_links":{"self":[{"href":"https:\/\/www.europesays.com\/fr\/wp-json\/wp\/v2\/posts\/478732","targetHints":{"allow":["GET"]}}],"collection":[{"href":"https:\/\/www.europesays.com\/fr\/wp-json\/wp\/v2\/posts"}],"about":[{"href":"https:\/\/www.europesays.com\/fr\/wp-json\/wp\/v2\/types\/post"}],"author":[{"embeddable":true,"href":"https:\/\/www.europesays.com\/fr\/wp-json\/wp\/v2\/users\/2"}],"replies":[{"embeddable":true,"href":"https:\/\/www.europesays.com\/fr\/wp-json\/wp\/v2\/comments?post=478732"}],"version-history":[{"count":0,"href":"https:\/\/www.europesays.com\/fr\/wp-json\/wp\/v2\/posts\/478732\/revisions"}],"wp:featuredmedia":[{"embeddable":true,"href":"https:\/\/www.europesays.com\/fr\/wp-json\/wp\/v2\/media\/478733"}],"wp:attachment":[{"href":"https:\/\/www.europesays.com\/fr\/wp-json\/wp\/v2\/media?parent=478732"}],"wp:term":[{"taxonomy":"category","embeddable":true,"href":"https:\/\/www.europesays.com\/fr\/wp-json\/wp\/v2\/categories?post=478732"},{"taxonomy":"post_tag","embeddable":true,"href":"https:\/\/www.europesays.com\/fr\/wp-json\/wp\/v2\/tags?post=478732"}],"curies":[{"name":"wp","href":"https:\/\/api.w.org\/{rel}","templated":true}]}}