{"id":478734,"date":"2025-10-21T05:34:13","date_gmt":"2025-10-21T05:34:13","guid":{"rendered":"https:\/\/www.europesays.com\/fr\/478734\/"},"modified":"2025-10-21T05:34:13","modified_gmt":"2025-10-21T05:34:13","slug":"un-parcours-raccourci-pour-les-aides-soignants-a-lifsi-de-saint-chamond","status":"publish","type":"post","link":"https:\/\/www.europesays.com\/fr\/478734\/","title":{"rendered":"un parcours raccourci pour les aides-soignants \u00e0 l\u2019Ifsi de Saint-Chamond"},"content":{"rendered":"<p>Alors que les besoins ne feront qu\u2019augmenter ces prochaines ann\u00e9es, avec le vieillissement de la population, les \u00e9tablissements de sant\u00e9 peinent \u00e0 recruter certains m\u00e9tiers, et notamment du personnel infirmier qualifi\u00e9. Au centre hospitalier du Gier par exemple, des offres d\u2019emploi sont propos\u00e9es en permanence en ligne, que ce soit pour l\u2019h\u00f4pital ou l\u2019Ehpad.<\/p>\n<p>\u00ab\u00a0Ce sont des m\u00e9tiers que l\u2019on retrouve dans tout le parcours de soins. Et quand il y a un besoin, il est n\u00e9cessaire de recruter rapidement pour le bon fonctionnement des services\u00a0\u00bb, souligne la directrice de l\u2019Institut de formation en soins infirmiers (Ifsi) de Saint-Chamond, Nathalie Giraudet.<\/p>\n<p>Dix \u00e0 quinze places maximum<\/p>\n<p>Aussi, face \u00e0 <a href=\"https:\/\/www.leprogres.fr\/sante\/2025\/10\/04\/metiers-du-soin-et-de-la-sante-quels-sont-les-besoins-dans-les-regions-de-l-est-de-la-france\" target=\"_blank\" rel=\"nofollow noopener\">cett&#8230;<\/a><\/p>\n","protected":false},"excerpt":{"rendered":"Alors que les besoins ne feront qu\u2019augmenter ces prochaines ann\u00e9es, avec le vieillissement de la population, les \u00e9tablissements&hellip;\n","protected":false},"author":2,"featured_media":478735,"comment_status":"","ping_status":"","sticky":false,"template":"","format":"standard","meta":{"footnotes":""},"categories":[9653],"tags":[1111,11,2430,7539,1057,341,1777,674,5016,1011,27,3367,12,25,9669,9670,4001,71,801],"class_list":{"0":"post-478734","1":"post","2":"type-post","3":"status-publish","4":"format-standard","5":"has-post-thumbnail","7":"category-saint-etienne","8":"tag-actu","9":"tag-actualites","10":"tag-auvergne-rhone-alpes","11":"tag-edition-loire-sud","12":"tag-education","13":"tag-emploi","14":"tag-eu","15":"tag-europe","16":"tag-formation-orientation","17":"tag-fr","18":"tag-france","19":"tag-loire","20":"tag-news","21":"tag-republique-francaise","22":"tag-saint-chamond","23":"tag-saint-chamond-ville","24":"tag-saint-etienne","25":"tag-sante","26":"tag-social"},"share_on_mastodon":{"url":"https:\/\/pubeurope.com\/@fr\/115410532081513504","error":""},"_links":{"self":[{"href":"https:\/\/www.europesays.com\/fr\/wp-json\/wp\/v2\/posts\/478734","targetHints":{"allow":["GET"]}}],"collection":[{"href":"https:\/\/www.europesays.com\/fr\/wp-json\/wp\/v2\/posts"}],"about":[{"href":"https:\/\/www.europesays.com\/fr\/wp-json\/wp\/v2\/types\/post"}],"author":[{"embeddable":true,"href":"https:\/\/www.europesays.com\/fr\/wp-json\/wp\/v2\/users\/2"}],"replies":[{"embeddable":true,"href":"https:\/\/www.europesays.com\/fr\/wp-json\/wp\/v2\/comments?post=478734"}],"version-history":[{"count":0,"href":"https:\/\/www.europesays.com\/fr\/wp-json\/wp\/v2\/posts\/478734\/revisions"}],"wp:featuredmedia":[{"embeddable":true,"href":"https:\/\/www.europesays.com\/fr\/wp-json\/wp\/v2\/media\/478735"}],"wp:attachment":[{"href":"https:\/\/www.europesays.com\/fr\/wp-json\/wp\/v2\/media?parent=478734"}],"wp:term":[{"taxonomy":"category","embeddable":true,"href":"https:\/\/www.europesays.com\/fr\/wp-json\/wp\/v2\/categories?post=478734"},{"taxonomy":"post_tag","embeddable":true,"href":"https:\/\/www.europesays.com\/fr\/wp-json\/wp\/v2\/tags?post=478734"}],"curies":[{"name":"wp","href":"https:\/\/api.w.org\/{rel}","templated":true}]}}