{"id":478736,"date":"2025-10-21T05:35:11","date_gmt":"2025-10-21T05:35:11","guid":{"rendered":"https:\/\/www.europesays.com\/fr\/478736\/"},"modified":"2025-10-21T05:35:11","modified_gmt":"2025-10-21T05:35:11","slug":"saint-etienne-ce-cirque-installe-illegalement-provoque-une-colere-noire-il-faut-en-finir","status":"publish","type":"post","link":"https:\/\/www.europesays.com\/fr\/478736\/","title":{"rendered":"Saint-\u00c9tienne. Ce cirque install\u00e9 ill\u00e9galement provoque une col\u00e8re noire : \u00ab\u00a0Il faut en finir\u00a0\u00bb"},"content":{"rendered":"<p>            Par<br \/>\n        <strong><br \/>\n            <a href=\"https:\/\/actu.fr\/auteur\/julien-sournies\" title=\"Consulter tous les articles de Julien Sournies\" target=\"_blank\" rel=\"noopener\">Julien Sournies<\/a><br \/>\n        <\/strong><\/p>\n<p>        Publi\u00e9 le<\/p>\n<p>            21 oct. 2025 \u00e0 6h36        <\/p>\n<p>Le <strong>cirque Crone<\/strong> continue de d\u00e9frayer la chronique dans la <a href=\"https:\/\/actu.fr\/auvergne-rhone-alpes\/loire_42\" target=\"_blank\" rel=\"noopener\">Loire<\/a>. Apr\u00e8s avoir pris ses quartiers sans autorisation pr\u00e9alable sur des terrains priv\u00e9s des communes de Saint-Priest-en-Jarez et <a href=\"https:\/\/actu.fr\/auvergne-rhone-alpes\/andrezieux-boutheon_42005\/loire-un-cirque-s-installe-illegalement-dans-cette-commune-le-maire-voit-rouge_63260516.html\" target=\"_blank\" rel=\"noopener\">Andr\u00e9zieux-Bouth\u00e9on<\/a>, le fameux cirque a derni\u00e8rement domicili\u00e9 ses chapiteaux et ses multiples animaux \u00e0 <a href=\"https:\/\/actu.fr\/auvergne-rhone-alpes\/saint-etienne_42218\" target=\"_blank\" rel=\"noopener\">Saint-\u00c9tienne<\/a>, \u00e0 proximit\u00e9 du centre commercial Auchan Monthieu.<\/p>\n<p class=\" wall-content\">Outre une installation ill\u00e9gale fortement d\u00e9cri\u00e9e, la <strong>pr\u00e9sence d\u2019animaux<\/strong> au sein du cirque fait par ailleurs pol\u00e9mique.<\/p>\n<p>    <a href=\"https:\/\/www.google.com\/maps\/embed?pb=!1m18!1m12!1m3!1d2008.454278033462!2d4.416515888854977!3d45.44073600000001!2m3!1f0!2f0!3f0!3m2!1i1024!2i768!4f13.1!3m3!1m2!1s0x47f5ab000114b787%3A0xe322373abb9718cf!2sAuchan%20Hypermarch%C3%A9%20Monthieu!5e1!3m2!1sfr!2sfr!4v1760971288958!5m2!1sfr!2sfr\" title=\"Ouvrie le lien\" target=\"_blank\" rel=\"noopener\">Cliquez ici pour visualiser le contenu<\/a><\/p>\n<p>\u00ab\u2009Les animaux ne sont pas des clowns\u2009\u00bb<\/p>\n<p class=\" wall-content\">Dans un communiqu\u00e9 envoy\u00e9 aux r\u00e9dactions, l\u2019association Projet Animaux Zoopolis (Paz) d\u00e9nonce\u2009: \u00ab\u2009Les animaux ne sont pas des clowns ni des objets de divertissement. Domestiques ou sauvages, leur place n\u2019est pas sous un chapiteau. Ils ont besoin d\u2019un environnement stable et adapt\u00e9, pas d\u2019\u00eatre trimball\u00e9s de ville en ville.\u2009\u00bb<\/p>\n<blockquote class=\"ac-article-quote wall-content\">\n<p>Il est temps d\u2019en finir avec les spectacles qui exhibent des animaux dress\u00e9s.<\/p>\n<p>    <strong>Association PAZ<\/strong>\n            <\/p><\/blockquote>\n<p class=\" wall-content\">En ce sens, l\u2019association a adress\u00e9 un courrier \u00e0 la municipalit\u00e9 st\u00e9phanoise, d\u00e9non\u00e7ant l\u2019utilisation d\u2019animaux. \u00ab\u2009Dans les cirques, les animaux sont <strong>emprisonn\u00e9s \u00e0 vie<\/strong>. \u00c0 cela s\u2019ajoute la violence du dressage, qui a pour objectif de soumettre les animaux. On constate des st\u00e9r\u00e9otypies (troubles du comportement) qui marquent un \u00e9tat d\u2019anxi\u00e9t\u00e9 chronique\u2009\u00bb, peut-on lire.<\/p>\n<blockquote class=\"ac-article-quote wall-content\">\n<p>Les fauves ont besoin de parcourir plusieurs kilom\u00e8tres par jour, qu\u2019ils soient sauvages ou captifs. Priv\u00e9s dans leurs mouvements, en cage, il est fr\u00e9quent de constater des st\u00e9r\u00e9otypies (troubles du comportement) chez les animaux sauvages captifs, preuve d\u2019un \u00e9tat d\u2019anxi\u00e9t\u00e9 chronique. Les animaux domestiques ont aussi des besoins qui ne peuvent \u00eatre remplis de mani\u00e8re ad\u00e9quate en captivit\u00e9, sur les routes.<\/p>\n<p>    <strong>Association Paz<\/strong><br \/>\n        Courrier envoy\u00e9 \u00e0 la Ville de Saint-Etienne    <\/p><\/blockquote>\n<p>Votre r\u00e9gion, votre actu !<\/p>\n<p>Recevez chaque jour les infos qui comptent pour vous.<\/p>\n<p>\t<a href=\"https:\/\/actu.fr\/newsletter\" class=\"ac-btn ac-btn--corner ac-btn--medium ac-btn--blue800\" target=\"_blank\" rel=\"noopener\">S&rsquo;incrire<\/a><br \/>\nDes futurs contr\u00f4les op\u00e9r\u00e9s dans le cadre du bien-\u00eatre animal<\/p>\n<p class=\" wall-content\">Contact\u00e9e par notre r\u00e9daction, la mairie annonce prendre le sujet \u00e0 bras-le-corps\u2009: \u00ab\u2009Le terrain n\u2019est pas municipal, mais appartient \u00e0 l\u2019\u00c9tablissement Public d\u2019Am\u00e9nagement de Saint-\u00c9tienne, qui a d\u00e9pos\u00e9 plainte \u00e0 la demande du maire, <a href=\"https:\/\/actu.fr\/tag\/gael-perdriau\" target=\"_blank\" rel=\"noopener\">Ga\u00ebl Perdriau<\/a>, en fin de semaine derni\u00e8re. Pour l\u2019affichage sauvage, la ville de Saint-Etienne adresse des proc\u00e8s-verbaux aux responsables du cirque d\u00e8s que c\u2019est constat\u00e9. La Ville proc\u00e8de aussi au nettoyage (quelque 150 affiches \u00e0 ce jour), et le co\u00fbt du nettoyage est adress\u00e9 aux responsables du cirque.\u2009\u00bb<\/p>\n<p class=\" wall-content\">La municipalit\u00e9 indique \u00e9galement avoir sollicit\u00e9 la pr\u00e9fecture de la Loire \u00ab\u2009pour que la DDPP <strong>op\u00e8re des contr\u00f4les<\/strong> dans le cadre du bien-\u00eatre animal\u2009\u00bb.<\/p>\n<p class=\" wall-content\">De son c\u00f4t\u00e9, le directeur du cirque, joint par nos soins, fait part de son incompr\u00e9hension. \u00ab\u2009Je ne comprends pas pourquoi ils nous font \u00e7a, alors qu\u2019on est dans la l\u00e9galit\u00e9\u2009\u00bb, a-t-il sobrement r\u00e9agi, avant de confirmer que le cirque fera tout pour continuer \u00e0 assurer ses spectacles dans la capitale de la Loire<strong> jusqu\u2019au 2\u00a0novembre<\/strong> prochain.<\/p>\n<p class=\" wall-content\">Personnalisez votre actualit\u00e9 en ajoutant vos villes et m\u00e9dias en favori avec <a href=\"https:\/\/moncompte.actu.fr\" title=\"D\u00e9couvez Mon Actu\" rel=\"nofollow noopener\" data-trk=\"{&quot;cta&quot;:{&quot;action&quot;:&quot;https:\\\/\\\/moncompte.actu.fr&quot;,&quot;category&quot;:&quot;mon compte&quot;,&quot;from&quot;:&quot;article footer&quot;,&quot;name&quot;:&quot;Mon actu&quot;,&quot;type&quot;:&quot;cta&quot;}}\" target=\"_blank\">Mon Actu<\/a>.<\/p>\n","protected":false},"excerpt":{"rendered":"Par Julien Sournies Publi\u00e9 le 21 oct. 2025 \u00e0 6h36 Le cirque Crone continue de d\u00e9frayer la chronique&hellip;\n","protected":false},"author":2,"featured_media":478737,"comment_status":"","ping_status":"","sticky":false,"template":"","format":"standard","meta":{"footnotes":""},"categories":[9653],"tags":[1111,11,1867,2430,5398,1777,674,1011,27,12,25,4001,104],"class_list":{"0":"post-478736","1":"post","2":"type-post","3":"status-publish","4":"format-standard","5":"has-post-thumbnail","7":"category-saint-etienne","8":"tag-actu","9":"tag-actualites","10":"tag-animaux","11":"tag-auvergne-rhone-alpes","12":"tag-cirque","13":"tag-eu","14":"tag-europe","15":"tag-fr","16":"tag-france","17":"tag-news","18":"tag-republique-francaise","19":"tag-saint-etienne","20":"tag-societe"},"share_on_mastodon":{"url":"https:\/\/pubeurope.com\/@fr\/115410535972608292","error":""},"_links":{"self":[{"href":"https:\/\/www.europesays.com\/fr\/wp-json\/wp\/v2\/posts\/478736","targetHints":{"allow":["GET"]}}],"collection":[{"href":"https:\/\/www.europesays.com\/fr\/wp-json\/wp\/v2\/posts"}],"about":[{"href":"https:\/\/www.europesays.com\/fr\/wp-json\/wp\/v2\/types\/post"}],"author":[{"embeddable":true,"href":"https:\/\/www.europesays.com\/fr\/wp-json\/wp\/v2\/users\/2"}],"replies":[{"embeddable":true,"href":"https:\/\/www.europesays.com\/fr\/wp-json\/wp\/v2\/comments?post=478736"}],"version-history":[{"count":0,"href":"https:\/\/www.europesays.com\/fr\/wp-json\/wp\/v2\/posts\/478736\/revisions"}],"wp:featuredmedia":[{"embeddable":true,"href":"https:\/\/www.europesays.com\/fr\/wp-json\/wp\/v2\/media\/478737"}],"wp:attachment":[{"href":"https:\/\/www.europesays.com\/fr\/wp-json\/wp\/v2\/media?parent=478736"}],"wp:term":[{"taxonomy":"category","embeddable":true,"href":"https:\/\/www.europesays.com\/fr\/wp-json\/wp\/v2\/categories?post=478736"},{"taxonomy":"post_tag","embeddable":true,"href":"https:\/\/www.europesays.com\/fr\/wp-json\/wp\/v2\/tags?post=478736"}],"curies":[{"name":"wp","href":"https:\/\/api.w.org\/{rel}","templated":true}]}}