{"id":478758,"date":"2025-10-21T05:49:13","date_gmt":"2025-10-21T05:49:13","guid":{"rendered":"https:\/\/www.europesays.com\/fr\/478758\/"},"modified":"2025-10-21T05:49:13","modified_gmt":"2025-10-21T05:49:13","slug":"11-000-poules-plein-air-a-sauver-de-labattoir-entre-rennes-et-saint-malo","status":"publish","type":"post","link":"https:\/\/www.europesays.com\/fr\/478758\/","title":{"rendered":"11 000 poules plein air \u00e0 sauver de l&rsquo;abattoir entre Rennes et Saint-Malo"},"content":{"rendered":"<p>            Par<br \/>\n        <strong><br \/>\n            <a href=\"https:\/\/actu.fr\/auteur\/journaliste-pm\" title=\"Consulter tous les articles de R\u00e9daction Saint-Malo\" target=\"_blank\" rel=\"noopener\">R\u00e9daction Saint-Malo<\/a><br \/>\n        <\/strong><\/p>\n<p>        Publi\u00e9 le<\/p>\n<p>            21 oct. 2025 \u00e0 6h42        <\/p>\n<p>Vendredi 24 et samedi 25 octobre 2025, l\u2019association Poule Pour Tous et un aviculteur de <a href=\"https:\/\/actu.fr\/bretagne\/pleugueneuc_35226\" target=\"_blank\" rel=\"noopener\">Pleugueneuc<\/a> (Ille-et-Vilaine) lancent un appel \u00e0 sauver pr\u00e8s de 11 000 poules pondeuses plein air.<\/p>\n<p>1 000 \u0153ufs\u00a0<\/p>\n<p class=\" wall-content\">\u00ab\u00a0Ses poules, \u00e2g\u00e9es d\u2019\u00e0 peine 18 mois, doivent partir \u00e0 l\u2019abattoir d\u00e8s ce week-end. Pourtant, elles sont en pleine sant\u00e9 et pourraient encore pondre trois ou quatre ans, soit pr\u00e8s de 1 000 \u0153ufs chacune\u00a0\u00bb, explique Thomas Dano, membre de Poule Pour Tous.<\/p>\n<p>Dans un foyer aimant<\/p>\n<p class=\" wall-content\">\u00ab\u00a0Ces poules ont simplement termin\u00e9 leur premier cycle de ponte. Nous refusons de les voir dispara\u00eetre inutilement. Nous lan\u00e7ons donc un sauvetage d\u2019urgence pour leur offrir une seconde vie dans un foyer aimant\u00a0\u00bb.<\/p>\n<p class=\" wall-content\">La vente aura lieu vendredi et samedi, de 10 h \u00e0 12 h et de 14 h \u00e0 17 h, et samedi, en direct de l\u2019\u00e9levage de Pleugueneuc. \u00ab\u00a0Sans adoption, elles seront abattues d\u00e8s le lendemain.\u00a0\u00bb Sur r\u00e9servation uniquement. Le lieu de vente sera connu \u00e0 la r\u00e9servation.<\/p>\n<p>Vendredi 24 et samedi 25 octobre, de 10 h \u00e0 12 h et de 14 h \u00e0 17 h, 5 \u20ac la poule, 20 \u20ac le lot de quatre poules, plus une offerte, r\u00e9servation obligatoire au 02 49 62 20 50, poulepourtous.com\/poules<\/p>\n<p class=\" wall-content\">Personnalisez votre actualit\u00e9 en ajoutant vos villes et m\u00e9dias en favori avec <a href=\"https:\/\/moncompte.actu.fr\" title=\"D\u00e9couvez Mon Actu\" rel=\"nofollow noopener\" data-trk=\"{&quot;cta&quot;:{&quot;action&quot;:&quot;https:\\\/\\\/moncompte.actu.fr&quot;,&quot;category&quot;:&quot;mon compte&quot;,&quot;from&quot;:&quot;article footer&quot;,&quot;name&quot;:&quot;Mon actu&quot;,&quot;type&quot;:&quot;cta&quot;}}\" target=\"_blank\">Mon Actu<\/a>.<\/p>\n","protected":false},"excerpt":{"rendered":"Par R\u00e9daction Saint-Malo Publi\u00e9 le 21 oct. 2025 \u00e0 6h42 Vendredi 24 et samedi 25 octobre 2025, l\u2019association&hellip;\n","protected":false},"author":2,"featured_media":478759,"comment_status":"","ping_status":"","sticky":false,"template":"","format":"standard","meta":{"footnotes":""},"categories":[2821],"tags":[1111,11,258,829,1777,674,1011,27,12,584,25,104],"class_list":{"0":"post-478758","1":"post","2":"type-post","3":"status-publish","4":"format-standard","5":"has-post-thumbnail","7":"category-rennes","8":"tag-actu","9":"tag-actualites","10":"tag-alimentation","11":"tag-bretagne","12":"tag-eu","13":"tag-europe","14":"tag-fr","15":"tag-france","16":"tag-news","17":"tag-rennes","18":"tag-republique-francaise","19":"tag-societe"},"share_on_mastodon":{"url":"https:\/\/pubeurope.com\/@fr\/115410591121983758","error":""},"_links":{"self":[{"href":"https:\/\/www.europesays.com\/fr\/wp-json\/wp\/v2\/posts\/478758","targetHints":{"allow":["GET"]}}],"collection":[{"href":"https:\/\/www.europesays.com\/fr\/wp-json\/wp\/v2\/posts"}],"about":[{"href":"https:\/\/www.europesays.com\/fr\/wp-json\/wp\/v2\/types\/post"}],"author":[{"embeddable":true,"href":"https:\/\/www.europesays.com\/fr\/wp-json\/wp\/v2\/users\/2"}],"replies":[{"embeddable":true,"href":"https:\/\/www.europesays.com\/fr\/wp-json\/wp\/v2\/comments?post=478758"}],"version-history":[{"count":0,"href":"https:\/\/www.europesays.com\/fr\/wp-json\/wp\/v2\/posts\/478758\/revisions"}],"wp:featuredmedia":[{"embeddable":true,"href":"https:\/\/www.europesays.com\/fr\/wp-json\/wp\/v2\/media\/478759"}],"wp:attachment":[{"href":"https:\/\/www.europesays.com\/fr\/wp-json\/wp\/v2\/media?parent=478758"}],"wp:term":[{"taxonomy":"category","embeddable":true,"href":"https:\/\/www.europesays.com\/fr\/wp-json\/wp\/v2\/categories?post=478758"},{"taxonomy":"post_tag","embeddable":true,"href":"https:\/\/www.europesays.com\/fr\/wp-json\/wp\/v2\/tags?post=478758"}],"curies":[{"name":"wp","href":"https:\/\/api.w.org\/{rel}","templated":true}]}}