{"id":478760,"date":"2025-10-21T05:50:14","date_gmt":"2025-10-21T05:50:14","guid":{"rendered":"https:\/\/www.europesays.com\/fr\/478760\/"},"modified":"2025-10-21T05:50:14","modified_gmt":"2025-10-21T05:50:14","slug":"des-conferences-pour-approfondir-le-sujet-avec-des-historiens","status":"publish","type":"post","link":"https:\/\/www.europesays.com\/fr\/478760\/","title":{"rendered":"des conf\u00e9rences pour approfondir le sujet avec des historiens"},"content":{"rendered":"<p>Jusqu\u2019au 22\u00a0novembre, les Archives d\u2019Alsace proposent des rencontres et une projection pour explorer des aspects particuliers de <a href=\"https:\/\/www.dna.fr\/societe\/2025\/10\/11\/comment-l-armee-du-duc-antoine-a-etouffe-la-guerre-des-paysans-dans-un-bain-de-sang\" target=\"_blank\" rel=\"noopener\">la guerre des Paysans<\/a> qui fait l\u2019objet d\u2019une exposition \u00ab\u00a0g\u00e9n\u00e9raliste\u00a0\u00bb s\u2019appuyant sur des documents d\u2019\u00e9poque. L\u2019id\u00e9e est d\u2019\u00e9voquer des aspects de cette r\u00e9volte \u00ab\u00a0qui r\u00e9sonnent particuli\u00e8rement dans nos soci\u00e9t\u00e9s contemporaines\u00a0\u00bb. Les Archives d\u2019Alsace en profitent aussi pour proposer une approche \u00ab\u00a0transversale et pluridisciplinaire\u00a0\u00bb.<\/p>\n<p><strong> \u25b6 \u2002 Premier th\u00e8me abord\u00e9 le 25\u00a0octobre, de 14\u00a0h \u00e0 17\u00a0h,<\/strong> \u00ab\u00a0La guerre des Paysans, entre histoire et m\u00e9moire\u00a0\u00bb. Les comm\u00e9morations mettent en avant un \u00e9v\u00e9nement pr\u00e9curseur des r\u00e9volutions qui ont accouch\u00e9 de notre syst\u00e8me politique\u2026 Comment interpr\u00e9ter l\u2019\u00e9cho que trouve cette r\u00e9volte qui a embras\u00e9 l\u2019Alsace il y a 500 ans\u00a0? Est-ce qu\u2019il n\u2019y a pas dans ce cas \u00ab\u00a0fabrication\u00a0\u00bb d\u2019une m\u00e9moire \u00ab\u00a0sur mesure\u00a0\u00bb et d\u00e9tournement de l\u2019objet historique\u00a0? Avec Carine L\u00e9v\u00eaque (Archives d\u2019Alsace), \u00c9douard Mehl (philosophe), Anne Teuf (autrice de BD, contributrice \u00e0 l\u2019exposition sur la guerre des Paysans), Joseph Morsel (historien).<\/p>\n<p><strong> \u25b6 \u2002 Deuxi\u00e8me th\u00e8me abord\u00e9, le 22\u00a0novembre de 14\u00a0h \u00e0 17\u00a0h<\/strong> , \u00ab\u00a0Violence et justice\u00a0: les enjeux sociopolitiques\u00a0\u00bb. Moment de remise en cause de l\u2019ordre \u00e9tabli, la guerre des Paysans porte des revendications religieuses, sociales, \u00e9conomiques et politiques. Elle s\u2019attaque \u00e0 \u00ab\u00a0toute l\u2019armature du monde m\u00e9di\u00e9val\u00a0\u00bb. R\u00e9volte l\u00e9gitime, violence, justice\u2026\u00a0: le regard que nous portons sur un \u00e9v\u00e9nement perturbateur et fondateur n\u2019est pas lin\u00e9aire et d\u00e9finitif\u2026 Avec Marie Collin (Archives d\u2019Alsace), Thomas Boullu (historien), Emmanuel G\u00e9rardin (historien), Rachel Renault (historienne), Gerrit Schenk (historien).<\/p>\n<p><strong> \u25b6 \u2002 Le 8\u00a0novembre \u00e0 14\u00a0h <\/strong> sera propos\u00e9e une projection du film <a href=\"https:\/\/www.dna.fr\/culture-loisirs\/2025\/09\/30\/le-film-documentaire-des-freres-metzinger-sur-la-revolte-des-paysans-de-1525-fait-echo-a-notre-actualite\" target=\"_blank\" rel=\"noopener\">1525, la r\u00e9volution oubli\u00e9e<\/a> , en pr\u00e9sence des r\u00e9alisateurs Alexis et Yannis Metzinger. Il s\u2019agit du premier documentaire \u00e0 raconter cette r\u00e9volte, en faisant le lien entre soul\u00e8vements allemands et insurrection alsacienne. L\u2019illustrateur John Howe et <a href=\"https:\/\/www.dna.fr\/societe\/2025\/09\/06\/il-y-a-500-ans-la-guerre-des-paysans-une-revolution-tuee-par-une-croisade-sanglante\" target=\"_blank\" rel=\"noopener\">l\u2019historien Georges Bischoff<\/a> ont contribu\u00e9 \u00e0 ce film.<\/p>\n<p class=\"note\">Tous les rendez-vous se tiennent \u00e0 l\u2019auditorium des Archives d\u2019Alsace, rue Philippe-Dollinger \u00e0 Strasbourg. L\u2019exposition \u00ab\u00a0Libert\u00e9 et fraternit\u00e9, 1525, La guerre des Paysans en Alsace\u00a0\u00bb se tient dans le m\u00eame \u00e9tablissement jusqu\u2019au 15\u00a0d\u00e9cembre.<\/p>\n","protected":false},"excerpt":{"rendered":"Jusqu\u2019au 22\u00a0novembre, les Archives d\u2019Alsace proposent des rencontres et une projection pour explorer des aspects particuliers de la&hellip;\n","protected":false},"author":2,"featured_media":478761,"comment_status":"","ping_status":"","sticky":false,"template":"","format":"standard","meta":{"footnotes":""},"categories":[2820],"tags":[1111,11,2389,6211,1687,2880,1777,674,107,1011,27,775,12,5486,25,640,2879],"class_list":{"0":"post-478760","1":"post","2":"type-post","3":"status-publish","4":"format-standard","5":"has-post-thumbnail","7":"category-strasbourg","8":"tag-actu","9":"tag-actualites","10":"tag-alsace","11":"tag-conference","12":"tag-culture-loisirs","13":"tag-edition-strasbourg","14":"tag-eu","15":"tag-europe","16":"tag-fil-info","17":"tag-fr","18":"tag-france","19":"tag-grand-est","20":"tag-news","21":"tag-rencontre","22":"tag-republique-francaise","23":"tag-strasbourg","24":"tag-strasbourg-ville"},"share_on_mastodon":{"url":"https:\/\/pubeurope.com\/@fr\/115410594988250880","error":""},"_links":{"self":[{"href":"https:\/\/www.europesays.com\/fr\/wp-json\/wp\/v2\/posts\/478760","targetHints":{"allow":["GET"]}}],"collection":[{"href":"https:\/\/www.europesays.com\/fr\/wp-json\/wp\/v2\/posts"}],"about":[{"href":"https:\/\/www.europesays.com\/fr\/wp-json\/wp\/v2\/types\/post"}],"author":[{"embeddable":true,"href":"https:\/\/www.europesays.com\/fr\/wp-json\/wp\/v2\/users\/2"}],"replies":[{"embeddable":true,"href":"https:\/\/www.europesays.com\/fr\/wp-json\/wp\/v2\/comments?post=478760"}],"version-history":[{"count":0,"href":"https:\/\/www.europesays.com\/fr\/wp-json\/wp\/v2\/posts\/478760\/revisions"}],"wp:featuredmedia":[{"embeddable":true,"href":"https:\/\/www.europesays.com\/fr\/wp-json\/wp\/v2\/media\/478761"}],"wp:attachment":[{"href":"https:\/\/www.europesays.com\/fr\/wp-json\/wp\/v2\/media?parent=478760"}],"wp:term":[{"taxonomy":"category","embeddable":true,"href":"https:\/\/www.europesays.com\/fr\/wp-json\/wp\/v2\/categories?post=478760"},{"taxonomy":"post_tag","embeddable":true,"href":"https:\/\/www.europesays.com\/fr\/wp-json\/wp\/v2\/tags?post=478760"}],"curies":[{"name":"wp","href":"https:\/\/api.w.org\/{rel}","templated":true}]}}