{"id":478766,"date":"2025-10-21T05:53:13","date_gmt":"2025-10-21T05:53:13","guid":{"rendered":"https:\/\/www.europesays.com\/fr\/478766\/"},"modified":"2025-10-21T05:53:13","modified_gmt":"2025-10-21T05:53:13","slug":"nice-la-fraude-tres-lucrative-de-ces-chauffeurs-de-taxi-un-montant-impressionnant","status":"publish","type":"post","link":"https:\/\/www.europesays.com\/fr\/478766\/","title":{"rendered":"Nice. La fraude tr\u00e8s lucrative de ces chauffeurs de taxi, un montant impressionnant"},"content":{"rendered":"<p>            Par<br \/>\n        <strong><br \/>\n            <a href=\"https:\/\/actu.fr\/auteur\/arthur-frand\" title=\"Consulter tous les articles de Arthur Frand\" target=\"_blank\" rel=\"noopener\">Arthur Frand<\/a><br \/>\n        <\/strong><\/p>\n<p>        Publi\u00e9 le<\/p>\n<p>            21 oct. 2025 \u00e0 6h52        <\/p>\n<p>Cinq chauffeurs de taxi ni\u00e7ois ont \u00e9t\u00e9 <strong>condamn\u00e9s \u00e0 des peines de prison<\/strong> pour avoir escroqu\u00e9 la Caisse primaire d\u2019assurance maladie (CPAM), a annonc\u00e9 le parquet de Nice (<a href=\"https:\/\/actu.fr\/provence-alpes-cote-d-azur\/alpes-maritimes_06\" target=\"_blank\" rel=\"noopener\">Alpes-Maritimes<\/a>) ce lundi 20\u00a0octobre.<\/p>\n<p class=\" wall-content\">Ils ont reconnu avoir factur\u00e9 des trajets qu\u2019ils <strong>n\u2019avaient jamais r\u00e9alis\u00e9s<\/strong>. Le pr\u00e9judice de cette fraude est estim\u00e9 \u00e0 pr\u00e8s de 300000 euros.<\/p>\n<p>Des centaines de faux transports sanitaires<\/p>\n<p class=\" wall-content\">Pour comprendre toute l\u2019affaire, il faut remonter au d\u00e9but de l\u2019ann\u00e9e civile. En f\u00e9vrier\u00a02025, le p\u00f4le sp\u00e9cialis\u00e9 du parquet de Nice fait appel \u00e0 la brigade de recherches de gendarmerie de Nice, avec le service d\u2019enqu\u00eate judiciaire de la CPAM Paca. Une enqu\u00eate est alors ouverte pour escroqueries, faux et usages de faux susceptibles de mettre en cause <strong>plusieurs chauffeurs de taxi<\/strong> dans le cadre de prises en charge sanitaires.<\/p>\n<p class=\" wall-content\">\u00ab\u2009Les investigations mettaient en \u00e9vidence plusieurs centaines de transports non r\u00e9alis\u00e9s mais factur\u00e9s \u00e0 la CPAM via une falsification des bons de transports pour augmenter le nombre de d\u00e9placements prescrits\u2009\u00bb, pr\u00e9cise le procureur de la R\u00e9publique de Nice, Damien Martinelli. Le pr\u00e9judice total de cette escroquerie est \u00e9valu\u00e9 \u00e0 <strong>pr\u00e8s de 300000 euros<\/strong>.<\/p>\n<p class=\" wall-content\">Les cinq mis en cause ont \u00e9t\u00e9 <strong>interpell\u00e9s<\/strong> le 7\u00a0octobre dernier puis plac\u00e9s en garde \u00e0 vue. Ils ont rapidement reconnu la commission des faits puis ont \u00e9t\u00e9 d\u00e9f\u00e9r\u00e9s dans le cadre d\u2019une \u00ab\u2009proc\u00e9dure de comparution sur reconnaissance pr\u00e9alable de culpabilit\u00e9 (CRPC)\u2009\u00bb, souligne le parquet de Nice.<\/p>\n<p>18\u00a0mois et 12\u00a0mois de prison avec sursis<\/p>\n<p class=\" wall-content\">Un chauffeur de taxi s\u2019est av\u00e9r\u00e9 \u00eatre le principal auteur des faits puisqu\u2019il associait parfois certains de ses coll\u00e8gues pour augmenter le<strong> nombre de d\u00e9placements m\u00e9dicaux prescrits<\/strong>. Il a \u00e9t\u00e9 condamn\u00e9 \u00e0 18\u00a0mois d\u2019emprisonnement avec sursis probatoire comportant notamment l\u2019obligation d\u2019indemniser la CPAM. Deux v\u00e9hicules, un Mercedes GLC et un Porsche Macan, ont \u00e9t\u00e9 saisis et confisqu\u00e9s pour un montant total de 100\u2009000\u00a0\u20ac.<\/p>\n<p>Votre r\u00e9gion, votre actu !<\/p>\n<p>Recevez chaque jour les infos qui comptent pour vous.<\/p>\n<p>\t<a href=\"https:\/\/actu.fr\/newsletter\" class=\"ac-btn ac-btn--corner ac-btn--medium ac-btn--blue800\" target=\"_blank\" rel=\"noopener\">S&rsquo;incrire<\/a><\/p>\n<p class=\" wall-content\">Un autre mis en cause a lui \u00e9t\u00e9 condamn\u00e9 \u00e0 12\u00a0mois d\u2019emprisonnement avec sursis simple. Son v\u00e9hicule Fiat 500 Abarth et une moto Ducati ont \u00e9t\u00e9 saisis et confisqu\u00e9s pour un montant de 40000 euros. Par ailleurs, un total de 10\u2009000\u00a0euros a aussi \u00e9t\u00e9 r\u00e9cup\u00e9r\u00e9.<\/p>\n<p class=\" wall-content\">Les trois autres chauffeurs, impliqu\u00e9s dans des d\u00e9tournements moins importants, ont \u00e9t\u00e9 condamn\u00e9s \u00e0 des peines de jours-amende, conclut le parquet.<\/p>\n<p class=\" wall-content\">Personnalisez votre actualit\u00e9 en ajoutant vos villes et m\u00e9dias en favori avec <a href=\"https:\/\/moncompte.actu.fr\" title=\"D\u00e9couvez Mon Actu\" rel=\"nofollow noopener\" data-trk=\"{&quot;cta&quot;:{&quot;action&quot;:&quot;https:\\\/\\\/moncompte.actu.fr&quot;,&quot;category&quot;:&quot;mon compte&quot;,&quot;from&quot;:&quot;article footer&quot;,&quot;name&quot;:&quot;Mon actu&quot;,&quot;type&quot;:&quot;cta&quot;}}\" target=\"_blank\">Mon Actu<\/a>.<\/p>\n","protected":false},"excerpt":{"rendered":"Par Arthur Frand Publi\u00e9 le 21 oct. 2025 \u00e0 6h52 Cinq chauffeurs de taxi ni\u00e7ois ont \u00e9t\u00e9 condamn\u00e9s&hellip;\n","protected":false},"author":2,"featured_media":478767,"comment_status":"","ping_status":"","sticky":false,"template":"","format":"standard","meta":{"footnotes":""},"categories":[2819],"tags":[1111,11,1117,3513,1777,674,1011,27,12,2401,882,25,104],"class_list":{"0":"post-478766","1":"post","2":"type-post","3":"status-publish","4":"format-standard","5":"has-post-thumbnail","7":"category-nice","8":"tag-actu","9":"tag-actualites","10":"tag-assurance","11":"tag-escroquerie","12":"tag-eu","13":"tag-europe","14":"tag-fr","15":"tag-france","16":"tag-news","17":"tag-nice","18":"tag-provence-alpes-cote-dazur","19":"tag-republique-francaise","20":"tag-societe"},"share_on_mastodon":{"url":"https:\/\/pubeurope.com\/@fr\/115410606701367312","error":""},"_links":{"self":[{"href":"https:\/\/www.europesays.com\/fr\/wp-json\/wp\/v2\/posts\/478766","targetHints":{"allow":["GET"]}}],"collection":[{"href":"https:\/\/www.europesays.com\/fr\/wp-json\/wp\/v2\/posts"}],"about":[{"href":"https:\/\/www.europesays.com\/fr\/wp-json\/wp\/v2\/types\/post"}],"author":[{"embeddable":true,"href":"https:\/\/www.europesays.com\/fr\/wp-json\/wp\/v2\/users\/2"}],"replies":[{"embeddable":true,"href":"https:\/\/www.europesays.com\/fr\/wp-json\/wp\/v2\/comments?post=478766"}],"version-history":[{"count":0,"href":"https:\/\/www.europesays.com\/fr\/wp-json\/wp\/v2\/posts\/478766\/revisions"}],"wp:featuredmedia":[{"embeddable":true,"href":"https:\/\/www.europesays.com\/fr\/wp-json\/wp\/v2\/media\/478767"}],"wp:attachment":[{"href":"https:\/\/www.europesays.com\/fr\/wp-json\/wp\/v2\/media?parent=478766"}],"wp:term":[{"taxonomy":"category","embeddable":true,"href":"https:\/\/www.europesays.com\/fr\/wp-json\/wp\/v2\/categories?post=478766"},{"taxonomy":"post_tag","embeddable":true,"href":"https:\/\/www.europesays.com\/fr\/wp-json\/wp\/v2\/tags?post=478766"}],"curies":[{"name":"wp","href":"https:\/\/api.w.org\/{rel}","templated":true}]}}