{"id":478768,"date":"2025-10-21T05:54:24","date_gmt":"2025-10-21T05:54:24","guid":{"rendered":"https:\/\/www.europesays.com\/fr\/478768\/"},"modified":"2025-10-21T05:54:24","modified_gmt":"2025-10-21T05:54:24","slug":"la-route-nantes-pornic-sera-fermee-deux-nuits-a-port-saint-pere-2","status":"publish","type":"post","link":"https:\/\/www.europesays.com\/fr\/478768\/","title":{"rendered":"La route Nantes-Pornic, sera ferm\u00e9e deux\u00a0nuits \u00e0 Port-Saint-P\u00e8re"},"content":{"rendered":"<p>Commenc\u00e9 en 2021, le chantier de doublement de la d\u00e9viation de Port-Saint-P\u00e8re, arrive \u00e0 son terme. \u00a0L\u2019\u00e9t\u00e9 2025 a \u00e9t\u00e9 principalement consacr\u00e9 \u00e0 conforter les remblais du viaduc existant sur l\u2019Acheneau, indique Jean-Luc Favreau, ing\u00e9nieur travaux sur ce chantier. Plus de 600 pieux en b\u00e9ton ont ainsi \u00e9t\u00e9 r\u00e9alis\u00e9s pour stabiliser les remblais qui avaient tendance \u00e0 s\u2019affaisser depuis la mise en service de l\u2019ouvrage en 1983. Ces travaux, non visibles, sont structurants pour l\u2019ensemble du chantier.\u00a0<\/p>\n<p>Raccordements et chauss\u00e9e d\u00e9finitive<\/p>\n<p>\u00c0 compter de la fin du mois d\u2019octobre, une derni\u00e8re phase s\u2019engage avec les travaux de raccordement des nouvelles voies sur les voiries existantes. Ces raccordements vont \u00eatre r\u00e9alis\u00e9s en trois temps. D\u2019abord, le raccordement de la chauss\u00e9e Sud (celle existante avant le doublement) sur la section Est, entre le 20 et le 27\u00a0octobre. La RD 751\u00a0sera ferm\u00e9e deux nuits durant cette p\u00e9riode afin de permettre la r\u00e9alisation de ces travaux (nuit du 21 au 22\u00a0octobre et nuit du 27 au 28\u00a0octobre).<\/p>\n<p>Ensuite, le raccordement de la chauss\u00e9e Nord sur la section Est, entre le 28\u00a0octobre et le 12\u00a0novembre. Il s\u2019agit de la chauss\u00e9e actuellement emprunt\u00e9e. Le rev\u00eatement de chauss\u00e9e d\u00e9finitif ainsi que le marquage routier seront r\u00e9alis\u00e9s durant cette p\u00e9riode. Ces travaux seront r\u00e9alis\u00e9s de jour, hors circulation. Une d\u00e9viation sera mise en place.<\/p>\n<p>Enfin, la modification de l\u2019\u00e9changeur de Port-Saint-P\u00e8re \u00e0 l\u2019Ouest, entre le 12 et le 28\u00a0novembre. La mise \u00e0 2&#215;2\u00a0voies de la section en amont de cet \u00e9changeur n\u00e9cessite de r\u00e9aliser des adaptations importantes\u00a0: \u00e9largissement de la voirie, reprofilage de la chauss\u00e9e. L\u2019ensemble de ces travaux sera r\u00e9alis\u00e9 de nuit.<\/p>\n<p>Au sujet du rev\u00eatement d\u00e9finitif, \u00a0nous r\u00e9alisons la couche de roulement de 2,5\u00a0cm, drainante et trait\u00e9e phoniquement. L\u2019ensemble des enrob\u00e9s pos\u00e9s sur ce chantier sont pour 40\u00a0% des mat\u00e9riaux recycl\u00e9s\u00a0\u00bb,pr\u00e9cise Jean-Luc Favreau.<\/p>\n<p>Si tout va bien c\u00f4t\u00e9 m\u00e9t\u00e9o, tous ces travaux devraient \u00eatre achev\u00e9s d\u00e9but d\u00e9cembre.<\/p>\n<p>Modalit\u00e9s de circulation sur la RD 751<\/p>\n<p>Durant toute la dur\u00e9e du chantier, un sens de circulation sera maintenu dans chaque sens en journ\u00e9e. Des basculements de circulation seront r\u00e9alis\u00e9s afin de permettre la r\u00e9alisation des travaux.<\/p>\n<p>Jusqu\u2019au 27\u00a0octobre, pas de changement, les v\u00e9hicules circulent sur la chauss\u00e9e Nord une file dans chaque sens.<\/p>\n<p>Du 28\u00a0octobre au 12\u00a0novembre, basculement de la circulation sur la chauss\u00e9e Sud, \u00e0 l\u2019Est, en amont de l\u2019\u00e9changeur de la Haute-Galerie \u00e0 Saint-L\u00e9ger-les-Vignes. Une bretelle de sortie vers la zone de loisirs de Port-Saint-P\u00e8re sera ferm\u00e9e et une d\u00e9viation mise en place par l\u2019\u00e9changeur de Port-Saint-P\u00e8re.<\/p>\n<p>Du 12 au 28\u00a0novembre, circulation sur une seule voie sur les chauss\u00e9es Nord et Sud.<\/p>\n<p><strong>Contact\u00a0:<\/strong> inforoutes.loire-atlantique.fr<\/p>\n<p>\u00a0<\/p>\n","protected":false},"excerpt":{"rendered":"Commenc\u00e9 en 2021, le chantier de doublement de la d\u00e9viation de Port-Saint-P\u00e8re, arrive \u00e0 son terme. \u00a0L\u2019\u00e9t\u00e9 2025&hellip;\n","protected":false},"author":2,"featured_media":478173,"comment_status":"","ping_status":"","sticky":false,"template":"","format":"standard","meta":{"footnotes":""},"categories":[2818],"tags":[1111,11,1777,674,4069,1011,27,766,60169,12,35025,2636,60170,25,209,3272],"class_list":{"0":"post-478768","1":"post","2":"type-post","3":"status-publish","4":"format-standard","5":"has-post-thumbnail","7":"category-nantes","8":"tag-actu","9":"tag-actualites","10":"tag-eu","11":"tag-europe","12":"tag-fermee","13":"tag-fr","14":"tag-france","15":"tag-nantes","16":"tag-nantes-pornic","17":"tag-news","18":"tag-nuits","19":"tag-pays-de-la-loire","20":"tag-port-saint-pere","21":"tag-republique-francaise","22":"tag-route","23":"tag-saint-nazaire"},"share_on_mastodon":{"url":"https:\/\/pubeurope.com\/@fr\/115410610637970885","error":""},"_links":{"self":[{"href":"https:\/\/www.europesays.com\/fr\/wp-json\/wp\/v2\/posts\/478768","targetHints":{"allow":["GET"]}}],"collection":[{"href":"https:\/\/www.europesays.com\/fr\/wp-json\/wp\/v2\/posts"}],"about":[{"href":"https:\/\/www.europesays.com\/fr\/wp-json\/wp\/v2\/types\/post"}],"author":[{"embeddable":true,"href":"https:\/\/www.europesays.com\/fr\/wp-json\/wp\/v2\/users\/2"}],"replies":[{"embeddable":true,"href":"https:\/\/www.europesays.com\/fr\/wp-json\/wp\/v2\/comments?post=478768"}],"version-history":[{"count":0,"href":"https:\/\/www.europesays.com\/fr\/wp-json\/wp\/v2\/posts\/478768\/revisions"}],"wp:featuredmedia":[{"embeddable":true,"href":"https:\/\/www.europesays.com\/fr\/wp-json\/wp\/v2\/media\/478173"}],"wp:attachment":[{"href":"https:\/\/www.europesays.com\/fr\/wp-json\/wp\/v2\/media?parent=478768"}],"wp:term":[{"taxonomy":"category","embeddable":true,"href":"https:\/\/www.europesays.com\/fr\/wp-json\/wp\/v2\/categories?post=478768"},{"taxonomy":"post_tag","embeddable":true,"href":"https:\/\/www.europesays.com\/fr\/wp-json\/wp\/v2\/tags?post=478768"}],"curies":[{"name":"wp","href":"https:\/\/api.w.org\/{rel}","templated":true}]}}