{"id":478775,"date":"2025-10-21T05:58:11","date_gmt":"2025-10-21T05:58:11","guid":{"rendered":"https:\/\/www.europesays.com\/fr\/478775\/"},"modified":"2025-10-21T05:58:11","modified_gmt":"2025-10-21T05:58:11","slug":"nee-sous-x-a-toulouse-anne-maud-recherche-ses-parents-depuis-ses-18-ans","status":"publish","type":"post","link":"https:\/\/www.europesays.com\/fr\/478775\/","title":{"rendered":"N\u00e9e sous X \u00e0 Toulouse, Anne-Maud recherche ses parents depuis ses 18 ans"},"content":{"rendered":"<p>            Par<br \/>\n        <strong><br \/>\n            <a href=\"https:\/\/actu.fr\/auteur\/margot-fournie\" title=\"Consulter tous les articles de Margot Fournie\" rel=\"nofollow noopener\" target=\"_blank\">Margot Fournie<\/a><br \/>\n        <\/strong><\/p>\n<p>        Publi\u00e9 le<\/p>\n<p>            21 oct. 2025 \u00e0 7h08        <\/p>\n<p><strong>Anne-Maud Palame<\/strong> est n\u00e9e sous X, le 20 septembre 1993, \u00e0 l\u2019<a href=\"https:\/\/actu.fr\/occitanie\/toulouse_31555\/toulouse-decouvrez-histoire-hopital-grave-edifice-emblematique-ville-rose_25177534.html\" rel=\"nofollow noopener\" target=\"_blank\">h\u00f4pital La Grave<\/a> de <strong><a href=\"https:\/\/actu.fr\/toulouse\/\" rel=\"nofollow noopener\" target=\"_blank\">Toulouse<\/a><\/strong>. Adopt\u00e9e \u00e0 ses trois mois, elle grandit dans une <strong>famille aimante<\/strong>. Mais depuis ses 18\u00a0ans, elle cherche \u00e0 retrouver ses <strong>parents biologiques<\/strong>. Une question de curiosit\u00e9. Pour le moment, ses recherches sont rest\u00e9es vaines, malgr\u00e9 <strong>quelques indices<\/strong>.<\/p>\n<p>Une lettre tr\u00e8s douce aux archives<\/p>\n<p class=\" wall-content\">Ces indices, elle les a trouv\u00e9s aux <strong>archives d\u00e9partementales<\/strong>.\u00a0L\u00e0-bas, l\u2019y attendait une lettre. Elle \u00e9tait de la main de Tatiana, peut-\u00eatre un pr\u00e9nom fictif, sa m\u00e8re biologique. Cette <strong>missive \u00e9tait tr\u00e8s douce<\/strong> et contenait quelques informations.<\/p>\n<p class=\" wall-content\">\u00ab\u2009Mes parents \u00e9taient venus<strong>\u00a0de Bretagne<\/strong> pour faire leurs \u00e9tudes \u00e0 Toulouse. <strong>Tatiana avait 19\u00a0ans.<\/strong> Elle mesurait 1m63, avait le teint clair, les yeux noisette et les cheveux ch\u00e2tains\u2009\u00bb, confie Anne-Maud Palame.<\/p>\n<p class=\" wall-content\">Pour Antoine M., \u00ab\u2009mon p\u00e8re biologique, l\u2019\u00e2ge n\u2019est pas mentionn\u00e9, mais il avait des cheveux ch\u00e2tain fonc\u00e9 et boucl\u00e9s, le teint clair et les yeux bleus. Il \u00e9tait grand et mince. Il \u00e9tait <strong>passionn\u00e9 de maquette<\/strong> et <strong>travaillait la nuit\u00a0\u00bb.<\/strong><\/p>\n<p>\u00ab\u2009Elle m\u2019a \u00e9crit que l\u2019amour ne suffit pas \u00bb<\/p>\n<p class=\" wall-content\">En dehors de ces descriptions, Tatiana mentionnait qu\u2019ils \u00ab\u2009avaient fait le choix de m\u2019offrir une vie plus facile. Elle m\u2019a \u00e9crit que <strong>l\u2019amour ne suffit pas<\/strong> pour \u00e9lever correctement une enfant et que je leur manquais. C\u2019\u00e9tait une d\u00e9cision difficile pour eux\u2009\u00bb, souffle Anne-Maud, en glissant qu\u2019elle \u00ab\u2009valide totalement leur choix. Ils ont tout fait en pensant \u00e0 moi.\u2009\u00bb<\/p>\n<p class=\" wall-content\">La lettre \u00e9tait accompagn\u00e9e d\u2019une <strong>gourmette en argent<\/strong>. Elle appartenait au grand-p\u00e8re d\u2019Antoine.<\/p>\n<p>Votre r\u00e9gion, votre actu !<\/p>\n<p>Recevez chaque jour les infos qui comptent pour vous.<\/p>\n<p>\t<a href=\"https:\/\/actu.fr\/newsletter\" class=\"ac-btn ac-btn--corner ac-btn--medium ac-btn--blue800\" rel=\"nofollow noopener\" target=\"_blank\">S&rsquo;incrire<\/a><\/p>\n<p class=\" wall-content\">\u00ab\u2009Il portait les <strong>m\u00eames initiales que lui<\/strong>. C\u2019est aussi pour que j\u2019aie les m\u00eames initiales qu\u2019ils m\u2019ont appel\u00e9e Anne-Maud\u2009\u00bb, reprend la Toulousaine.<\/p>\n<p>Des recherches sur Facebook<\/p>\n<p class=\" wall-content\">Apr\u00e8s la d\u00e9couverte de la lettre et de son contenu, Anne-Maud Palame a fait <strong>des d\u00e9marches administratives<\/strong>. Elle s\u2019est rapproch\u00e9e du Centre national pour l\u2019acc\u00e8s aux origines personnelles. En vain.<\/p>\n<p class=\" wall-content\">Il y a quelques ann\u00e9es, elle a repris les recherches via Facebook, apr\u00e8s en avoir parl\u00e9 avec son p\u00e8re. Elle a mis <strong>des annonces sur des groupes sp\u00e9cialis\u00e9s<\/strong> comme \u00ab\u00a0Je te recherche\u00a0\u00bb. Elle r\u00e9v\u00e8le que \u00ab\u00a0des centaines de personnes ont essay\u00e9\u00a0\u00bb de l\u2019aider.<\/p>\n<blockquote class=\"ac-article-quote wall-content\">\n<p>Il y a eu 1\u2009000 partages pour certains posts, mais pour le moment, je n\u2019ai pas de pistes viables.<\/p>\n<p>    <strong>Anne-Maud Palame<\/strong>\n            <\/p><\/blockquote>\n<p class=\" wall-content\">\u00ab\u00a0On m\u2019a indiqu\u00e9 le magasin de maquettes au centre-ville de Toulouse, ajoute la trentenaire. \u00ab\u00a0La personne sur place avait repris la boutique et elle ne savait rien\u00a0\u00bb.<\/p>\n<p>Une envie de lien et un int\u00e9r\u00eat m\u00e9dical<\/p>\n<p class=\" wall-content\">Pour autant, Anne-Maud tient \u00e0 dire qu\u2019elle est <strong>en paix avec cette situation<\/strong>.<\/p>\n<p class=\" wall-content\">Elle a entrepris ses recherches par curiosit\u00e9 et \u00ab\u00a0depuis que j\u2019ai des enfants, il y a aussi un int\u00e9r\u00eat m\u00e9dical. <strong>\u00c7a peut cr\u00e9er des liens\u00a0\u00bb.<\/strong><\/p>\n<p><strong>Infos pratiques :<\/strong><br \/>\nSi vous avez des informations, vous pouvez contacter Anne-Maud via Facebook sur son compte Michael Anne-Maud Palame ou <a href=\"http:\/\/actu.fr\/cdn-cgi\/l\/email-protection#e88986868d85899d8cc698898489858da88f85898184c68b8785\" rel=\"nofollow noopener\" target=\"_blank\">par mail en cliquant ici.<\/a><\/p>\n<p class=\" wall-content\">Personnalisez votre actualit\u00e9 en ajoutant vos villes et m\u00e9dias en favori avec <a href=\"https:\/\/moncompte.actu.fr\" title=\"D\u00e9couvez Mon Actu\" rel=\"nofollow noopener\" data-trk=\"{&quot;cta&quot;:{&quot;action&quot;:&quot;https:\\\/\\\/moncompte.actu.fr&quot;,&quot;category&quot;:&quot;mon compte&quot;,&quot;from&quot;:&quot;article footer&quot;,&quot;name&quot;:&quot;Mon actu&quot;,&quot;type&quot;:&quot;cta&quot;}}\" target=\"_blank\">Mon Actu<\/a>.<\/p>\n","protected":false},"excerpt":{"rendered":"Par Margot Fournie Publi\u00e9 le 21 oct. 2025 \u00e0 7h08 Anne-Maud Palame est n\u00e9e sous X, le 20&hellip;\n","protected":false},"author":2,"featured_media":478776,"comment_status":"","ping_status":"","sticky":false,"template":"","format":"standard","meta":{"footnotes":""},"categories":[2816],"tags":[1111,11,1777,674,652,1011,27,12,2680,25,104,2312],"class_list":{"0":"post-478775","1":"post","2":"type-post","3":"status-publish","4":"format-standard","5":"has-post-thumbnail","7":"category-toulouse","8":"tag-actu","9":"tag-actualites","10":"tag-eu","11":"tag-europe","12":"tag-famille","13":"tag-fr","14":"tag-france","15":"tag-news","16":"tag-occitanie","17":"tag-republique-francaise","18":"tag-societe","19":"tag-toulouse"},"share_on_mastodon":{"url":"https:\/\/pubeurope.com\/@fr\/115410626404476475","error":""},"_links":{"self":[{"href":"https:\/\/www.europesays.com\/fr\/wp-json\/wp\/v2\/posts\/478775","targetHints":{"allow":["GET"]}}],"collection":[{"href":"https:\/\/www.europesays.com\/fr\/wp-json\/wp\/v2\/posts"}],"about":[{"href":"https:\/\/www.europesays.com\/fr\/wp-json\/wp\/v2\/types\/post"}],"author":[{"embeddable":true,"href":"https:\/\/www.europesays.com\/fr\/wp-json\/wp\/v2\/users\/2"}],"replies":[{"embeddable":true,"href":"https:\/\/www.europesays.com\/fr\/wp-json\/wp\/v2\/comments?post=478775"}],"version-history":[{"count":0,"href":"https:\/\/www.europesays.com\/fr\/wp-json\/wp\/v2\/posts\/478775\/revisions"}],"wp:featuredmedia":[{"embeddable":true,"href":"https:\/\/www.europesays.com\/fr\/wp-json\/wp\/v2\/media\/478776"}],"wp:attachment":[{"href":"https:\/\/www.europesays.com\/fr\/wp-json\/wp\/v2\/media?parent=478775"}],"wp:term":[{"taxonomy":"category","embeddable":true,"href":"https:\/\/www.europesays.com\/fr\/wp-json\/wp\/v2\/categories?post=478775"},{"taxonomy":"post_tag","embeddable":true,"href":"https:\/\/www.europesays.com\/fr\/wp-json\/wp\/v2\/tags?post=478775"}],"curies":[{"name":"wp","href":"https:\/\/api.w.org\/{rel}","templated":true}]}}