{"id":478785,"date":"2025-10-21T06:04:16","date_gmt":"2025-10-21T06:04:16","guid":{"rendered":"https:\/\/www.europesays.com\/fr\/478785\/"},"modified":"2025-10-21T06:04:16","modified_gmt":"2025-10-21T06:04:16","slug":"lyon-apres-plus-dun-siecle-de-passion-la-galerie-emir-tire-sa-reverence","status":"publish","type":"post","link":"https:\/\/www.europesays.com\/fr\/478785\/","title":{"rendered":"Lyon. Apr\u00e8s plus d\u2019un si\u00e8cle de passion, la Galerie Emir tire sa r\u00e9v\u00e9rence &#8211;"},"content":{"rendered":"<p>\t\t\t\t<img loading=\"lazy\" decoding=\"async\" width=\"900\" height=\"600\" src=\"data:image\/svg+xml,%3Csvg%20xmlns=\" http:=\"\" alt=\"\" title=\"01 Galerie Emir sept 2025\u00a9Jean-Luc Mege Photography-3324-1\" class=\"wp-image-165939\" data-lazy- data-lazy- data-lazy-src=\"https:\/\/www.europesays.com\/fr\/wp-content\/uploads\/2025\/10\/01-Galerie-Emir-sept-2025\u00a9Jean-Luc-Mege-Photography-3324-1.jpg\"\/><\/p>\n<p><strong>Texte\u00a0: Jocelyne Vidal \u2013 <\/strong>Face au Th\u00e9\u00e2tre des C\u00e9lestins, c\u2019est une page d\u2019histoire qui se tourne \u00e0 Lyon. La galerie Emir, l\u2019une des plus anciennes maisons lyonnaises de vente, d\u2019expertise et de restauration de tapis d\u2019Orient, fermera ses portes en novembre. Voyage dans le temps\u2026<\/p>\n<p>\u00ab Embellir ta demeure, c\u2019est embellir ta vie\u00a0\u00bb \u2026\u00a0\u00ab\u00a0Cette maxime grav\u00e9e dans une mosa\u00efque persane inspir\u00e9e du po\u00e8te Omar Kayyam, est devenue la devise familiale\u00a0\u00bb, confie <strong>Philippe Emir<\/strong>. Avec son fr\u00e8re <strong>Alain<\/strong>, il repr\u00e9sente la troisi\u00e8me g\u00e9n\u00e9ration d\u2019une dynastie de n\u00e9gociants experts en tapis d\u2019Orient.<\/p>\n<p><img loading=\"lazy\" decoding=\"async\" aria-describedby=\"caption-attachment-165937\" class=\"size-full wp-image-165937\" src=\"data:image\/svg+xml,%3Csvg%20xmlns=\" http:=\"\" alt=\"\" width=\"900\" height=\"618\" data-lazy- data-lazy- data-lazy-src=\"https:\/\/www.europesays.com\/fr\/wp-content\/uploads\/2025\/10\/05.-Albert-Emir.jpg\"\/><\/p>\n<p id=\"caption-attachment-165937\" class=\"wp-caption-text\">Albert Emir<\/p>\n<p>Au c\u0153ur de la galerie aux allures de caravans\u00e9rail, une majestueuse grille sign\u00e9e du ferronnier d\u2019art <strong>Bouget<\/strong> se pare de rouleaux de tapis pr\u00e9cieux, entass\u00e9s comme autant de m\u00e9moires qui affleurent. Parmi eux, une reproduction du tapis de Pazyryk du Haut-Alta\u00ef, consid\u00e9r\u00e9 comme l\u2019un des plus anciens tapis conserv\u00e9s au monde.<\/p>\n<p>L\u2019original, dat\u00e9 du V\u00e8me si\u00e8cle avant J.-C., fut retrouv\u00e9 dans les glaces du Caucase avant de rejoindre les collections du mus\u00e9e de Leningrad, rappelle Philippe Emir, en effeuillant le grand livre des souvenirs.<\/p>\n<p><strong>Aux origines d\u2019une passion<\/strong><\/p>\n<p>Philippe raconte avec \u00e9motion l\u2019histoire de la Maison Emir, fond\u00e9e en 1919 par son grand-p\u00e8re <strong>Joseph<\/strong>. H\u00e9ritier d\u2019une lign\u00e9e de sp\u00e9cialistes iraniens du tapis, Joseph accueillait \u00e0 T\u00e9h\u00e9ran des soyeux lyonnais fascin\u00e9s par l\u2019Orient. L\u2019Iran des Timourides \u00e9tait alors le berceau d\u2019un savoir-faire raffin\u00e9, o\u00f9 motifs g\u00e9om\u00e9triques et laines de haute qualit\u00e9 se m\u00ealaient \u00e0 des m\u00e9daillons et compositions florales.<\/p>\n<p><img loading=\"lazy\" decoding=\"async\" aria-describedby=\"caption-attachment-165938\" class=\"size-full wp-image-165938\" src=\"data:image\/svg+xml,%3Csvg%20xmlns=\" http:=\"\" alt=\"\" width=\"900\" height=\"654\" data-lazy- data-lazy- data-lazy-src=\"https:\/\/www.europesays.com\/fr\/wp-content\/uploads\/2025\/10\/03-boutique-7-rue-de-la-republique-1950.jpg\"\/><\/p>\n<p id=\"caption-attachment-165938\" class=\"wp-caption-text\">La seconde boutique du 7, rue de la R\u00e9publique.<\/p>\n<p>Conscient de l\u2019int\u00e9r\u00eat croissant des Lyonnais pour cet art, Joseph se lance dans un long voyage vers la capitale des Gaules, \u00e0 travers montagnes et d\u00e9serts, avec une s\u00e9lection de tapis pr\u00e9cieux. Ce p\u00e9riple incarne son audace et son d\u00e9sir de partager la beaut\u00e9 d\u2019un patrimoine d\u2019une rare richesse. En 1919, il ouvre sa premi\u00e8re galerie au 11, rue Emile Zola, dans le deuxi\u00e8me arrondissement de Lyon.<\/p>\n<p><strong>Un h\u00e9ritage familial pr\u00e9serv\u00e9<\/strong><\/p>\n<p>Tr\u00e8s vite, le succ\u00e8s est au rendez-vous. En 1930, Joseph inaugure un second magasin plus spacieux au 7, rue de la R\u00e9publique. Dans les ann\u00e9es 1950, ses fils <strong>Albert<\/strong>, <strong>Andr\u00e9<\/strong> et <strong>Henri<\/strong> poursuivent la passion familiale, avec le m\u00eame culte de l\u2019authenticit\u00e9. Leurs acquisitions souvent dignes de mus\u00e9es, comptent des pi\u00e8ces remarquables\u00a0: tapis de soie Tabriz du 18\u00e8me si\u00e8cle, Ispahan de l\u2019\u00e2ge d\u2019or du tapis\u2026<\/p>\n<p>Leur finesse est telle que \u00ab\u00a0les yeux se perdent\u00a0\u00bb \u00e0 d\u00e9celer le million de n\u0153uds au m\u00e8tre carr\u00e9\u00a0! Les tapis d\u2019exception c\u00f4toient les tapisseries d\u2019Aubusson, des Flandres et de la Manufacture de la Savonnerie. La collection Emir rayonne \u00e0 Lyon avec Albert mais aussi \u00e0 Cannes avec Andr\u00e9, \u00e0 Nice avec Henri.<\/p>\n<p><img loading=\"lazy\" decoding=\"async\" aria-describedby=\"caption-attachment-165940\" class=\"size-full wp-image-165940\" src=\"data:image\/svg+xml,%3Csvg%20xmlns=\" http:=\"\" alt=\"\" width=\"900\" height=\"600\" data-lazy- data-lazy- data-lazy-src=\"https:\/\/www.europesays.com\/fr\/wp-content\/uploads\/2025\/10\/Galerie-Emir-sept-2025\u00a9Jean-Luc-Mege-Photography-3424-1.jpg\"\/><\/p>\n<p id=\"caption-attachment-165940\" class=\"wp-caption-text\">Alain et Philippe Emir sont contraints de tourner la page<\/p>\n<p><strong>Un rayonnement international. <\/strong>Dans les ann\u00e9es 80, la success-story familiale prend un nouveau tournant avec Philippe et Alain, fils d\u2019Albert Emir. Apr\u00e8s un passage aupr\u00e8s des plus grands n\u00e9gociants de tapis, Philippe rejoint son fr\u00e8re \u00e0 la t\u00eate de la galerie.<\/p>\n<p>En 2010, les deux fr\u00e8res quittent la rue de la R\u00e9publique pour s\u2019installer face au Th\u00e9\u00e2tre des C\u00e9lestins, rue Gaspard Andr\u00e9. Leur pr\u00e9sence pendant vingt ans aux salons de Londres, M\u00fcnich et Bruxelles assoit la r\u00e9putation internationale de la galerie, attirant une client\u00e8le prestigieuse.<\/p>\n<p><strong>Le dernier chapitre d\u2019une tradition tiss\u00e9e \u00e0 Lyon<\/strong><\/p>\n<p>Apr\u00e8s plus d\u2019un si\u00e8cle d\u2019existence et d\u2019expertise dans les tapis persans d\u2019exception, la Maison Emir fermera ses portes en novembre 2025. A l\u2019heure de la retraite, la rel\u00e8ve n\u2019est malheureusement pas au rendez-vous. Le contexte difficile pour les commer\u00e7ants lyonnais, notamment <a href=\"https:\/\/www.lyonpeople.com\/actualites-lyon\/actualites-politiques\/lyon-la-fermeture-de-la-presquile-sera-effective-en-juin-2025-2025-02-05.html\" target=\"_blank\" rel=\"noopener\"><strong>avec les restrictions d\u2019acc\u00e8s \u00e0 la Presqu\u2019Ile<\/strong><\/a>, a frein\u00e9 la transmission de ce pr\u00e9cieux savoir-faire.<\/p>\n<p>C\u2019est une adresse embl\u00e9matique qui dispara\u00eet\u00a0: un haut lieu o\u00f9 chaque tapis racontait une histoire et o\u00f9 l\u2019art du textile persan \u00e9tait c\u00e9l\u00e9br\u00e9 avec passion. Avec la fermeture de la Maison Emir, c\u2019est une part de l\u2019\u00e2me de Lyon -sa beaut\u00e9 intemporelle et son h\u00e9ritage artisanal- qui s\u2019\u00e9teint doucement.<\/p>\n<p><strong>Liquidation totale avant cessation d\u2019activit\u00e9<\/strong><\/p>\n<p><img loading=\"lazy\" decoding=\"async\" class=\"alignnone size-full wp-image-165941\" src=\"data:image\/svg+xml,%3Csvg%20xmlns=\" http:=\"\" alt=\"\" width=\"900\" height=\"593\" data-lazy- data-lazy- data-lazy-src=\"https:\/\/www.europesays.com\/fr\/wp-content\/uploads\/2025\/10\/Galerie-Emir-sept-2025\u00a9Jean-Luc-Mege-Photography-3956-1.jpg\"\/><\/p>\n<p><strong>Du 23 septembre au 23 novembre 2025<\/strong>, la Galerie Emir propose une liquidation exceptionnelle, avec des remises allant jusqu\u2019\u00e0 -70%, exclusivement en boutique. Une occasion rare d\u2019acqu\u00e9rir une pi\u00e8ce d\u2019exception, reflet d\u2019un savoir-faire ancestral et d\u2019une \u00e9l\u00e9gance intemporelle.<\/p>\n<p><strong>A noter\u00a0<\/strong>: avant et apr\u00e8s la liquidation, la Galerie Emir ne pratique aucun d\u00e9marchage \u00e0 domicile. Toute personne se pr\u00e9sentant chez vous en son nom, agit de mani\u00e8re frauduleuse.<\/p>\n<p><strong>Galerie Emir<br \/>6, rue Gaspard Andr\u00e9 \u2013 Lyon C\u00e9lestins<br \/><\/strong><strong>Tel. 04 78 28 05 22<br \/><\/strong><a href=\"http:\/\/www.tapisemir.com\" target=\"_blank\" rel=\"noopener\"><strong>www.tapisemir.com<\/strong><\/a><\/p>\n","protected":false},"excerpt":{"rendered":"Texte\u00a0: Jocelyne Vidal \u2013 Face au Th\u00e9\u00e2tre des C\u00e9lestins, c\u2019est une page d\u2019histoire qui se tourne \u00e0 Lyon.&hellip;\n","protected":false},"author":2,"featured_media":478786,"comment_status":"","ping_status":"","sticky":false,"template":"","format":"standard","meta":{"footnotes":""},"categories":[1889],"tags":[4257,1111,11,2430,1777,674,1011,27,60212,2428,12,25],"class_list":{"0":"post-478785","1":"post","2":"type-post","3":"status-publish","4":"format-standard","5":"has-post-thumbnail","7":"category-lyon","8":"tag-0top","9":"tag-actu","10":"tag-actualites","11":"tag-auvergne-rhone-alpes","12":"tag-eu","13":"tag-europe","14":"tag-fr","15":"tag-france","16":"tag-galerie-tapis-emir","17":"tag-lyon","18":"tag-news","19":"tag-republique-francaise"},"share_on_mastodon":{"url":"https:\/\/pubeurope.com\/@fr\/115410650042785702","error":""},"_links":{"self":[{"href":"https:\/\/www.europesays.com\/fr\/wp-json\/wp\/v2\/posts\/478785","targetHints":{"allow":["GET"]}}],"collection":[{"href":"https:\/\/www.europesays.com\/fr\/wp-json\/wp\/v2\/posts"}],"about":[{"href":"https:\/\/www.europesays.com\/fr\/wp-json\/wp\/v2\/types\/post"}],"author":[{"embeddable":true,"href":"https:\/\/www.europesays.com\/fr\/wp-json\/wp\/v2\/users\/2"}],"replies":[{"embeddable":true,"href":"https:\/\/www.europesays.com\/fr\/wp-json\/wp\/v2\/comments?post=478785"}],"version-history":[{"count":0,"href":"https:\/\/www.europesays.com\/fr\/wp-json\/wp\/v2\/posts\/478785\/revisions"}],"wp:featuredmedia":[{"embeddable":true,"href":"https:\/\/www.europesays.com\/fr\/wp-json\/wp\/v2\/media\/478786"}],"wp:attachment":[{"href":"https:\/\/www.europesays.com\/fr\/wp-json\/wp\/v2\/media?parent=478785"}],"wp:term":[{"taxonomy":"category","embeddable":true,"href":"https:\/\/www.europesays.com\/fr\/wp-json\/wp\/v2\/categories?post=478785"},{"taxonomy":"post_tag","embeddable":true,"href":"https:\/\/www.europesays.com\/fr\/wp-json\/wp\/v2\/tags?post=478785"}],"curies":[{"name":"wp","href":"https:\/\/api.w.org\/{rel}","templated":true}]}}