{"id":478800,"date":"2025-10-21T06:13:26","date_gmt":"2025-10-21T06:13:26","guid":{"rendered":"https:\/\/www.europesays.com\/fr\/478800\/"},"modified":"2025-10-21T06:13:26","modified_gmt":"2025-10-21T06:13:26","slug":"etats-unis-et-russie-preparent-un-sommet-trump-poutine","status":"publish","type":"post","link":"https:\/\/www.europesays.com\/fr\/478800\/","title":{"rendered":"Etats-Unis et Russie pr\u00e9parent un sommet Trump-Poutine\u2026"},"content":{"rendered":"<p>Zelensky veut venir au sommet en Hongrie<\/p>\n<p>Volodymyr Zelensky s\u2019est d\u00e9clar\u00e9 pr\u00eat \u00e0 se joindre \u00e0 la r\u00e9union entre Donald Trump et Vladimir Poutine s\u2019il recevait une invitation. Mais ni la date ni les modalit\u00e9s pr\u00e9cises de la rencontre n\u2019ont encore \u00e9t\u00e9 annonc\u00e9es.<\/p>\n<p>Etats-Unis et Russie pr\u00e9parent un sommet Trump-Poutine<\/p>\n<p>Le chef de la diplomatie russe Sergue\u00ef Lavrov et son homologue am\u00e9ricain Marco Rubio se sont entretenus par t\u00e9l\u00e9phone lundi afin d\u2019\u00e9voquer les modalit\u00e9s du sommet envisag\u00e9 prochainement \u00e0 Budapest entre les deux pr\u00e9sidents Vladimir Poutine et Donald Trump.<\/p>\n<p>Marco Rubio \u00ab\u00a0a soulign\u00e9 l\u2019importance des prochains engagements comme une occasion pour Moscou et Washington de collaborer afin de faire progresser une r\u00e9solution durable de la guerre entre la Russie et l\u2019Ukraine\u00a0\u00bb, a indiqu\u00e9 le porte-parole adjoint du d\u00e9partement d\u2019Etat, Tommy Pigott. De son c\u00f4t\u00e9, le minist\u00e8re russe des Affaires \u00e9trang\u00e8res a qualifi\u00e9 la discussion de \u00ab\u00a0constructive\u00a0\u00bb.<\/p>\n<p>Bienvenue dans ce nouveau Live<\/p>\n<p>Bonjour \u00e0 toutes et \u00e0 tous. Comme chaque jour, la r\u00e9daction de 20 Minutes est mobilis\u00e9e pour vous donner l\u2019ensemble des informations sur le conflit entre Kiev et Moscou.<\/p>\n<p>Alors que les armes continuent de parler en Ukraine, Donald Trump a d\u00e9cid\u00e9 de relancer sa diplomatie pour tenter d\u2019obtenir la paix. Le pr\u00e9sident am\u00e9ricain a ainsi re\u00e7u vendredi dernier Volodymyr Zelensky \u00e0 la Maison-Blanche et il a pr\u00e9vu de rencontrer prochainement Vladimir Poutine.<\/p>\n","protected":false},"excerpt":{"rendered":"Zelensky veut venir au sommet en Hongrie Volodymyr Zelensky s\u2019est d\u00e9clar\u00e9 pr\u00eat \u00e0 se joindre \u00e0 la r\u00e9union&hellip;\n","protected":false},"author":2,"featured_media":478801,"comment_status":"","ping_status":"","sticky":false,"template":"","format":"standard","meta":{"footnotes":""},"categories":[1590],"tags":[47,11,75,73,1777,674,131,74,12,136,132,220,133,135,134],"class_list":{"0":"post-478800","1":"post","2":"type-post","3":"status-publish","4":"format-standard","5":"has-post-thumbnail","7":"category-ukraine","8":"tag-actualite","9":"tag-actualites","10":"tag-donald-trump","11":"tag-etats-unis","12":"tag-eu","13":"tag-europe","14":"tag-guerre-en-ukraine","15":"tag-monde","16":"tag-news","17":"tag-otan","18":"tag-russie","19":"tag-ukraine","20":"tag-video","21":"tag-vladimir-poutine","22":"tag-volodymyr-zelensky"},"share_on_mastodon":{"url":"https:\/\/pubeurope.com\/@fr\/115410685411038769","error":""},"_links":{"self":[{"href":"https:\/\/www.europesays.com\/fr\/wp-json\/wp\/v2\/posts\/478800","targetHints":{"allow":["GET"]}}],"collection":[{"href":"https:\/\/www.europesays.com\/fr\/wp-json\/wp\/v2\/posts"}],"about":[{"href":"https:\/\/www.europesays.com\/fr\/wp-json\/wp\/v2\/types\/post"}],"author":[{"embeddable":true,"href":"https:\/\/www.europesays.com\/fr\/wp-json\/wp\/v2\/users\/2"}],"replies":[{"embeddable":true,"href":"https:\/\/www.europesays.com\/fr\/wp-json\/wp\/v2\/comments?post=478800"}],"version-history":[{"count":0,"href":"https:\/\/www.europesays.com\/fr\/wp-json\/wp\/v2\/posts\/478800\/revisions"}],"wp:featuredmedia":[{"embeddable":true,"href":"https:\/\/www.europesays.com\/fr\/wp-json\/wp\/v2\/media\/478801"}],"wp:attachment":[{"href":"https:\/\/www.europesays.com\/fr\/wp-json\/wp\/v2\/media?parent=478800"}],"wp:term":[{"taxonomy":"category","embeddable":true,"href":"https:\/\/www.europesays.com\/fr\/wp-json\/wp\/v2\/categories?post=478800"},{"taxonomy":"post_tag","embeddable":true,"href":"https:\/\/www.europesays.com\/fr\/wp-json\/wp\/v2\/tags?post=478800"}],"curies":[{"name":"wp","href":"https:\/\/api.w.org\/{rel}","templated":true}]}}