{"id":478807,"date":"2025-10-21T06:17:13","date_gmt":"2025-10-21T06:17:13","guid":{"rendered":"https:\/\/www.europesays.com\/fr\/478807\/"},"modified":"2025-10-21T06:17:13","modified_gmt":"2025-10-21T06:17:13","slug":"qui-va-plier-le-game","status":"publish","type":"post","link":"https:\/\/www.europesays.com\/fr\/478807\/","title":{"rendered":"qui va plier le game\u00a0?"},"content":{"rendered":"<p class=\"itiChapeau\">Guerres en Ukraine et au Proche-Orient, rivalit\u00e9s \u00e9conomiques et technologiques exacerb\u00e9es entre la Chine et les \u00c9tats-Unis, augmentation des budgets militaires, tensions autour de Ta\u00efwan et du nucl\u00e9aire iranien, cyberattaques contre des infrastructures et relais d\u2019information, massacres de masse \u00e0 l\u2019est de l\u2019Afrique\u00a0: face \u00e0 ce climat g\u00e9opolitique anxiog\u00e8ne, sommes-nous pour autant \u00e0 l\u2019aube d\u2019un nouvel ordre mondial\u00a0? USA, Russie, Chine, Europe\u00a0: quelles sont les armes et les faiblesses de chacune des grandes puissances pour pousser ses pions sur l\u2019\u00e9chiquier international\u00a0? Et quelles sont les bonnes raisons de rester optimiste\u00a0? El\u00e9ments de r\u00e9ponse.<\/p>\n<p>\u00ab\u00a0Les droits de douane annonc\u00e9s par les USA pourraient co\u00fbter 0.25 % de croissance \u00e0 l\u2019Europe [\u2026] tout le monde va perdre \u00e0 la guerre commerciale d\u00e9clench\u00e9e par Donald Trump, mais en 1e lieux les Etats-Unis. L\u2019ordre international et les alliances sont boulevers\u00e9s, le commerce mutuellement gagnant et la croissance mondiale sont menac\u00e9s et tout cela accroit partout de l\u2019incertitude \u00e9conomique. Ces mesures protectionnistes marquent aussi le renoncement \u00e0 un leadership am\u00e9ricain et sans doute, le retour \u00e0 un isolationnisme \u00e9conomique\u00a0\u00bb pr\u00e9voyait le Gouverneur de la banque de France Fran\u00e7ois Villeroy de Galhau, dans un entretien accord\u00e9 au Monde en avril 2025. Parall\u00e8lement, l\u2019\u00e9quilibre commercial entre la Chine et les pays \u00e9mergents vacille, l\u2019expansion industrielle du g\u00e9ant asiatique finissant par saper l\u2019\u00e9conomie de ses proches alli\u00e9s. En 2024 en effet, l\u2019OMC a re\u00e7u un nombre in\u00e9dit d\u2019enqu\u00eates commerciales pour pratiques de dumping ou subventions ill\u00e9gales (198, soit le double de 2023). Sachant que la moiti\u00e9 d\u2019entre elles provenaient de pays en voie de d\u00e9veloppement, avec lesquels la Chine entretient officiellement de bonnes relations. On dit l\u2019Europe \u2013 cette\u00a0f\u00e9d\u00e9ration d\u2019Etats-Nations comme l\u2019appelait Jacques Delors, ce lieu d\u2019\u00e9change misant sur l\u2019entente mutuelle pour prosp\u00e9rer \u2013 en passe d\u2019\u00eatre domin\u00e9e par ces nouveaux empires que sont la Chine de Xi Jinping, l\u2019Am\u00e9rique de Trump et la Russie de Poutine. Mais l\u2019Union europ\u00e9enne ne serait-elle pas en r\u00e9alit\u00e9 en position de profiter de cette p\u00e9riode tumultueuse pour s\u2019affirmer comme un mod\u00e8le de r\u00e9f\u00e9rence\u00a0? Car on l\u2019oublie trop souvent mais les pays europ\u00e9ens p\u00e8sent 22 % du PIB mondial et repr\u00e9sentent un march\u00e9 de 450 millions de consommateurs. De fait, l\u2019Europe dispose de nombreux leviers pour s\u2019illustrer comme un p\u00f4le de r\u00e9sistance\u2026 mais si et seulement si ses membres agissent ensemble en faisait valoir leurs leaderships individuels au service du collectif. Alors que les cartes du monde sont en train d\u2019\u00eatre redistribu\u00e9es, faut-il pour autant craindre l\u2019av\u00e8nement d\u2019un nouvel ordre mondial, voire d\u2019une nouvelle guerre mondiale\u00a0?<\/p>\n<p>Les grandes puissances en jeu<\/p>\n<p><strong><a href=\"https:\/\/www.mondedesgrandesecoles.fr\/la-guerre-mondiale-naura-pas-lieu-linterview-de-frederic-encel\/\" target=\"_blank\" rel=\"noreferrer noopener\">Si comme l\u2019explique Fr\u00e9d\u00e9ric Encel dans son dernier ouvrage<\/a>, la guerre mondiale n\u2019aura pas lieu, un nouvel ordre mondial est-il en train de se dessiner de fa\u00e7on durable, voire d\u00e9finitive entre des (nouvelles\u00a0?) grandes puissances en jeu\u00a0?<\/strong><\/p>\n<p>\u00ab\u00a0Oui un nouvel ordre mondial se met en place, mais rien n\u2019est jamais d\u00e9finitif. On assiste \u00e0 une recomposition des forces g\u00e9opolitiques. La mont\u00e9e en puissance de la Chine et les affrontements entre la Chine et les Etats-Unis mettent en cause l\u2019unit\u00e9 du monde occidental et l\u2019existence d\u2019un monde domin\u00e9 par les pays occidentaux. Mais cette profonde refonte internationale se fait de mani\u00e8re progressive et non brutale. C\u2019est un process long dans lequel on ne peut pas d\u00e9terminer un avant et un apr\u00e8s. Mais il est certain que des interrogations sur l\u2019unit\u00e9 du monde occidental sont pos\u00e9es par la politique de Donald Trump\u00a0\u00bb analyse Pascal Boniface, directeur de l\u2019IRIS et fondateur\u00a0d\u2019IRIS Sup\u2019, l\u2019\u00e9cole d\u2019enseignement sup\u00e9rieur de g\u00e9opolitique appliqu\u00e9e de l\u2019IRIS. De fait, quelles sont les forces et les faiblesses de chaque puissance dans ce monde en pleine restructuration\u00a0?<\/p>\n<p>USA\u00a0: amis ou ennemis\u00a0?<\/p>\n<p>Commen\u00e7ons par les Etats-Unis. Comment cet alli\u00e9 d\u2019hier est-il devenu en quelques mois seulement une menace potentielle pour l\u2019Europe et le reste du monde\u00a0? \u00ab\u00a0J\u2019aime les pays d\u2019Europe. J\u2019aime tous ces pays, vraiment, tous diff\u00e9rents. Mais l\u2019Union europ\u00e9enne a \u00e9t\u00e9 con\u00e7ue pour entuber les\u00a0\u00c9tats-Unis. C\u2019\u00e9tait l\u2019objectif et ils y sont parvenus\u00a0\u00bb avait d\u00e9clar\u00e9 Donald Trump en f\u00e9vrier 2025, brandissant la menace de l\u2019augmentation drastique des droits de douane qu\u2019il allait mettre en \u0153uvre quelques mois plus tard. \u00ab\u00a0Si les pays europ\u00e9ens ont alors d\u00e9clar\u00e9 leur volont\u00e9 d\u2019autonomie, l\u2019Union europ\u00e9enne a finalement c\u00e9d\u00e9 face aux Etats-Unis en acceptant de faire monter ses d\u00e9penses militaires \u00e0 5 % du PIB et en acceptant de payer (et non de partager avec les USA) l\u2019aide accord\u00e9e \u00e0 l\u2019Ukraine. Pourquoi\u00a0? Parce que les Europ\u00e9ens ont peur de Poutine et qu\u2019ils pensent que seuls les Etats-Unis peuvent les prot\u00e9ger face \u00e0 la menace russe.\u00a0\u00bb Ce qui revient \u00e0 constater un partage tacite des r\u00f4les entre les pr\u00e9sidents russe et am\u00e9ricain\u00a0? \u00ab\u00a0Poutine menace l\u2019Europe et Trump peut ainsi imposer aux Europ\u00e9ens des conditions qu\u2019ils n\u2019auraient pas accept\u00e9 \u00e0 une autre \u00e9poque\u00a0\u00bb estime Pascal Boniface.<\/p>\n<p>Pour autant, les Etats-Unis ne se d\u00e9sengagent pas de l\u2019Europe. \u00ab\u00a0Ils utilisent beaucoup l\u2019arme id\u00e9ologique pour diviser les Europ\u00e9ens, d\u00e9tourner leur attention et ainsi leur faire oublier leurs int\u00e9r\u00eats \u00e9conomiques et surtout financiers. Les Etats-Unis n\u2019aspirent pas \u00e0 nous convaincre. Ils nous affaiblissent \u00bb analyse Nicolas Ravailhe, avocat, sp\u00e9cialiste du droit du march\u00e9 int\u00e9rieur europ\u00e9en et enseignant-chercheur \u00e0 l\u2019Ecole de Guerre Economique. A titre d\u2019exemple,\u00ab\u00a0les revendications de Donald Trump envers l\u2019Ukraine et ses richesses \u00e9conomiques sont \u00e9loquentes. Une consultation des investissements directs \u00e9trangers en Ukraine depuis des ann\u00e9es r\u00e9v\u00e8le que les Etats-Unis y sont tr\u00e8s pr\u00e9sents, m\u00eame s\u2019ils ne sont pas les seuls\u00a0: l\u2019Allemagne a initi\u00e9 le mouvement. La d\u00e9cision europ\u00e9enne d\u2019abandonner les droits de douane sur ce qui est produit en Ukraine et import\u00e9 vers l\u2019Union europ\u00e9enne, en r\u00e9sulte. Et il s\u2019agit l\u00e0 d\u2019une arme de destruction \u00e9conomique massive de l\u2019industrie fran\u00e7aise. De fait, l\u2019objectif des Etats-Unis est de d\u00e9penser moins en Europe, notamment en r\u00e9duisant la pr\u00e9sence de soldats, tout en for\u00e7ant les Europ\u00e9ens \u00e0 acheter davantage am\u00e9ricain pour assurer leur d\u00e9fense. Il ne s\u2019agit pas d\u2019un d\u00e9sengagement am\u00e9ricain. La d\u00e9pendance \u00e9volue. Elle devient technologique \u2013 les armes vendues aux Europ\u00e9ens sont contr\u00f4l\u00e9es par les Etats-Unis, m\u00eame \u00e0 distance \u2013 au profit d\u2019un r\u00e9\u00e9quilibrage financier en faveur des Am\u00e9ricains\u00a0\u00bb ajoute-t-il dans une tribune publi\u00e9e en juillet 2025.<\/p>\n<p>Europe\u00a0: l\u2019union fait-elle vraiment la force\u00a0?<\/p>\n<p>Au-del\u00e0 d\u2019une vision g\u00e9opolitique, adopter une vision g\u00e9o\u00e9conomique s\u2019av\u00e8re donc essentielle pour comprendre la place, les enjeux, les atouts et les risques encourus par l\u2019Europe dans ce nouvel ordre mondial en construction. \u00ab\u00a0Sur la question europ\u00e9enne, nous sommes trop pollu\u00e9s par des d\u00e9bats politiques qui affectent la lucidit\u00e9 \u00e9conomique. On se positionne toujours pour ou contre l\u2019Union europ\u00e9enne, alors que ce n\u2019est pas le sujet. Concernant les entreprises fran\u00e7aises par exemple, il est essentiel qu\u2019elles s\u2019\u00e9mancipent de ce d\u00e9bat bipolaris\u00e9 pour se concentrer sur la question essentielle, \u00e0 savoir\u00a0:\u00a0comment se servir de l\u2019Europe. Halte au fantasme que nous vivons depuis 30 ans\u00a0: non l\u2019UE n\u2019est pas un moyen de garder cette puissance que la France n\u2019a plus toute seule. L\u2019UE c\u2019est un cadre, des r\u00e8gles communes, un \u00e9cosyst\u00e8me o\u00f9 celui qui cr\u00e9e la norme, cr\u00e9e le march\u00e9. Ce sont des entreprises performantes et conqu\u00e9rantes dans le monde, les meilleures, qui vont rendre l\u2019Europe performante.\u00a0\u00bb\u00a0Mais alors qu\u2019en est-il de l\u2019autonomie europ\u00e9enne\u00a0? La cr\u00e9ation d\u2019une d\u00e9fense europ\u00e9enne ou d\u2019un march\u00e9 int\u00e9rieur europ\u00e9en de la d\u00e9fense a-t-elle vraiment un int\u00e9r\u00eat\u00a0? \u00ab\u00a0Oui si on s\u2019en sert bien, non si la France fait comme d\u2019habitude\u00a0! poursuit Nicolas Ravailhe. Nous n\u2019avons pas de vision offensive de conqu\u00eate et de s\u00e9curisation des march\u00e9s. Alors m\u00eame que la priorit\u00e9 de l\u2019Union europ\u00e9enne, driv\u00e9e par l\u2019Allemagne et les Pays Bas est de s\u00e9curiser les exc\u00e9dents commerciaux aux Etats-Unis notamment.\u00a0Et ce alors m\u00eame que les Pays-Bas font le contraire de l\u2019Allemagne exportatrice. Ils s\u2019illustrent comme des \u00ab\u00a0complices\u00a0\u00bb des Chinois et des Am\u00e9ricains pour importer en Europe et attaquer les entreprises europ\u00e9ennes. Ce qui explique l\u2019absence de r\u00e9action d\u2019une Europe qui gagne \u00e0 l\u2019appui de ceux qui exportent et de ceux qui importent. Il s\u2019agit l\u00e0 de deux mod\u00e8les \u00e9conomiques oppos\u00e9s mais qui engendrent une convergence d\u2019int\u00e9r\u00eats et font que l\u2019Europe ne veut pas se prot\u00e9ger, optant pour des accords de commerce offensifs, avec comme premi\u00e8re arme son droit\u00a0\u00bb explique Nicolas Ravailhe \u00a0<\/p>\n<p><img fetchpriority=\"high\" decoding=\"async\" width=\"650\" height=\"445\" src=\"data:image\/svg+xml,%3Csvg%20xmlns=\" http:=\"\" alt=\"USA, Russie, Chine, Europe : qui va plier le game ?\" class=\"wp-image-189543\" style=\"width:794px;height:auto\" data-lazy- data-lazy- data-lazy-src=\"https:\/\/www.europesays.com\/fr\/wp-content\/uploads\/2025\/10\/batch_3.2-JDGEU-109-USA-Russie-Chine-Europe-qui-va-plier-le-game-Europe-lunion-fait-elle-vraiment-la.jpeg\"\/>\u00a9AdobeStock<\/p>\n<p>Impossible donc pour l\u2019Europe de pouvoir pr\u00e9tendre \u00e0 devenir ind\u00e9pendante des Etats-Unis et s\u2019illustrer comme un vrai p\u00f4le de r\u00e9sistance\u00a0? \u00ab\u00a0En mati\u00e8re de d\u00e9fense, on ne voit pas de volont\u00e9 commune \u00e9merger en Europe. Tout simplement parce que l\u2019Union europ\u00e9enne ne s\u2019est b\u00e2tie que sur une dimension philosophique de puissance \u00e9conomique, et non sur une dimension de puissance globale incluant la politique et la strat\u00e9gie militaire\u00a0\u00bb rappelle Fr\u00e9d\u00e9ric Encel. \u00ab\u00a0L\u2019Europe pourrait y parvenir mais estime qu\u2019elle ne le peut pas du fait de la menace russe. Mais cette menace ne devrait pas la pousser \u00e0 \u00e9viter de prendre de la distance face aux Etats-Unis lorsqu\u2019ils m\u00e8nent une politique trop brutale \u00e0 son \u00e9gard. Les Europ\u00e9ens sont t\u00e9tanis\u00e9s par la crainte de la Russie, mais une population et un march\u00e9 de 450 millions de personnes peuvent r\u00e9sister aux menaces \u00e9conomiques am\u00e9ricaines et \u00e0 la menace militaire russe\u00a0\u00bb en est convaincu Pascal Boniface.<\/p>\n<p>\u00ab\u00a0Les Chinois sont tr\u00e8s forts de notre faiblesse\u00a0\u00bb\u00a0<\/p>\n<p>Autre puissance incontournable sur l\u2019\u00e9chiquier mondial\u00a0: la Chine. \u00ab\u00a0Si son ralentissement d\u00e9mographique s\u2019impose comme une vraie faiblesse pour la Chine, sa vision \u00e0 long terme s\u2019illustre comme une force. Par ailleurs, la brutalit\u00e9 de Trump \u00e0 son \u00e9gard l\u2019a fait apparaitre comme une puissance stable et fiable, un partenaire qui respecte les r\u00e8gles internationales et sur lequel on peut compter. Finalement, on pourrait dire que la politique de Trump qui vise \u00e0 lutter contre la mont\u00e9e en puissance de la Chine l\u2019a, in fine, facilit\u00e9\u00a0\u00bb ajoute le directeur de l\u2019IRIS. Preuve en est, le rapprochement (de fa\u00e7ade\u00a0?) entre ces ennemis historiques que constituent la Chine et l\u2019Inde, lors du dernier sommet de l\u2019Organisation de coop\u00e9ration de Shanghai \u00e0 Tianjin. \u00ab\u00a0Donald Trump pense que tout le monde c\u00e8de \u00e0 la brutalit\u00e9\u00a0: \u00e7a a march\u00e9 un peu avec les Europ\u00e9ens, mais pas avec les g\u00e9ants asiatiques qui ne veulent pas se montrer faibles par rapport \u00e0 la puissance am\u00e9ricaine\u00a0\u00bb analyse-t-il.<\/p>\n<p>Ce sommet a d\u2019ailleurs \u00e9t\u00e9 l\u2019occasion pour le r\u00e9gime de Xi Jinping, de faire une d\u00e9monstration de force, \u00e0 grand renfort de d\u00e9fil\u00e9 militaire \u00e0 P\u00e9kin, cens\u00e9 d\u00e9montrer la puissance \u00e9conomique, diplomatique et militaire chinoise. Et ce alors m\u00eame que ce pays agit g\u00e9n\u00e9ralement via des voies non militaires. \u00ab\u00a0La Chine s\u2019inscrit de fa\u00e7on multis\u00e9culaire et mill\u00e9naire dans une projection de son influence et de sa puissance par des voies commerciales, \u00e9conomiques et diplomatiques. Pour autant, son objectif est tr\u00e8s clair\u00a0: redevenir la premi\u00e8re puissance mondiale. Avec cette parade militaire hallucinante de septembre dernier, la Chine a voulu nous montrer sa d\u00e9termination pour tenter de nous faire peur. Les Chinois sont tr\u00e8s forts de notre faiblesse\u00a0\u00bb consid\u00e8re Fr\u00e9d\u00e9ric Encel.<\/p>\n<p>Et les BRICS+\u00a0?<\/p>\n<p>Dans cet objectif, pourra-t-elle profiter de l\u2019appui des partenaires de l\u2019Organisation ou des autres BRICS+, ce groupe de dix pays (Br\u00e9sil, Russie, Inde, Chine, Afrique du Sud, Iran, Egypte, Emirats arabes unis, Indon\u00e9sie et Ethiopie) ayant pour but de rivaliser avec le\u00a0G7\u00a0? \u00ab\u00a0Qu\u2019on parle de l\u2019Organisation de coop\u00e9ration de Shanghai, des BRICS+ ou du Sud global, il ne s\u2019agit pas d\u2019alliances mais bien de partenaires qui agissent en commun pour augmenter leur marge de man\u0153uvre. Ils ne souhaitent pas s\u2019inscrire dans une alliance singuli\u00e8re et bilat\u00e9rale, mais dans un multi alignement leur permettant de d\u00e9velopper des partenariats, des relations privil\u00e9gi\u00e9es sujet par sujet, afin de ne plus avoir \u00e0 accepter que les Etats-Unis g\u00e8rent seuls l\u2019agenda international\u00a0\u00bb constate Pascal Boniface. \u00ab\u00a0La coh\u00e9sion et les moyens \u00e9conomiques mis en commun par ces Etats sont bien trop faibles. L\u2019\u00e9tat de guerre technique qui r\u00e8gne entre certaines de leurs puissances principales et l\u2019affaiblissement consid\u00e9rable de plusieurs de ses Etats (Afrique du Sud et Ethiopie, notamment)\u00a0font qu\u2019en termes de nouveau p\u00f4les de puissance, il ne s\u2019agit pas d\u2019un acteur s\u00e9rieux\u00a0\u00bb ajoute Fr\u00e9d\u00e9ric Encel.<\/p>\n<p>Oui la voix de la France est encore audible\u2026 mais moins<\/p>\n<p>Et au milieu de toutes ces grandes puissances, la France a-t-elle encore les moyens de s\u2019illustrer en irr\u00e9ductible gauloise\u00a0? Parmi ses atouts\u00a0: la diversification de son tissu industriel et des g\u00e9ants industriels nationaux dans tous les secteurs, qui lui permettent d\u2019\u00eatre polyvalente et r\u00e9siliente en temps de crise. C\u2019est aussi une nation innovante qui ma\u00eetrise des technologies cl\u00e9s et qui dispose d\u2019une main d\u2019\u0153uvre tr\u00e8s bien form\u00e9e, tr\u00e8s qualifi\u00e9e (mais qui co\u00fbte cher) et qui t\u00e9moigne de sa volont\u00e9 d\u2019investir dans des domaines strat\u00e9giques, comme l\u2019\u00e9nergie, l\u2019IA ou le quantique, pour ce citez qu\u2019eux.<\/p>\n<p><img loading=\"lazy\" decoding=\"async\" width=\"650\" height=\"426\" src=\"data:image\/svg+xml,%3Csvg%20xmlns=\" http:=\"\" alt=\"USA, Russie, Chine, Europe : qui va plier le game ? \" class=\"wp-image-189544\" style=\"width:800px;height:auto\" data-lazy- data-lazy- data-lazy-src=\"https:\/\/www.europesays.com\/fr\/wp-content\/uploads\/2025\/10\/batch_4-JDGEU-109-USA-Russie-Chine-Europe-qui-va-plier-le-game-Oui-la-voix-de-la-France-est-encore-a.jpeg\"\/>\u00a9AdobeStock<\/p>\n<p>Obstacle de taille toutefois\u00a0: \u00ab\u00a0la France n\u2019a pas de strat\u00e9gie offensive en mati\u00e8re g\u00e9o\u00e9conomique dans le march\u00e9 int\u00e9rieur europ\u00e9en. Rien ne changera tant que Paris ne remettra pas en cause les d\u00e9s\u00e9quilibres \u00e9conomiques en mati\u00e8re civile dans le march\u00e9 int\u00e9rieur europ\u00e9en, \u00e0 savoir une France en d\u00e9ficit des \u00e9changes commerciaux face aux autres \u00c9tats en exc\u00e9dents. Dans sa relation avec les autres \u00c9tats europ\u00e9ens, la France devrait faire compenser ses d\u00e9ficits en mati\u00e8re civile par des acquisitions des autres \u00c9tats europ\u00e9ens de mat\u00e9riels militaires fabriqu\u00e9s en France comme le font les Etats-Unis. S\u2019il ne s\u2019agit pas d\u2019une logique de Frexit, un rapport de force est n\u00e9cessaire en vue d\u2019une ren\u00e9gociation au sein de l\u2019UE pour r\u00e9\u00e9quilibrer un d\u00e9ficit commercial abyssal. La France s\u2019endette pour servir les succ\u00e8s \u00e9conomiques de ses partenaires europ\u00e9ens. Ce n\u2019est plus tenable pour notre pacte social. Nos partenaires et concurrents europ\u00e9ens doivent l\u2019entendre et acheter ce que nous produisons, des mat\u00e9riels de d\u00e9fense\u00a0\u00bb pr\u00e9cise Nicolas Ravailhe dans une tribune publi\u00e9e en juillet 2025. \u00ab\u00a0M\u00eame si je suis partisan de la pluridisciplinarit\u00e9, il faudrait peut-\u00eatre enseigner un peu moins la g\u00e9opolitique et introduire un peu plus de g\u00e9o\u00e9conomie en France. Une discipline qui permet de d\u00e9finir des strat\u00e9gies d\u2019innovation technologiques appuy\u00e9es par des strat\u00e9gies politiques, du droit positif, des financement publics mais aussi priv\u00e9s. La France doit cr\u00e9er une symbiose plus forte entre op\u00e9rateurs \u00e9conomiques publics et priv\u00e9s et il faudrait que ces op\u00e9rateurs priv\u00e9s soient plus strat\u00e8ges dans ce qu\u2019ils demandent \u00e0 l\u2019Etat. Je le rappelle, nous ne sommes pas un pays qui d\u00e9pense trop, mais un pays qui d\u00e9pense mal et qui ne gagne pas assez. Nous n\u2019avons pas compris le march\u00e9 int\u00e9rieur europ\u00e9en\u00a0: le r\u00f4le de l\u2019Union europ\u00e9enne c\u2019est d\u2019aider les meilleurs \u00e0 r\u00e9ussir, et la France a beaucoup de qualit\u00e9s non mobilis\u00e9es\u00a0\u00bb estime <a href=\"https:\/\/www.ege.fr\/ecole\/corps-professoral\/nicolas-ravailhe\" target=\"_blank\" rel=\"noreferrer noopener\">Nicolas Ravailhe<\/a>.<\/p>\n<p>Outre cet aspect \u00e9conomique absolument central, la voix de la France est-elle encore audible et cr\u00e9dible au niveau diplomatique\u00a0? \u00ab\u00a0Prenons notre relation avec l\u2019Allemagne\u00a0: si la France y est desservie par rapport \u00e0 l\u2019\u00e9tat de son \u00e9conomie, elle reste une puissance nucl\u00e9aire et un membre permanent du Conseil de s\u00e9curit\u00e9 de l\u2019ONU. Pour autant, on per\u00e7oit un relatif d\u00e9clin\u00a0: oui la voix de la France continue de compter, mais elle compte moins qu\u2019avant. Sa recherche de coh\u00e9rence au sein de l\u2019Union europ\u00e9enne a conduit la France \u00e0 \u00eatre moins originale. Elle est entr\u00e9e dans le rang alors qu\u2019elle \u00e9tait un pays qui se distinguait par une position plus forte et plus singuli\u00e8re (sur le conflit Isra\u00e9lo-palestinien par exemple). La recherche de coh\u00e9rence europ\u00e9enne et la mont\u00e9e en puissance des autres nations relativisent la puissance fran\u00e7aise\u00a0\u00bb analyse Pascal Boniface. \u00ab\u00a0La France est le pays le plus en pointe dans la volont\u00e9 d\u2019acc\u00e9der \u00e0 ce qui me parait fondamental pour ne pas disparaitre du radar des puissances et garder son destin en main\u00a0: une Europe puissante. Mais \u00e7a ne suffit pas\u00a0! La mont\u00e9e des populismes europ\u00e9o-sceptiques est une \u00e9p\u00e9e de Damocl\u00e8s qui p\u00e8se sur une Europe puissante. Si dans les ann\u00e9es 50, le moteur de la cr\u00e9ation d\u2019une Europe \u00e9conomique \u00e9tait franco-allemand, je pense que la constitution d\u2019une Europe puissante sur le plan politico-militaire passe aujourd\u2019hui par un tandem franco-britannique, les deux seules puissances globales europ\u00e9ennes qui se pr\u00e9sentent comme telles et qui en ont encore les moyens\u00a0\u00bb pond\u00e8re Fr\u00e9d\u00e9ric Encel.<\/p>\n<blockquote class=\"wp-block-quote is-layout-flow wp-block-quote-is-layout-flow\">\n<p><strong>Mais alors qui gagne la partie mondiale\u00a0?<\/strong><\/p>\n<p>Si en g\u00e9opolitique rien n\u2019est jamais d\u00e9finitif, de grandes tendances semblent donc se dessiner pour les prochaines ann\u00e9es. \u00ab\u00a0La Russie va gagner des territoires mais le prix de la guerre \u00e0 payer va peser lourd sur son avenir. La Chine b\u00e9n\u00e9ficie et va b\u00e9n\u00e9ficier du caract\u00e8re brutal, imp\u00e9tueux et court-termiste de Trump. Quant \u00e0 l\u2019Union europ\u00e9enne elle sera perdante si sa timidit\u00e9 persiste vis-\u00e0-vis des Etats-Unis\u00a0\u00bb r\u00e9sume Pascal Boniface. Un point de vue partag\u00e9 par Fr\u00e9d\u00e9ric Encel. \u00ab\u00a0Soit l\u2019Europe parvient tr\u00e8s vite \u00e0 d\u00e9montrer, \u00e0 tout le moins, une r\u00e9ponse politico-identitaire commune \u00e0 m\u00eame de lui faire poursuivre des objectifs coh\u00e9rents et ambitieux avec en fer de lance un tandem franco-britannique tr\u00e8s soud\u00e9, soit elle disparaitra du radar des grandes puissances et ne pourra plus garantir la sauvegarde de ses int\u00e9r\u00eats et de ses valeurs.\u00a0\u00bb Il consid\u00e8re par ailleurs que \u00ab\u00a0les Etats-Unis vont rester de loin la premi\u00e8re puissance mondiale, m\u00eame si la Chine s\u2019affirme comme une nouvelle grande puissance, en d\u00e9pit de probl\u00e8mes structurels gravissimes. Je crois aussi beaucoup \u00e0 la mont\u00e9e en puissance de l\u2019Inde et du Vietnam (qui suivent la trajectoire chinoise des ann\u00e9es 80\/90), du Maroc et du Rwanda. L\u2019Australie et le Canada, s\u2019ils le souhaitaient, pourraient aussi devenir d\u2019authentiques puissances globales. Et ce pour plusieurs raisons\u00a0: un tr\u00e8s haut niveau d\u2019ing\u00e9nierie, des ressources \u00e9nerg\u00e9tiques quasi in\u00e9puisables, des espaces maritimes importants (sachant que l\u2019avenir \u00e9nerg\u00e9tique de la plan\u00e8te passe par les mers), et l\u2019absence d\u2019ennemis directs \u00e0 leurs fronti\u00e8res\u00a0\u00bb conclut-il. \u00a0<\/p>\n<\/blockquote>\n<p>Apprendre la g\u00e9opolitique \u00e0 l\u2019\u00e9cole ce n\u2019est pas un +, c\u2019est un must have<\/p>\n<p><strong>Vous l\u2019avez compris, impossible donc d\u2019\u00e9voluer dans ce nouvel \u00e9cosyst\u00e8me mondial sans en comprendre les enjeux. Et pour comprendre, il n\u2019y a rien de mieux qu\u2019appendre\u00a0! Si la g\u00e9opolitique a fait son apparition au lyc\u00e9e avec la r\u00e9forme du bac, elle est depuis une des sp\u00e9cialit\u00e9s les plus pl\u00e9biscit\u00e9es. Et \u00e0 raison.<\/strong><\/p>\n<p><img loading=\"lazy\" decoding=\"async\" width=\"650\" height=\"975\" src=\"data:image\/svg+xml,%3Csvg%20xmlns=\" http:=\"\" alt=\"Pascal Boniface\" class=\"wp-image-189559\" style=\"width:235px;height:auto\" data-lazy- data-lazy- data-lazy-src=\"https:\/\/www.europesays.com\/fr\/wp-content\/uploads\/2025\/10\/batch_pascal-boniface-Copyright-Sophie-Palmier-650x975.jpg\"\/>Pascal Boniface \u00a9 Sophie Palmier<\/p>\n<p>Mais \u00e7a n\u2019a pas toujours \u00e9t\u00e9 le cas. \u00ab\u00a0Il est certain que lorsque j\u2019ai commenc\u00e9 la g\u00e9opolitique dans les ann\u00e9es 80, elle \u00e9tait per\u00e7ue comme une mati\u00e8re aust\u00e8re r\u00e9serv\u00e9e \u00e0 des sp\u00e9cialistes. Et il faut reconnaitre qu\u2019en dehors du 7e arrondissement de Paris, on s\u2019y int\u00e9ressait peu. Mais aujourd\u2019hui elle a conquis le grand public qui a compris que, dans un monde aussi globalis\u00e9, on ne pouvait plus parler d\u2019affaires \u00e9trang\u00e8res\u00a0au sens classique du terme, tant les conflits internationaux ont des r\u00e9percussions directes sur le national\u00a0\u00bb se rappelle Pascal Boniface. Preuve de cet engouement, les r\u00e9seaux sociaux se sont \u00e0 leur tour empar\u00e9s de ces questions et le <a href=\"https:\/\/www.iris-france.org\/\" target=\"_blank\" rel=\"noopener\">directeur de l\u2019IRIS<\/a> fait d\u2019ailleurs partie des g\u00e9opolitologues les plus suivis sur TikTok. Mais la popularisation de cette discipline autrefois r\u00e9serv\u00e9e \u00e0 quelques initi\u00e9s ne serait-elle pas \u00e0 m\u00eame de la d\u00e9voyer\u00a0? \u00ab\u00a0On peut tr\u00e8s bien simplifier sans simplification. Penser que la g\u00e9opolitique ce sont des mots compliqu\u00e9s et un savoir d\u00e9tenu par une poign\u00e9e d\u2019experts, c\u2019est se tromper. C\u2019est au contraire un enjeu citoyen auquel tout le monde doit avoir acc\u00e8s. Avec mes ouvrages G\u00e9ostrategix ou <a href=\"https:\/\/www.editions-eyrolles.com\/livre\/la-geopolitique-6\" target=\"_blank\" rel=\"noreferrer noopener\">La g\u00e9opolitique, 50 fiches pour comprendre l\u2019actualit\u00e9<\/a>, je permets, aux \u00e9tudiants notamment, de se doter d\u2019un socle de comp\u00e9tences de base\u2026 ce qui ne les emp\u00eache pas bien s\u00fbr d\u2019aller plus loin. D\u2019autant que tous les professeurs d\u2019histoire-g\u00e9ographie que je rencontre sont unanimes\u00a0: l\u2019introduction de la g\u00e9opolitique a modifi\u00e9 leur relation avec leurs \u00e9l\u00e8ves. \u00c7a les passionne, \u00e7a suscite plus de d\u00e9bat et d\u2019interrogations et \u00e7a a remis l\u2019enseignant en position de personne ressource.\u00a0\u00bb<\/p>\n<p>G\u00e9opolitique ET business<\/p>\n<p>Un engouement qui ne s\u2019arr\u00eate pas au lyc\u00e9e. De nombreuses grandes \u00e9coles de commerce se sont en effet empar\u00e9es du sujet, mettant en exergue le lien de plus en plus pr\u00e9gnant existant entre g\u00e9opolitique et business. C\u2019est notamment le cas de l\u2019ESSEC <a href=\"https:\/\/www.mondedesgrandesecoles.fr\/thomas-friang-nomme-directeur-executif-de-linstitut-geopolitique-business-de-lessec-business-school\/\" target=\"_blank\" rel=\"noreferrer noopener\">qui a inaugur\u00e9 son Institut G\u00e9opolitique &amp; Business<\/a> cette ann\u00e9e, et qui b\u00e9n\u00e9ficie d\u2019ailleurs d\u2019une certaine ant\u00e9riorit\u00e9 sur le sujet. \u00ab\u00a0\u00c7a fait 30 ans qu\u2019on a introduit la g\u00e9opolitique dans nos formations\u00a0et nous avons aujourd\u2019hui trois fili\u00e8res en lien avec ces enjeux, tient en effet \u00e0 rappeler <a href=\"https:\/\/faculty.essec.edu\/cv\/colson-aurelien\/\" target=\"_blank\" rel=\"noreferrer noopener\">Aur\u00e9lien Colson, co-directeur acad\u00e9mique de l\u2019Institut.<\/a> Quand j\u2019ai lanc\u00e9 la fili\u00e8re consacr\u00e9e aux enjeux de d\u00e9fense en 2020 (soit avant le conflit en Ukraine), certains de mes coll\u00e8gues ont pu \u00eatre sceptiques\u00a0: c\u2019\u00e9tait du jamais vu dans une \u00e9cole de commerce. Mais aujourd\u2019hui c\u2019est une de nos fili\u00e8res qui a le plus de succ\u00e8s. Il faut dire qu\u2019elle offre des exp\u00e9riences assez in\u00e9dites. Nous avons notamment nou\u00e9 un partenariat avec le porte-avion Charles de Gaulle, qui permet \u00e0 nos \u00e9tudiants d\u2019aller visiter le b\u00e2timent et \u00e0 des officiers de suivre, \u00e0 l\u2019ESSEC, des cours ou des briefings en g\u00e9opolitique.\u00a0\u00bb Parall\u00e8lement, l\u2019\u00e9cole forme chaque ann\u00e9e \u00e0 la n\u00e9gociation internationale l\u2019ensemble des diplomates recrut\u00e9s par le minist\u00e8re de l\u2019Europe et des Affaires \u00e9trang\u00e8res, ainsi que des hauts responsables de la Commission europ\u00e9enne. \u00ab\u00a0On ne peut plus concevoir la vie \u00e9conomique sans regarder de pr\u00e8s l\u2019impact des soubresauts g\u00e9opolitiques sur nos entreprises.\u00a0 Notre mission c\u2019est de former des dirigeants d\u2019entreprise geopolitics proof, r\u00e9silients et vigilants face \u00e0 ces impacts.\u00a0\u00bb Cela se traduit en quatre axes\u00a0: la recherche bien s\u00fbr (avec un groupe de 25 enseignants-chercheurs), des r\u00e9flexions avec des responsables d\u2019entreprise en mode think tank, la formation initiale avec de nouveaux cours concentr\u00e9s sur cette connexion entre g\u00e9opolitique et business, et la formation executive. \u00ab\u00a0Cet engouement global pour la g\u00e9opolitique me rassure, notamment quant \u00e0 la lucidit\u00e9 de nos \u00e9tudiants sur le d\u00e9sordre du monde et \u00e0 leur envie d\u2019\u00eatre \u00e9quip\u00e9s des outils et savoir-faire qui les aideront, en tant que responsables d\u2019entreprise, \u00e0 avoir cette vigilance et cette r\u00e9silience face aux chocs\u00a0\u00bb conclut Aur\u00e9lien Colson.<\/p>\n","protected":false},"excerpt":{"rendered":"Guerres en Ukraine et au Proche-Orient, rivalit\u00e9s \u00e9conomiques et technologiques exacerb\u00e9es entre la Chine et les \u00c9tats-Unis, augmentation&hellip;\n","protected":false},"author":2,"featured_media":478808,"comment_status":"","ping_status":"","sticky":false,"template":"","format":"standard","meta":{"footnotes":""},"categories":[1586],"tags":[11,1777,674,1011,27,3535,14,12,25],"class_list":{"0":"post-478807","1":"post","2":"type-post","3":"status-publish","4":"format-standard","5":"has-post-thumbnail","7":"category-europe","8":"tag-actualites","9":"tag-eu","10":"tag-europe","11":"tag-fr","12":"tag-france","13":"tag-geopolitique","14":"tag-international","15":"tag-news","16":"tag-republique-francaise"},"share_on_mastodon":{"url":"https:\/\/pubeurope.com\/@fr\/115410701111209423","error":""},"_links":{"self":[{"href":"https:\/\/www.europesays.com\/fr\/wp-json\/wp\/v2\/posts\/478807","targetHints":{"allow":["GET"]}}],"collection":[{"href":"https:\/\/www.europesays.com\/fr\/wp-json\/wp\/v2\/posts"}],"about":[{"href":"https:\/\/www.europesays.com\/fr\/wp-json\/wp\/v2\/types\/post"}],"author":[{"embeddable":true,"href":"https:\/\/www.europesays.com\/fr\/wp-json\/wp\/v2\/users\/2"}],"replies":[{"embeddable":true,"href":"https:\/\/www.europesays.com\/fr\/wp-json\/wp\/v2\/comments?post=478807"}],"version-history":[{"count":0,"href":"https:\/\/www.europesays.com\/fr\/wp-json\/wp\/v2\/posts\/478807\/revisions"}],"wp:featuredmedia":[{"embeddable":true,"href":"https:\/\/www.europesays.com\/fr\/wp-json\/wp\/v2\/media\/478808"}],"wp:attachment":[{"href":"https:\/\/www.europesays.com\/fr\/wp-json\/wp\/v2\/media?parent=478807"}],"wp:term":[{"taxonomy":"category","embeddable":true,"href":"https:\/\/www.europesays.com\/fr\/wp-json\/wp\/v2\/categories?post=478807"},{"taxonomy":"post_tag","embeddable":true,"href":"https:\/\/www.europesays.com\/fr\/wp-json\/wp\/v2\/tags?post=478807"}],"curies":[{"name":"wp","href":"https:\/\/api.w.org\/{rel}","templated":true}]}}