{"id":478811,"date":"2025-10-21T06:19:10","date_gmt":"2025-10-21T06:19:10","guid":{"rendered":"https:\/\/www.europesays.com\/fr\/478811\/"},"modified":"2025-10-21T06:19:10","modified_gmt":"2025-10-21T06:19:10","slug":"retraites-pourquoi-les-generations-nees-entre-1963-et-1965-pourraient-echapper-a-la-hausse-de-lage-legal","status":"publish","type":"post","link":"https:\/\/www.europesays.com\/fr\/478811\/","title":{"rendered":"Retraites : pourquoi les g\u00e9n\u00e9rations n\u00e9es entre 1963 et 1965 pourraient \u00e9chapper \u00e0 la hausse de l\u2019\u00e2ge l\u00e9gal"},"content":{"rendered":"<p>Alors que la brume automnale enveloppe la France et que les feuilles jonchent nos trottoirs, un vent de surprise souffle sur les futurs retrait\u00e9s. L&rsquo;annonce fracassante de la suspension de la r\u00e9forme des retraites jusqu&rsquo;en 2027 vient bouleverser bien des plans. Pour les g\u00e9n\u00e9rations n\u00e9es entre 1963 et 1965, une question br\u00fble toutes les l\u00e8vres : vont-elles vraiment \u00e9chapper \u00e0 la hausse de l&rsquo;\u00e2ge l\u00e9gal, et si oui, comment ? D\u00e9cryptons ensemble ce sursis inattendu qui redessine la carte des d\u00e9parts \u00e0 la retraite et ses r\u00e9percussions, parfois insoup\u00e7onn\u00e9es, sur l&rsquo;\u00e9quilibre entre g\u00e9n\u00e9rations.<\/p>\n<p>Un sursis inattendu : comment la r\u00e9forme repouss\u00e9e change la donne pour les 1963-1965<\/p>\n<p>La r\u00e9forme des retraites, adopt\u00e9e en 2023, imposait une mont\u00e9e en puissance redout\u00e9e de l&rsquo;\u00e2ge l\u00e9gal de d\u00e9part, repoussant ce seuil de 62 \u00e0 64 ans par paliers de trois mois selon l&rsquo;ann\u00e9e de naissance. Mais, coup de th\u00e9\u00e2tre d\u00e9but octobre 2025 : le Premier ministre annonce la <strong>suspension du calendrier<\/strong> jusqu&rsquo;apr\u00e8s l&rsquo;\u00e9lection pr\u00e9sidentielle de 2027. N&rsquo;y voyez pas encore un ch\u00e8que en blanc : \u00e0 ce stade, il s&rsquo;agit d&rsquo;un projet \u00e0 traduire dans la loi, qui devra franchir le cap du Parlement. Rien n&rsquo;est donc d\u00e9finitivement vot\u00e9, mais la donne a d\u00e9j\u00e0 chang\u00e9 dans les esprits\u2026 et les calculatrices.<\/p>\n<p>Ce report n&rsquo;arrive pas par hasard. Les d\u00e9bats budg\u00e9taires 2026 s&rsquo;annon\u00e7aient \u00e9lectriques, \u00e9pic\u00e9s de quelques motions de censure \u00e9chou\u00e9es, rendant imp\u00e9ratif un compromis politique. L&rsquo;enjeu pour l&rsquo;ex\u00e9cutif est de temporiser, tout en maintenant les engagements europ\u00e9ens sur les finances publiques. En somme, la r\u00e9forme fait, pour l&rsquo;instant, une sieste prolong\u00e9e\u2026 et certains y voient une s\u00e9rieuse opportunit\u00e9.<\/p>\n<p>Les param\u00e8tres de la r\u00e9forme : comprendre ce qui devait changer et ce qui est report\u00e9<\/p>\n<p>Sous le r\u00e9gime de la r\u00e9forme 2023, l&rsquo;\u00e2ge l\u00e9gal grimpait inexorablement selon la r\u00e8gle suivante :<\/p>\n<ul>\n<li>N\u00e9 en 1961 : 62 ans<\/li>\n<li>N\u00e9 en 1962 : 62 ans 3 mois<\/li>\n<li>N\u00e9 en 1963 : 62 ans 6 mois<\/li>\n<li>N\u00e9 en 1964 : 63 ans<\/li>\n<li>N\u00e9 en 1965 : 63 ans 3 mois<\/li>\n<li>N\u00e9 en 1966 : 63 ans 6 mois<\/li>\n<li>N\u00e9 en 1967 : 63 ans 9 mois<\/li>\n<li>N\u00e9 en 1968 et apr\u00e8s : 64 ans<\/li>\n<\/ul>\n<p><strong>Avec la suspension d\u00e9cid\u00e9e<\/strong>, plusieurs sc\u00e9narios sont \u00e9voqu\u00e9s : soit on stabilise l&rsquo;\u00e2ge autour de 62 ans 9 mois (le niveau atteint fin 2025), soit \u00e0 63 ans. Ce gel peut ne concerner que l&rsquo;\u00e2ge l\u00e9gal \u2013 ou aussi la dur\u00e9e d&rsquo;assurance (le fameux nombre de trimestres n\u00e9cessaires pour une retraite \u00e0 taux plein). Ce d\u00e9tail aura son importance, comme nous le verrons plus bas.<\/p>\n<p>Partir avant la vague : ce qui attend r\u00e9ellement les g\u00e9n\u00e9rations 1963-1965<\/p>\n<p>Pour les futurs retrait\u00e9s n\u00e9s entre 1963 et 1965, l&rsquo;hiver 2025 pourrait bien prendre une tournure inattendue. Alors que la perspective de devoir travailler davantage semblait in\u00e9luctable, ce gel juridique ouvre la porte \u00e0 un <strong>d\u00e9part anticip\u00e9<\/strong> par rapport aux pr\u00e9c\u00e9dentes projections.<\/p>\n<p>Une opportunit\u00e9 rare : profiter de l&rsquo;ancien \u00e2ge l\u00e9gal, mode d&#8217;emploi<\/p>\n<p>En maintenant l&rsquo;\u00e2ge l\u00e9gal \u00e0 62 ans 9 mois ou 63 ans, on pr\u00e9serve la possibilit\u00e9 pour ces g\u00e9n\u00e9rations de prendre leur retraite selon l&rsquo;ancien calendrier :<\/p>\n<tr>\nAnn\u00e9e de naissance<br \/>\n\u00c2ge de d\u00e9part selon loi 2023<br \/>\n\u00c2ge de d\u00e9part si gel \u00e0 62 ans 9 mois<br \/>\nGain<br \/>\n<\/tr>\n<tr>\n<td>1964<\/td>\n<td>63 ans<\/td>\n<td>62 ans 9 mois<\/td>\n<td>-3 mois<\/td>\n<\/tr>\n<tr>\n<td>1965<\/td>\n<td>63 ans 3 mois<\/td>\n<td>62 ans 9 mois<\/td>\n<td>-6 mois<\/td>\n<\/tr>\n<tr>\n<td>1966<\/td>\n<td>63 ans 6 mois<\/td>\n<td>62 ans 9 mois<\/td>\n<td>-9 mois<\/td>\n<\/tr>\n<tr>\n<td>1967<\/td>\n<td>63 ans 9 mois<\/td>\n<td>62 ans 9 mois<\/td>\n<td>-12 mois<\/td>\n<\/tr>\n<tr>\n<td>1968<\/td>\n<td>64 ans<\/td>\n<td>62 ans 9 mois<\/td>\n<td>-15 mois<\/td>\n<\/tr>\n<p><strong>Les natifs de 1964 et 1965<\/strong> figurent donc parmi les plus grands b\u00e9n\u00e9ficiaires imm\u00e9diats du report. Pour ceux de 1966 et suivants, l&rsquo;avantage est encore sup\u00e9rieur, mais leur statut d\u00e9pendra du texte final vot\u00e9. \u00c0 chaque nouvelle version parlementaire, l&rsquo;attente est donc palpable, presque \u00e9lectrisante.<\/p>\n<p> Les conditions \u00e0 remplir pour b\u00e9n\u00e9ficier de ce d\u00e9part anticip\u00e9<\/p>\n<p>Attention cependant, ce n&rsquo;est pas un passeport automatique vers la libert\u00e9. Pour profiter de cet avantage, il faudra bien remplir les conditions pr\u00e9vues par la loi lors de sa promulgation : \u00e2ge de d\u00e9part, mais aussi <strong>dur\u00e9e d&rsquo;assurance compl\u00e8te<\/strong>. En cas de gel limit\u00e9 \u00e0 l&rsquo;\u00e2ge l\u00e9gal, il restera imp\u00e9ratif d&rsquo;atteindre le nombre de trimestres requis (\u00e9voluant vers 172 trimestres pour la g\u00e9n\u00e9ration 1973). Sans cela, gare \u00e0 la d\u00e9cote, cette p\u00e9nalit\u00e9 qui peut amputer significativement chaque pension mensuelle.<\/p>\n<p>Les strat\u00e9gies \u00e0 adopter : s\u00e9curiser son dossier et optimiser son d\u00e9part<\/p>\n<p>Faire partie, le temps d&rsquo;un automne, d&rsquo;une \u00ab\u00a0g\u00e9n\u00e9ration gagnante\u00a0\u00bb ne doit pas conduire \u00e0 l&rsquo;insouciance. Pour \u00e9viter toute mauvaise surprise lors de l&rsquo;ouverture des droits, la vigilance s&rsquo;impose dans la pr\u00e9paration de votre <strong>dossier retraite<\/strong>.<\/p>\n<p> D\u00e9marches administratives et pr\u00e9cautions \u00e0 prendre pour \u00e9viter les mauvaises surprises<\/p>\n<p>Premi\u00e8re \u00e9tape essentielle : <strong>contr\u00f4ler son relev\u00e9 de carri\u00e8re<\/strong>. Un oubli de trimestre, une p\u00e9riode mal valid\u00e9e ou un changement de situation mal enregistr\u00e9 peuvent bouleverser l&rsquo;\u00e9ch\u00e9ancier. Il est vivement conseill\u00e9 d&rsquo;anticiper la demande de retraite, car les administrations n&rsquo;appr\u00e9cient gu\u00e8re les pr\u00e9cipitations de derni\u00e8re minute, surtout en p\u00e9riode de changements l\u00e9gislatifs.<\/p>\n<p>Bien calculer sa retraite : astuces pour ne pas perdre au change<\/p>\n<p>Quelques conseils avis\u00e9s \u00e0 prendre en compte :<\/p>\n<ul>\n<li><strong>V\u00e9rifier l&rsquo;int\u00e9gralit\u00e9 de ses trimestres<\/strong> : chaque trimestre manquant peut entra\u00eener une d\u00e9cote, voire retarder la date r\u00e9elle du d\u00e9part effectif.<\/li>\n<li>Envisager un cumul emploi-retraite ou une retraite progressive pour faciliter sa transition professionnelle.<\/li>\n<li>Solliciter l&rsquo;aide d&rsquo;un conseiller retraite si le parcours professionnel a \u00e9t\u00e9 atypique (temps partiel, expatriation, maladie longue, etc.).<\/li>\n<li>Ne pas n\u00e9gliger les d\u00e9rogations ayant trait aux carri\u00e8res longues, \u00e0 la p\u00e9nibilit\u00e9, au handicap ou \u00e0 des r\u00e9gimes sp\u00e9ciaux : leurs r\u00e8gles sp\u00e9cifiques pr\u00e9valent, sauf modification explicite de la loi \u00e0 venir.<\/li>\n<\/ul>\n<p> Solidarit\u00e9 ou fracture ? L&rsquo;impact pour les g\u00e9n\u00e9rations voisines et le d\u00e9bat sur l&rsquo;\u00e9quit\u00e9<\/p>\n<p>Si la suspension de la r\u00e9forme s&rsquo;apparente \u00e0 une aubaine pour certains, elle provoque des frustrations du c\u00f4t\u00e9 des g\u00e9n\u00e9rations suivantes. Un effet domino qui alimente, chaque automne, le d\u00e9bat sur l&rsquo;<strong>\u00e9quit\u00e9 des syst\u00e8mes sociaux<\/strong>.<\/p>\n<p>Les g\u00e9n\u00e9rations suivantes, nouvelles grandes perdantes de la r\u00e9forme report\u00e9e<\/p>\n<p>Pour les natifs de 1966, 1967, 1968 et apr\u00e8s, le b\u00e9n\u00e9fice du \u00ab\u00a0temps gagn\u00e9\u00a0\u00bb par le gel pourrait leur \u00e9chapper, selon la date d&rsquo;application du prochain texte. Un v\u00e9ritable jeu de chaises musicales, o\u00f9 quelques mois peuvent tout bouleverser. Dans le syst\u00e8me fran\u00e7ais des retraites, l&rsquo;ann\u00e9e de naissance peut devenir une loterie, ce qui engendre une forme d&rsquo;amertume chez ceux qui voient l&rsquo;opportunit\u00e9 leur \u00e9chapper.<\/p>\n<p> La question de l&rsquo;\u00e9quit\u00e9 interg\u00e9n\u00e9rationnelle raviv\u00e9e par cette exception inattendue<\/p>\n<p>Certains \u00e9voquent d\u00e9j\u00e0 une solidarit\u00e9 compromise. D&rsquo;un point de vue budg\u00e9taire, le gel pourrait co\u00fbter jusqu&rsquo;\u00e0 0,5 milliard d&rsquo;euros en 2026, pr\u00e8s de 3 milliards d&rsquo;euros en 2027 et plus de 10 milliards \u00e0 l&rsquo;horizon 2035 si la trajectoire vers 64 ans est v\u00e9ritablement abandonn\u00e9e. Attention, ces chiffres restent des estimations, variant en fonction du calibrage l\u00e9gal (\u00e2ge, trimestres, dispositifs compensatoires). Quoi qu&rsquo;il en soit, ce sursis constitue, de fait, un cas exemplaire d&rsquo;incertitude\u2026 et parfois d&rsquo;injustice per\u00e7ue.<\/p>\n<p>Retenir l&rsquo;essentiel : ce que ce report r\u00e9v\u00e8le sur le syst\u00e8me des retraites et les le\u00e7ons \u00e0 retenir<\/p>\n<p>Jamais le syst\u00e8me fran\u00e7ais n&rsquo;a sembl\u00e9 aussi d\u00e9pendant des fluctuations politiques. Pour qui pr\u00e9pare sa retraite aujourd&rsquo;hui, <strong>s&rsquo;informer r\u00e9guli\u00e8rement<\/strong> et esp\u00e9rer des \u00e9volutions favorables sont devenus deux r\u00e9flexes indispensables.<\/p>\n<p> Une illustration des incertitudes politiques qui fa\u00e7onnent les carri\u00e8res<\/p>\n<p>Le report de la r\u00e9forme n&rsquo;est pas qu&rsquo;un ajustement technique. Il met en lumi\u00e8re la vuln\u00e9rabilit\u00e9 des g\u00e9n\u00e9rations face \u00e0 des d\u00e9cisions qui leur \u00e9chappent. L&rsquo;automne 2025 le d\u00e9montre une fois de plus : rien n&rsquo;est jamais grav\u00e9 dans le marbre. Les r\u00e8gles peuvent changer \u00e0 quelques mois de la date d\u00e9cisive, obligeant chacun \u00e0 naviguer entre prudence et optimisme.<\/p>\n<p>Entre soulagement et inqui\u00e9tude : les enseignements pour tous les futurs retrait\u00e9s<\/p>\n<p><strong>Pour les g\u00e9n\u00e9rations n\u00e9es entre 1963 et 1965<\/strong>, cette suspension, si elle se concr\u00e9tise dans la loi, repr\u00e9sentera des mois \u00ab\u00a0gagn\u00e9s\u00a0\u00bb sur leur calendrier de retraite. Mais pour tous, c&rsquo;est une invitation \u00e0 suivre attentivement l&rsquo;actualit\u00e9, \u00e0 anticiper ses d\u00e9marches\u2026 et \u00e0 d\u00e9velopper une solide capacit\u00e9 d&rsquo;adaptation. Car, en mati\u00e8re de retraite, l&rsquo;automne offre parfois d&rsquo;\u00e9tonnantes \u00e9claircies.<\/p>\n<p>La saga retraite se poursuit : entre promesses de sursis et contraintes budg\u00e9taires, chaque g\u00e9n\u00e9ration affronte aujourd&rsquo;hui ses propres d\u00e9fis. Ainsi, chaque feuille qui tombe nous rappelle deux v\u00e9rit\u00e9s essentielles : la retraite ne s&rsquo;obtient jamais sans vigilance, et mieux vaut s&rsquo;y pr\u00e9parer consciencieusement, m\u00eame lorsque le calendrier semble s&rsquo;accorder une br\u00e8ve pause.<\/p>\n","protected":false},"excerpt":{"rendered":"Alors que la brume automnale enveloppe la France et que les feuilles jonchent nos trottoirs, un vent de&hellip;\n","protected":false},"author":2,"featured_media":478812,"comment_status":"","ping_status":"","sticky":false,"template":"","format":"standard","meta":{"footnotes":""},"categories":[2],"tags":[11,1011,27,12,56,25],"class_list":{"0":"post-478811","1":"post","2":"type-post","3":"status-publish","4":"format-standard","5":"has-post-thumbnail","7":"category-actualites","8":"tag-actualites","9":"tag-fr","10":"tag-france","11":"tag-news","12":"tag-push","13":"tag-republique-francaise"},"share_on_mastodon":{"url":"https:\/\/pubeurope.com\/@fr\/115410709031295382","error":""},"_links":{"self":[{"href":"https:\/\/www.europesays.com\/fr\/wp-json\/wp\/v2\/posts\/478811","targetHints":{"allow":["GET"]}}],"collection":[{"href":"https:\/\/www.europesays.com\/fr\/wp-json\/wp\/v2\/posts"}],"about":[{"href":"https:\/\/www.europesays.com\/fr\/wp-json\/wp\/v2\/types\/post"}],"author":[{"embeddable":true,"href":"https:\/\/www.europesays.com\/fr\/wp-json\/wp\/v2\/users\/2"}],"replies":[{"embeddable":true,"href":"https:\/\/www.europesays.com\/fr\/wp-json\/wp\/v2\/comments?post=478811"}],"version-history":[{"count":0,"href":"https:\/\/www.europesays.com\/fr\/wp-json\/wp\/v2\/posts\/478811\/revisions"}],"wp:featuredmedia":[{"embeddable":true,"href":"https:\/\/www.europesays.com\/fr\/wp-json\/wp\/v2\/media\/478812"}],"wp:attachment":[{"href":"https:\/\/www.europesays.com\/fr\/wp-json\/wp\/v2\/media?parent=478811"}],"wp:term":[{"taxonomy":"category","embeddable":true,"href":"https:\/\/www.europesays.com\/fr\/wp-json\/wp\/v2\/categories?post=478811"},{"taxonomy":"post_tag","embeddable":true,"href":"https:\/\/www.europesays.com\/fr\/wp-json\/wp\/v2\/tags?post=478811"}],"curies":[{"name":"wp","href":"https:\/\/api.w.org\/{rel}","templated":true}]}}