{"id":478819,"date":"2025-10-21T06:23:11","date_gmt":"2025-10-21T06:23:11","guid":{"rendered":"https:\/\/www.europesays.com\/fr\/478819\/"},"modified":"2025-10-21T06:23:11","modified_gmt":"2025-10-21T06:23:11","slug":"un-nouveau-tours-sur-scene","status":"publish","type":"post","link":"https:\/\/www.europesays.com\/fr\/478819\/","title":{"rendered":"Un nouveau Tours sur sc\u00e8ne"},"content":{"rendered":"<p>Une nouvelle saign\u00e9e. L&rsquo;\u00e9t\u00e9 a encore \u00e9t\u00e9 cruel pour la MSL, qui a perdu de nombreux talents form\u00e9s dans l&rsquo;Hexagone. Si le <a href=\"https:\/\/www.lequipe.fr\/Volley-ball\/Actualites\/Antoine-pothron-quitte-tours-pour-belchatow\/1585315\" notaddlevel=\"true\" target=\"_blank\" rel=\"nofollow noopener\">d\u00e9part d&rsquo;Antoine Pothron<\/a> (23\u00a0ans), champion de France avec Tours, pour Belchatow en Pologne, semble dans l&rsquo;ordre des choses, ceux des jeunes Noa Duflos-Rossi (18\u00a0ans, Civitanova), Amir Tizi-Oualou (19\u00a0ans, Mod\u00e8ne), Nathan F\u00e9ral (22\u00a0ans, Cuneo), Henri L\u00e9on (21\u00a0ans, Piacenza) et Joris Seddik (19\u00a0ans, Piacenza) vers l&rsquo;Italie interpellent apr\u00e8s seulement une ou deux saisons dans les pattes. Heureusement, le volley fran\u00e7ais a de la r\u00e9serve. Outre Luca Ramon et Alexandre Strehlau \u00e0 Tours, quatre autres internationaux \u00e9voluent encore en France, tous au poste de central\u00a0: les champions olympiques Nicolas Le Goff et Quentin Jouffroy \u00e0 Montpellier, Fran\u00e7ois Huetz \u00e0 Paris et Daryl Bultor \u00e0 Ajaccio, de retour dans l&rsquo;\u00e9lite.<\/p>\n","protected":false},"excerpt":{"rendered":"Une nouvelle saign\u00e9e. L&rsquo;\u00e9t\u00e9 a encore \u00e9t\u00e9 cruel pour la MSL, qui a perdu de nombreux talents form\u00e9s&hellip;\n","protected":false},"author":2,"featured_media":478820,"comment_status":"","ping_status":"","sticky":false,"template":"","format":"standard","meta":{"footnotes":""},"categories":[1417],"tags":[1011,27,60,1470,1469],"class_list":{"0":"post-478819","1":"post","2":"type-post","3":"status-publish","4":"format-standard","5":"has-post-thumbnail","7":"category-volley","8":"tag-fr","9":"tag-france","10":"tag-sports","11":"tag-volley","12":"tag-volleyball"},"share_on_mastodon":{"url":"https:\/\/pubeurope.com\/@fr\/115410724696842932","error":""},"_links":{"self":[{"href":"https:\/\/www.europesays.com\/fr\/wp-json\/wp\/v2\/posts\/478819","targetHints":{"allow":["GET"]}}],"collection":[{"href":"https:\/\/www.europesays.com\/fr\/wp-json\/wp\/v2\/posts"}],"about":[{"href":"https:\/\/www.europesays.com\/fr\/wp-json\/wp\/v2\/types\/post"}],"author":[{"embeddable":true,"href":"https:\/\/www.europesays.com\/fr\/wp-json\/wp\/v2\/users\/2"}],"replies":[{"embeddable":true,"href":"https:\/\/www.europesays.com\/fr\/wp-json\/wp\/v2\/comments?post=478819"}],"version-history":[{"count":0,"href":"https:\/\/www.europesays.com\/fr\/wp-json\/wp\/v2\/posts\/478819\/revisions"}],"wp:featuredmedia":[{"embeddable":true,"href":"https:\/\/www.europesays.com\/fr\/wp-json\/wp\/v2\/media\/478820"}],"wp:attachment":[{"href":"https:\/\/www.europesays.com\/fr\/wp-json\/wp\/v2\/media?parent=478819"}],"wp:term":[{"taxonomy":"category","embeddable":true,"href":"https:\/\/www.europesays.com\/fr\/wp-json\/wp\/v2\/categories?post=478819"},{"taxonomy":"post_tag","embeddable":true,"href":"https:\/\/www.europesays.com\/fr\/wp-json\/wp\/v2\/tags?post=478819"}],"curies":[{"name":"wp","href":"https:\/\/api.w.org\/{rel}","templated":true}]}}