{"id":478823,"date":"2025-10-21T06:27:11","date_gmt":"2025-10-21T06:27:11","guid":{"rendered":"https:\/\/www.europesays.com\/fr\/478823\/"},"modified":"2025-10-21T06:27:11","modified_gmt":"2025-10-21T06:27:11","slug":"le-programme-du-grand-prix-de-malaisie-de-motogp","status":"publish","type":"post","link":"https:\/\/www.europesays.com\/fr\/478823\/","title":{"rendered":"Le programme du Grand Prix de Malaisie de MotoGP"},"content":{"rendered":"<p>Cette semaine, le <a href=\"https:\/\/www.autohebdo.fr\/actualites\/motogp\" data-internallinksmanager029f6b8e52c=\"4\" title=\"MotoGP\" target=\"_blank\" rel=\"noopener\">MotoGP<\/a> est de retour du c\u00f4t\u00e9 de Sepang, pour y disputer le Grand Prix de Malaisie. Alors que les deux derniers Grands Prix, en Indon\u00e9sie et en Australie, ont chacun couronn\u00e9 un nouveau vainqueur en MotoGP, la lutte pour la victoire semble une nouvelle fois tr\u00e8s ouverte.<\/p>\n<p>Le champion du monde 2025, Marc M\u00e1rquez, sera toujours absent. Bless\u00e9 depuis le Grand Prix d\u2019Indon\u00e9sie, le n\u00b093 laissera une chance \u00e0 d\u2019autres pilotes de s\u2019illustrer. Parmi les favoris, on retrouve \u00e9videmment Marco Bezzecchi, vainqueur des deux derniers Sprint, mais aussi \u00c1lex M\u00e1rquez, double vainqueur cette ann\u00e9e. Les performances r\u00e9centes de Pedro Acosta et Fabio Di Giannantonio (2e en Australie), font \u00e9galement d\u2019eux des candidats cr\u00e9dibles.<\/p>\n<p>L\u2019un des enjeux des Qualifications sera de savoir si les pilotes pourront ou non \u00e9galer le record du tour absolu de Pecco Bagnaia. L\u2019an dernier, au terme d\u2019un duel pour la pole position rest\u00e9 dans les m\u00e9moires face \u00e0 Jorge Mart\u00edn, le double champion du monde de MotoGP avait claqu\u00e9 un temps \u00e9tourdissant en 1\u201956.337, pour battre son rival de deux dixi\u00e8mes. Les deux hommes avaient rel\u00e9gu\u00e9 tous les autres pilotes de la grille \u00e0 une seconde.<\/p>\n<p>Le Grand Prix de Malaisie sera la derni\u00e8re manche de la tourn\u00e9e asiatique de MotoGP. Les s\u00e9ances auront donc une fois de plus lieu \u00e0 des horaires matinaux pour les t\u00e9l\u00e9spectateurs fran\u00e7ais et europ\u00e9ens.<\/p>\n<p><strong>\u00c0 LIRE AUSSI &gt;\u00a0<a href=\"https:\/\/www.autohebdo.fr\/actualites\/motogp\/classement-motogp-2025.html\" target=\"_blank\" rel=\"noopener\">Classement MotoGP 2025 \u2013 Le championnat apr\u00e8s le Grand Prix d\u2019Australie<\/a><\/strong><\/p>\n<p>\ud83d\udcca Le Circuit de Sepang en chiffres :<\/p>\n<p><a href=\"https:\/\/www.autohebdo.fr\/app\/uploads\/2025\/10\/mal-info.svg\" data-lbwps-width=\"420\" data-lbwps-height=\"348\" data-lbwps-srcsmall=\"https:\/\/www.autohebdo.fr\/app\/uploads\/2025\/10\/mal-info.svg\" target=\"_blank\" rel=\"noopener\"><img decoding=\"async\" class=\"aligncenter wp-image-639898\" src=\"https:\/\/www.autohebdo.fr\/app\/uploads\/2025\/10\/mal-info.svg\" alt=\"\" width=\"665\"\/><\/a><\/p>\n<ul>\n<li>Premier Grand Prix : 1999<\/li>\n<li>Nombre de tours : 20<\/li>\n<li>Longueur : 5,54 km<\/li>\n<li>Virages : 15 (10 \u00e0 droite, 5 \u00e0 gauche)<\/li>\n<li>Record de la piste : 1\u201956.337 (Pecco Bagnaia \u2013 2024)<\/li>\n<\/ul>\n<p>\ud83d\udd52 Horaires et cha\u00eenes TV du Grand Prix de Malaise \u00e0 Sepang<br \/>\n<strong>MotoGP<\/strong><\/p>\n<p><strong>Vendredi 24 octobre :\u00a0<\/strong><br \/>Essais Libres 1 : 04h45 \u2013 05h30<br \/>Essais : 09h00 \u2013 10h00<\/p>\n<p><strong>Samedi 25 octobre :\u00a0<\/strong><br \/>Essais Libres 2 : 04h10 \u2013 04h40<br \/>Qualifications 1 : 04h50 \u2013 05h05<br \/>Qualifications 2 : 05h15 \u2013 05h30<br \/>Sprint MotoGP \u2013 10 tours : 09h00<\/p>\n<p><strong>Dimanche 26 octobre :\u00a0<\/strong><br \/>Warm-up : 03h40 \u2013 03h50<br \/>Course MotoGP \u2013 20 tours : 08h00<\/p>\n<p>\ud83c\udfc6 Le classement du Championnat du monde de MotoGP avant le Grand Prix de Malaisie :<\/p>\n<p class=\"my-2 [&amp;+p]:mt-4 [&amp;_strong:has(+br)]:inline-block [&amp;_strong:has(+br)]:pb-2\">1) Marc M\u00e1rquez (Ducati) \u2013 545 pts<br \/>2) \u00c1lex M\u00e1rquez (Gresini Ducati) \u2013 379 pts<br \/>3) Marco Bezzecchi (Aprilia) \u2013 282 pts<br \/>4) Francesco Bagnaia (Ducati) \u2013 274 pts<br \/>5) Pedro Acosta (KTM) \u2013 233 pts<br \/>6) Fabio di Giannantonio (VR46 Ducati) \u2013 216 pts<br \/>7) Franco Morbidelli (VR46 Ducati) \u2013 208 pts<br \/>8) Ferm\u00edn Aldeguer (Gresini Ducati) \u2013 183 pts<br \/>9) <a href=\"https:\/\/www.autohebdo.fr\/actualites\/tag\/fabio-quartararo\" data-internallinksmanager029f6b8e52c=\"15\" title=\"Fabio Quartararo\" target=\"_blank\" rel=\"noopener\">Fabio Quartararo<\/a> (Yamaha) \u2013 166 pts<br \/>10) Ra\u00fal Fern\u00e1ndez (Trackhouse Aprilia) \u2013 146 pts<br \/>11) Johann Zarco (LCR Honda) \u2013 128 pts<br \/>12) Brad Binder (KTM) \u2013 126 pts<br \/>13) Luca Marini (Honda) \u2013 120 pts<br \/>14) Enea Bastianini (Tech3 KTM) \u2013 96 pts<br \/>15) Joan Mir (Honda) \u2013 77 pts<br \/>16) Ai Ogura (Trackhouse Aprilia) \u2013 73 pts<br \/>17) Maverick Vi\u00f1ales (Tech3 KTM) \u2013 72 pts<br \/>18) Jack Miller (Pramac Yamaha) \u2013 66 pts<br \/>19) \u00c1lex Rins (Yamaha) \u2013 60 pts<br \/>20) Miguel Oliveira (Pramac Yamaha) \u2013 36 pts<br \/>21) Jorge Mart\u00edn (Aprilia) \u2013 34 pts<br \/>22) Pol Espargar\u00f3 (KTM) \u2013 23 pts<br \/>23) Takaaki Nakagami (Honda) \u2013 10 pts<br \/>24) Lorenzo Savadori (Aprilia) \u2013 8 pts<br \/>25) Augusto Fern\u00e1ndez (Yamaha) \u2013 8 pts<br \/>26) Somkiat Chantra (LCR Honda) \u2013 6 pts<br \/>27) Aleix Espargar\u00f3 (Honda) \u2013 0 pt<br \/>28) Michele Pirro (Ducati) \u2013 0 pt<\/p>\n<p><strong><a href=\"https:\/\/www.motogp.com\/en\/gp-results\/2025\/ina\/motogp\/rac\/classification\" target=\"_blank\" rel=\"noopener\">Classement<\/a> : MotoGP.com<\/strong><\/p>\n<p><strong>\u00c0 LIRE AUSSI &gt;\u00a0<a href=\"https:\/\/www.autohebdo.fr\/actualites\/motogp\/gp-du-japon-motogp.html\" target=\"_blank\" rel=\"noopener\">GP du Japon : Bagnaia s\u2019impose, M\u00e1rquez remporte le titre<\/a><\/strong><\/p>\n","protected":false},"excerpt":{"rendered":"Cette semaine, le MotoGP est de retour du c\u00f4t\u00e9 de Sepang, pour y disputer le Grand Prix de&hellip;\n","protected":false},"author":2,"featured_media":478824,"comment_status":"","ping_status":"","sticky":false,"template":"","format":"standard","meta":{"footnotes":""},"categories":[1413],"tags":[1011,27,1457,1456,60],"class_list":{"0":"post-478823","1":"post","2":"type-post","3":"status-publish","4":"format-standard","5":"has-post-thumbnail","7":"category-moto","8":"tag-fr","9":"tag-france","10":"tag-moto","11":"tag-motocycle","12":"tag-sports"},"share_on_mastodon":{"url":"https:\/\/pubeurope.com\/@fr\/115410741027513202","error":""},"_links":{"self":[{"href":"https:\/\/www.europesays.com\/fr\/wp-json\/wp\/v2\/posts\/478823","targetHints":{"allow":["GET"]}}],"collection":[{"href":"https:\/\/www.europesays.com\/fr\/wp-json\/wp\/v2\/posts"}],"about":[{"href":"https:\/\/www.europesays.com\/fr\/wp-json\/wp\/v2\/types\/post"}],"author":[{"embeddable":true,"href":"https:\/\/www.europesays.com\/fr\/wp-json\/wp\/v2\/users\/2"}],"replies":[{"embeddable":true,"href":"https:\/\/www.europesays.com\/fr\/wp-json\/wp\/v2\/comments?post=478823"}],"version-history":[{"count":0,"href":"https:\/\/www.europesays.com\/fr\/wp-json\/wp\/v2\/posts\/478823\/revisions"}],"wp:featuredmedia":[{"embeddable":true,"href":"https:\/\/www.europesays.com\/fr\/wp-json\/wp\/v2\/media\/478824"}],"wp:attachment":[{"href":"https:\/\/www.europesays.com\/fr\/wp-json\/wp\/v2\/media?parent=478823"}],"wp:term":[{"taxonomy":"category","embeddable":true,"href":"https:\/\/www.europesays.com\/fr\/wp-json\/wp\/v2\/categories?post=478823"},{"taxonomy":"post_tag","embeddable":true,"href":"https:\/\/www.europesays.com\/fr\/wp-json\/wp\/v2\/tags?post=478823"}],"curies":[{"name":"wp","href":"https:\/\/api.w.org\/{rel}","templated":true}]}}