{"id":478825,"date":"2025-10-21T06:28:10","date_gmt":"2025-10-21T06:28:10","guid":{"rendered":"https:\/\/www.europesays.com\/fr\/478825\/"},"modified":"2025-10-21T06:28:10","modified_gmt":"2025-10-21T06:28:10","slug":"f1-rififi-et-remontrances-chez-alpine-colapinto-desobeit-gasly-en-colere-rien-ne-tourne-rond","status":"publish","type":"post","link":"https:\/\/www.europesays.com\/fr\/478825\/","title":{"rendered":"F1 Rififi et remontrances chez Alpine, Colapinto d\u00e9sob\u00e9it, Gasly en col\u00e8re, rien ne tourne rond !"},"content":{"rendered":"<p>D\u00e9cid\u00e9ment, le spectacle offert par l\u2019\u00e9curie Alpine F1, depuis un certain temps, est v\u00e9ritablement path\u00e9tique. Alors que les monoplaces d\u2019Enstone manquent d\u00e9j\u00e0 de performance, ce sont les pilotes qui se frictionnent, d\u00e9sormais. A la base, un ordre simple avait \u00e9t\u00e9 donn\u00e9 \u00e0 Franco Colapinto \u00e0 savoir, geler les positions pour ne pas trop solliciter les m\u00e9caniques. Bien loin des points, les deux pilotes n\u2019avaient effectivement pas grand int\u00e9r\u00eat \u00e0 se battre outre-mesure.<\/p>\n<p>Chez Alpine F1, Franco Colapinto a mis la pagaille !<\/p>\n<p>Oui mais voil\u00e0, le bouillant Franco Colapinto, piqu\u00e9 au vif par le retour de Gabriel Bortoleto dans ses r\u00e9troviseurs, n\u2019a pas \u00e9cout\u00e9 la consigne, d\u00e9bordant Pierre Gasly au freinage, en bout de ligne droite. S\u2019en est alors suivi un c\u00f4te \u00e0 c\u00f4te des deux Alpine, qui ont bien faill\u00e9 s\u2019accrocher. D\u2019o\u00f9 cette r\u00e9action tr\u00e8s agac\u00e9e du pilote tricolore. Apr\u00e8s coup, le patron de l\u2019\u00e9quipe a lui aussi critiqu\u00e9 l\u2019attitude de son pilote dont la d\u00e9sob\u00e9issance n\u2019est pas pass\u00e9e\u2026<\/p>\n<p>Retour sur la manoeuvre en question ainsi que sur la r\u00e9action, \u00e0 chaud dans la monoplace, de Pierre Gasly.<\/p>\n<blockquote class=\"twitter-tweet\">\n<p dir=\"ltr\" lang=\"en\">Team orders turns into an intra-team battle! \u2694\ufe0f\ud83d\udc40<\/p>\n<p>Franco Colapinto passes Pierre Gasly with an audacious overtake on his team mate \ud83d\udd00<a href=\"https:\/\/twitter.com\/hashtag\/F1?src=hash&amp;ref_src=twsrc%5Etfw\" target=\"_blank\" rel=\"noopener\">#F1<\/a> <a href=\"https:\/\/twitter.com\/hashtag\/USGP?src=hash&amp;ref_src=twsrc%5Etfw\" target=\"_blank\" rel=\"noopener\">#USGP<\/a> <a href=\"https:\/\/t.co\/ZKxR4TOPjX\">pic.twitter.com\/ZKxR4TOPjX<\/a><\/p>\n<p>\u2014 Formula 1 (@F1) <a href=\"https:\/\/twitter.com\/F1\/status\/1980065930060370171?ref_src=twsrc%5Etfw\" target=\"_blank\" rel=\"noopener\">October 20, 2025<\/a><\/p>\n<\/blockquote>\n<p>Article publi\u00e9 le 21\/10\/2025 \u00e0 5h38<\/p>\n<p>                                                            <script async src=\"https:\/\/platform.twitter.com\/widgets.js\" charset=\"utf-8\"><\/script><\/p>\n","protected":false},"excerpt":{"rendered":"D\u00e9cid\u00e9ment, le spectacle offert par l\u2019\u00e9curie Alpine F1, depuis un certain temps, est v\u00e9ritablement path\u00e9tique. Alors que les&hellip;\n","protected":false},"author":2,"featured_media":478826,"comment_status":"","ping_status":"","sticky":false,"template":"","format":"standard","meta":{"footnotes":""},"categories":[1412],"tags":[2674,1451,1452,1453,1454,1455,1011,27,2248,60],"class_list":{"0":"post-478825","1":"post","2":"type-post","3":"status-publish","4":"format-standard","5":"has-post-thumbnail","7":"category-f1","8":"tag-alpine","9":"tag-f1","10":"tag-formula-1","11":"tag-formula1","12":"tag-formule-1","13":"tag-formule1","14":"tag-fr","15":"tag-france","16":"tag-pierre-gasly","17":"tag-sports"},"share_on_mastodon":{"url":"https:\/\/pubeurope.com\/@fr\/115410744401029013","error":""},"_links":{"self":[{"href":"https:\/\/www.europesays.com\/fr\/wp-json\/wp\/v2\/posts\/478825","targetHints":{"allow":["GET"]}}],"collection":[{"href":"https:\/\/www.europesays.com\/fr\/wp-json\/wp\/v2\/posts"}],"about":[{"href":"https:\/\/www.europesays.com\/fr\/wp-json\/wp\/v2\/types\/post"}],"author":[{"embeddable":true,"href":"https:\/\/www.europesays.com\/fr\/wp-json\/wp\/v2\/users\/2"}],"replies":[{"embeddable":true,"href":"https:\/\/www.europesays.com\/fr\/wp-json\/wp\/v2\/comments?post=478825"}],"version-history":[{"count":0,"href":"https:\/\/www.europesays.com\/fr\/wp-json\/wp\/v2\/posts\/478825\/revisions"}],"wp:featuredmedia":[{"embeddable":true,"href":"https:\/\/www.europesays.com\/fr\/wp-json\/wp\/v2\/media\/478826"}],"wp:attachment":[{"href":"https:\/\/www.europesays.com\/fr\/wp-json\/wp\/v2\/media?parent=478825"}],"wp:term":[{"taxonomy":"category","embeddable":true,"href":"https:\/\/www.europesays.com\/fr\/wp-json\/wp\/v2\/categories?post=478825"},{"taxonomy":"post_tag","embeddable":true,"href":"https:\/\/www.europesays.com\/fr\/wp-json\/wp\/v2\/tags?post=478825"}],"curies":[{"name":"wp","href":"https:\/\/api.w.org\/{rel}","templated":true}]}}