{"id":478827,"date":"2025-10-21T06:29:10","date_gmt":"2025-10-21T06:29:10","guid":{"rendered":"https:\/\/www.europesays.com\/fr\/478827\/"},"modified":"2025-10-21T06:29:10","modified_gmt":"2025-10-21T06:29:10","slug":"un-nouveau-ds-au-team-lockimmo-com-actualite","status":"publish","type":"post","link":"https:\/\/www.europesays.com\/fr\/478827\/","title":{"rendered":"Un nouveau DS au Team Lockimmo.com &#8211; Actualit\u00e9"},"content":{"rendered":"<p style=\"text-align: justify;\">Le Team Lockimmo.com, la N1 du CC Nogent-sur-Oise, compte un nouveau directeur sportif pour la saison 2026. Il s\u2019agit d\u2019Anthony Molle, qui \u00e9tait ces derni\u00e8res ann\u00e9es en poste dans l\u2019\u00e9quipe Juniors d\u2019Argenteuil Val de Seine 95,\u00a0laur\u00e9ate des deux derni\u00e8res \u00e9ditions du Challenge DirectVelo Juniors. Il officiera aux c\u00f4t\u00e9s de Nicolas Louis.<\/p>\n<p>Le Team Lockimmo.com compte \u00e0 ce jour\u00a0<strong><a href=\"https:\/\/www.directvelo.com\/equipe\/18\/team-lockimmo-com\" target=\"_blank\" rel=\"noopener\">deux recrues<\/a><\/strong> pour la saison 2026.<\/p>\n","protected":false},"excerpt":{"rendered":"Le Team Lockimmo.com, la N1 du CC Nogent-sur-Oise, compte un nouveau directeur sportif pour la saison 2026. Il&hellip;\n","protected":false},"author":2,"featured_media":478828,"comment_status":"","ping_status":"","sticky":false,"template":"","format":"standard","meta":{"footnotes":""},"categories":[1411],"tags":[834,828,836,829,837,827,83,826,824,823,1154,207,814,817,815,816,822,821,832,211,839,1011,27,820,818,819,835,831,830,833,838,60,212,208,825],"class_list":{"0":"post-478827","1":"post","2":"type-post","3":"status-publish","4":"format-standard","5":"has-post-thumbnail","7":"category-cyclisme","8":"tag-attaque","9":"tag-belgique","10":"tag-braquet","11":"tag-bretagne","12":"tag-chute","13":"tag-competition","14":"tag-coupe-de-france","15":"tag-coureur","16":"tag-course-cyclisme","17":"tag-course-cycliste","18":"tag-cycling","19":"tag-cyclisme","20":"tag-direct","21":"tag-direct-velo","22":"tag-directvelo","23":"tag-directvelo-com","24":"tag-epreuve","25":"tag-epreuve-cycliste","26":"tag-federation-francaise-de-cyclisme","27":"tag-ffc","28":"tag-flandres","29":"tag-fr","30":"tag-france","31":"tag-live","32":"tag-live-course","33":"tag-live-epreuve","34":"tag-peloton","35":"tag-radio-peloton","36":"tag-radio-tour","37":"tag-ravitaillement","38":"tag-relance","39":"tag-sports","40":"tag-uci","41":"tag-velo","42":"tag-velos"},"share_on_mastodon":{"url":"https:\/\/pubeurope.com\/@fr\/115410748336503444","error":""},"_links":{"self":[{"href":"https:\/\/www.europesays.com\/fr\/wp-json\/wp\/v2\/posts\/478827","targetHints":{"allow":["GET"]}}],"collection":[{"href":"https:\/\/www.europesays.com\/fr\/wp-json\/wp\/v2\/posts"}],"about":[{"href":"https:\/\/www.europesays.com\/fr\/wp-json\/wp\/v2\/types\/post"}],"author":[{"embeddable":true,"href":"https:\/\/www.europesays.com\/fr\/wp-json\/wp\/v2\/users\/2"}],"replies":[{"embeddable":true,"href":"https:\/\/www.europesays.com\/fr\/wp-json\/wp\/v2\/comments?post=478827"}],"version-history":[{"count":0,"href":"https:\/\/www.europesays.com\/fr\/wp-json\/wp\/v2\/posts\/478827\/revisions"}],"wp:featuredmedia":[{"embeddable":true,"href":"https:\/\/www.europesays.com\/fr\/wp-json\/wp\/v2\/media\/478828"}],"wp:attachment":[{"href":"https:\/\/www.europesays.com\/fr\/wp-json\/wp\/v2\/media?parent=478827"}],"wp:term":[{"taxonomy":"category","embeddable":true,"href":"https:\/\/www.europesays.com\/fr\/wp-json\/wp\/v2\/categories?post=478827"},{"taxonomy":"post_tag","embeddable":true,"href":"https:\/\/www.europesays.com\/fr\/wp-json\/wp\/v2\/tags?post=478827"}],"curies":[{"name":"wp","href":"https:\/\/api.w.org\/{rel}","templated":true}]}}