{"id":478831,"date":"2025-10-21T06:31:12","date_gmt":"2025-10-21T06:31:12","guid":{"rendered":"https:\/\/www.europesays.com\/fr\/478831\/"},"modified":"2025-10-21T06:31:12","modified_gmt":"2025-10-21T06:31:12","slug":"cette-photo-de-samuel-etienne-face-aux-bijoux-res","status":"publish","type":"post","link":"https:\/\/www.europesays.com\/fr\/478831\/","title":{"rendered":"cette photo de Samuel Etienne face aux bijoux res &#8230;"},"content":{"rendered":"<p>EN BREF<\/p>\n<ul class=\"bloc_resume_post_list\">\n<li>Le 20 octobre 2025, Samuel Etienne r\u00e9agit sur X \u00e0 une<br \/>\nphoto le montrant au Louvre, suite \u00e0 un vol le 19<br \/>\noctobre.<\/li>\n<li>Les voleurs ont d\u00e9rob\u00e9 huit joyaux de la couronne de<br \/>\nFrance, abandonnant la couronne de l\u00a0\u00bbimp\u00e9ratrice<br \/>\nEug\u00e9nie.<\/li>\n<li>Samuel Etienne affirme que l&rsquo;image provient d&rsquo;un live<br \/>\nTwitch pass\u00e9, intriguant sur son implication<br \/>\npotentielle.<\/li>\n<\/ul>\n<p>Visage embl\u00e9matique du paysage audiovisuel fran\u00e7ais depuis d\u00e9j\u00e0<br \/>\nde tr\u00e8s longues ann\u00e9es. <a href=\"https:\/\/www.telestar.fr\/people\/samuel-etienne-combien-a-t-il-denfants-1738526\" rel=\"nofollow noopener\" target=\"_blank\"><br \/>\nSamuel Etienne<\/a> est principalement connu aujourd&rsquo;hui pour<br \/>\npr\u00e9senter le jeu culte <a href=\"https:\/\/www.telestar.fr\/actu_tv\/questions-pour-un-champion-en-partie-supprime-joel-tout-le-monde-veut-prendre-sa-place-se-lache-1736083\" rel=\"nofollow noopener\" target=\"_blank\"><br \/>\nQuestions pour un champion<\/a> sur France 3 depuis 2016. Le<br \/>\njournaliste officie en parall\u00e8le sur sa propre cha\u00eene <a href=\"https:\/\/www.telestar.fr\/people\/samuel-etienne-ses-revelations-sur-son-salaire-dans-questions-pour-un-champion-et-sur-twitch-788016\" rel=\"nofollow noopener\" target=\"_blank\"><br \/>\nTwitch<\/a>. <strong>Dont il tire aujourd&rsquo;hui l&rsquo;essentiel de ses<br \/>\nrevenus<\/strong>.<\/p>\n<p>Au cours de sa carri\u00e8re. Samuel Etienne a notamment pr\u00e9sent\u00e9 le<br \/>\n12\/13 sur l&rsquo;antenne nationale de France 3 durant plusieurs ann\u00e9es.<br \/>\nL&rsquo;animateur fut \u00e9galement \u00e0 la t\u00eate de la matinale de la cha\u00eene<br \/>\nfranceinfo. Avant de rejoindre le service public, le journaliste a<br \/>\ntravaill\u00e9 pour <a href=\"https:\/\/www.telestar.fr\/actu_tv\/stephane-guy-cinq-ans-apres-son-licenciement-le-journaliste-bientot-de-retour-sur-canal-1735150\" rel=\"nofollow noopener\" target=\"_blank\"><br \/>\nCanal+<\/a>, o\u00f9 il a incarn\u00e9 diverses \u00e9missions au fil des ann\u00e9es.<br \/>\nC\u00f4t\u00e9 radio, Samuel Etienne a longtemps offici\u00e9 sur l&rsquo;antenne<br \/>\nd&rsquo;Europe 1.<\/p>\n<p>Samuel Etienne : \u00ab\u00a0Dimanche \u00e0 9h30<br \/>\nj&rsquo;\u00e9tais \u00e0 mon domicile. Ma famille pourra le confirmer\u00a0\u00bb<\/p>\n<p>Le lundi 20 octobre 2025, l&rsquo;animateur s&rsquo;est empar\u00e9 de son compte<br \/>\nX <strong>afin de r\u00e9agir \u00e0 une actualit\u00e9 br\u00fblant<\/strong>e. Pour<br \/>\nrappel, un vol a \u00e9t\u00e9 commis au sein du <a href=\"https:\/\/www.closermag.fr\/vecu\/braquage-du-musee-du-louvre-ces-dix-photos-saisissantes-du-stratageme-des-cambrioleurs-3587755\" rel=\"nofollow noopener\" target=\"_blank\"><br \/>\nmus\u00e9e du Louvre<\/a> \u00e0 Paris durant la matin\u00e9e du dimanche 19<br \/>\noctobre 2025. Par la suite, une photo du journaliste pr\u00e9sent dans<br \/>\nla salle o\u00f9 se trouvaient les objets vol\u00e9s a commenc\u00e9 \u00e0 circuler<br \/>\nsur les r\u00e9seaux sociaux.<\/p>\n<p>\u00ab\u00a0Cette image<br \/>\ncommence \u00e0 circuler. <strong>Je pr\u00e9cise qu&rsquo;elle est issue d&rsquo;un live<br \/>\nTwitch au Louvre il y a 3 ans<\/strong>. Et que dimanche \u00e0 9h30<br \/>\nj&rsquo;\u00e9tais \u00e0 mon domicile. Ma famille pourra le confirmer (Mon<br \/>\nami Etoiles dit<br \/>\nqu&rsquo;il a aussi un alibi et qu&rsquo;il a des &lsquo;preuves&rsquo;. Je ne demande qu&rsquo;\u00e0<br \/>\nle croire)\u00a0\u00bb, a ainsi \u00e9crit Samuel Etienne. Tout en relayant \u00e0<br \/>\nson tour la fameuse photo.<\/p>\n<blockquote class=\"twitter-tweet\"><p><a class=\"twitter-link\" rel=\"noindex, nofollow noopener\" href=\"https:\/\/twitter.com\/SamuelEtienne\/status\/1980048531194065362\" target=\"_blank\"><\/p><\/blockquote>\n<p>Cambriolage au mus\u00e9e du Louvre : les<br \/>\nvoleurs ont abandonn\u00e9 \u00ab\u00a0la couronne de l&rsquo;imp\u00e9ratrice Eug\u00e9nie\u00a0\u00bb dans<br \/>\nleur fuite<\/p>\n<p>En l&rsquo;espace de seulement sept minutes. Les malfrats ont<br \/>\n<strong>vol\u00e9 huit \u00ab\u00a0joyaux de la couronne de<br \/>\nFrance\u00a0\u00bb<\/strong>. Selon les informations de<br \/>\nl&rsquo;AFP,\u00a0\u00ab\u00a0la couronne de l&rsquo;imp\u00e9ratrice Eug\u00e9nie,<br \/>\nl&rsquo;\u00e9pouse de Napol\u00e9on III, est abandonn\u00e9e par les malfaiteurs dans<br \/>\nleur fuite. Son \u00e9tat est en cours d&rsquo;examen. Mais sont emport\u00e9es<br \/>\nhuit pi\u00e8ces d&rsquo;une valeur patrimoniale inestimable selon les<br \/>\nautorit\u00e9s\u00a0\u00bb.<\/p>\n<p>\u00ab\u00a0Parmi elles, le diad\u00e8me d&rsquo;Eug\u00e9nie, <strong>qui compte pr\u00e8s<br \/>\nde 2.000 diamants<\/strong>, et le collier de la parure de saphirs<br \/>\nde Marie-Am\u00e9lie, derni\u00e8re reine de France, et d&rsquo;Hortense de<br \/>\nBeauharnais, m\u00e8re de Napol\u00e9on III. Il est compos\u00e9 de huit saphirs<br \/>\net de 631 diamants, indique le site internet du Louvre\u00a0\u00bb, ont<br \/>\n\u00e9galement ajout\u00e9 nos confr\u00e8res.<\/p>\n<p><script async src=\"https:\/\/platform.twitter.com\/widgets.js\" charset=\"utf-8\"><\/script><\/p>\n","protected":false},"excerpt":{"rendered":"EN BREF Le 20 octobre 2025, Samuel Etienne r\u00e9agit sur X \u00e0 une photo le montrant au Louvre,&hellip;\n","protected":false},"author":2,"featured_media":478832,"comment_status":"","ping_status":"","sticky":false,"template":"","format":"standard","meta":{"footnotes":""},"categories":[1359],"tags":[548,58,59,1011,27,973,11013],"class_list":{"0":"post-478831","1":"post","2":"type-post","3":"status-publish","4":"format-standard","5":"has-post-thumbnail","7":"category-people","8":"tag-article-simple","9":"tag-divertissement","10":"tag-entertainment","11":"tag-fr","12":"tag-france","13":"tag-people","14":"tag-samuel-etienne"},"share_on_mastodon":{"url":"https:\/\/pubeurope.com\/@fr\/115410756191277602","error":""},"_links":{"self":[{"href":"https:\/\/www.europesays.com\/fr\/wp-json\/wp\/v2\/posts\/478831","targetHints":{"allow":["GET"]}}],"collection":[{"href":"https:\/\/www.europesays.com\/fr\/wp-json\/wp\/v2\/posts"}],"about":[{"href":"https:\/\/www.europesays.com\/fr\/wp-json\/wp\/v2\/types\/post"}],"author":[{"embeddable":true,"href":"https:\/\/www.europesays.com\/fr\/wp-json\/wp\/v2\/users\/2"}],"replies":[{"embeddable":true,"href":"https:\/\/www.europesays.com\/fr\/wp-json\/wp\/v2\/comments?post=478831"}],"version-history":[{"count":0,"href":"https:\/\/www.europesays.com\/fr\/wp-json\/wp\/v2\/posts\/478831\/revisions"}],"wp:featuredmedia":[{"embeddable":true,"href":"https:\/\/www.europesays.com\/fr\/wp-json\/wp\/v2\/media\/478832"}],"wp:attachment":[{"href":"https:\/\/www.europesays.com\/fr\/wp-json\/wp\/v2\/media?parent=478831"}],"wp:term":[{"taxonomy":"category","embeddable":true,"href":"https:\/\/www.europesays.com\/fr\/wp-json\/wp\/v2\/categories?post=478831"},{"taxonomy":"post_tag","embeddable":true,"href":"https:\/\/www.europesays.com\/fr\/wp-json\/wp\/v2\/tags?post=478831"}],"curies":[{"name":"wp","href":"https:\/\/api.w.org\/{rel}","templated":true}]}}