{"id":478837,"date":"2025-10-21T06:34:11","date_gmt":"2025-10-21T06:34:11","guid":{"rendered":"https:\/\/www.europesays.com\/fr\/478837\/"},"modified":"2025-10-21T06:34:11","modified_gmt":"2025-10-21T06:34:11","slug":"lamour-est-dans-le-pre-spoiler-un-pretendant-leve-sa-perche-et-ravit-enfin-oceane","status":"publish","type":"post","link":"https:\/\/www.europesays.com\/fr\/478837\/","title":{"rendered":"L\u2019amour est dans le pr\u00e9 (spoiler) : un pr\u00e9tendant l\u00e8ve sa perche et ravit (enfin) Oc\u00e9ane"},"content":{"rendered":"<p>Les s\u00e9jours \u00e0 la ferme continuent dans la saison 20 de <a href=\"https:\/\/www.closermag.fr\/tv_tele_realite\/lamour-est-dans-le-pre-spoiler-tu-veux-cette-question-completement-deplacee-disabelle-au-depart-de-sylvie-3585706\" target=\"_blank\" rel=\"noopener\"><br \/>\nL\u2019amour est dans le pr\u00e9<\/a>, et l\u2019heure des choix va bient\u00f4t<br \/>\narriver. C\u2019est notamment le cas pour <a href=\"https:\/\/www.closermag.fr\/tv_tele_realite\/adp\/lamour-est-dans-le-pre-spoiler-je-me-suis-gouree-oceane-cash-sur-le-choix-de-ses-pretendants-3575522\" target=\"_blank\" rel=\"noopener\"><br \/>\nOc\u00e9ane<\/a>, la jeune mara\u00eech\u00e8re des C\u00f4tes d\u2019Armor qui a invit\u00e9<br \/>\nRobin et Florian \u00e0 venir d\u00e9couvrir son quotidien. Seulement depuis<br \/>\nleur arriv\u00e9e \u00e0 la ferme, difficile de savoir si <a href=\"https:\/\/www.closermag.fr\/tv_tele_realite\/lamour-est-dans-le-pre-spoiler-anthony-fait-machine-arriere-ces-mots-qui-vont-faire-hurler-les-fans-3585809\" target=\"_blank\" rel=\"noopener\"><br \/>\nl\u2019agricultrice<\/a> est r\u00e9ellement en train de s\u2019attacher \u00e0 l\u2019un ou<br \/>\n\u00e0 l\u2019autre. Si <strong>Robin semblait avoir pris une l\u00e9g\u00e8re avance<br \/>\ngr\u00e2ce \u00e0 son cours de tennis<\/strong>, un gage inattendu pourrait<br \/>\navoir tout g\u00e2ch\u00e9.<\/p>\n<p>Mais dans le prochain \u00e9pisode qui sera diffus\u00e9 le 27 octobre<br \/>\nprochain et d\u00e9j\u00e0 disponible sur <a href=\"https:\/\/www.m6.fr\/\" rel=\"nofollow noopener\" target=\"_blank\">M6+<\/a>, c\u2019est Florian qui prend une longueur d\u2019avance.<br \/>\nFace \u00e0 un Robin vex\u00e9 par l\u2019attitude d\u2019Oc\u00e9ane &#8211; et qui lui fait bien<br \/>\ncomprendre &#8211; <strong>Florian se montre volontaire pour participer<br \/>\naux jeux de force traditionnels bretons<\/strong> organis\u00e9s par les<br \/>\nproches de la jeune femme. Et parmi ces jeux, \u00ab\u00a0le jeu de la perche\u00a0\u00bb<br \/>\ncomme l\u2019annonce le p\u00e8re d\u2019Oc\u00e9ane.<\/p>\n<p>L\u2019amour est dans le pr\u00e9 :\u00a0 Oc\u00e9ane remarque les efforts de<br \/>\nFlorian<\/p>\n<p>Mais en quoi consiste-t-il exactement ? Le lever de la perche<br \/>\nvise \u00e0 <strong>placer une perche de plusieurs m\u00e8tres entre les<br \/>\njambes puis \u00e0 la lever<\/strong> en mettant le bassin en arri\u00e8re<br \/>\npour faire balancier. Une \u00e9preuve que Florian rel\u00e8ve avec plaisir,<br \/>\ntout comme les autres jeux pour lesquels il s\u2019est montr\u00e9<br \/>\nparticuli\u00e8rement volontaire. Un enthousiasme qui n\u2019est pas pass\u00e9<br \/>\ninaper\u00e7u chez Oc\u00e9ane qui avait demand\u00e9 \u00e0 son <a href=\"https:\/\/www.closermag.fr\/tv_tele_realite\/lamour-est-dans-le-pre-spoiler-sophie-deniche-des-infos-tres-perso-sur-jean-louis-lautre-pretendante-sous-le-choc-3581627\" target=\"_blank\" rel=\"noopener\"><br \/>\npr\u00e9tendant<\/a> de \u00ab\u00a0se l\u00e2cher\u00a0\u00bb davantage dans l&rsquo;\u00e9mission<br \/>\npr\u00e9sent\u00e9e par <a href=\"https:\/\/www.closermag.fr\/people\/karine-le-marchand-cest-brigitte-bardot-cette-angoisse-existentielle-de-lanimatrice-3580373\" rel=\"noopener\" target=\"_blank\">Karine Le Marchand<\/a>.<\/p>\n<p>\u00ab\u00a0Florian m\u2019a compl\u00e8tement entendue sur le fait que je lui<br \/>\nreprochais peut-\u00eatre de ne pas se l\u00e2cher assez etc. Il est avenant,<br \/>\nil va voir mes copines, il n\u2019a pas peur de parler\u2026 Je prends<br \/>\nplaisir \u00e0 le regarder parce que je vois vraiment qu\u2019il est l\u00e0 et<br \/>\nqu\u2019il s\u2019impose\u00a0\u00bb. Un attitude qui pourrait donc<br \/>\n<strong>rebattre les cartes pour ce pr\u00e9tendant<\/strong>, d\u2019autant<br \/>\nplus que Robin s\u2019est mis en retrait et qu\u2019Oc\u00e9ane l\u2019a bien<br \/>\nremarqu\u00e9.<\/p>\n<p>L\u2019agricultrice choisira-t-elle Florian<br \/>\nou Robin ?<\/p>\n<p>\u00ab\u00a0Je sens qu\u2019il y a un malaise avec Robin, je vois qu\u2019il ne<br \/>\nparle pas\u2026 Et je n\u2019ose pas forc\u00e9ment aller le voir non plus, donc<br \/>\nje ne sais pas trop comment \u00e7a va se passer\u00a0\u00bb. Le jeune homme<br \/>\n<strong>va-t-il rester vex\u00e9 dans son coin<\/strong> apr\u00e8s qu\u2019Oc\u00e9ane<br \/>\nait simplement exprim\u00e9, peut-\u00eatre maladroitement, ses limites ou<br \/>\narrivera-t-il \u00e0 mettre son ego bless\u00e9 de c\u00f4t\u00e9 pour se questionner<br \/>\nsur ce qui aurait pu motiver une telle r\u00e9action de la jeune femme<br \/>\nqu\u2019il est cens\u00e9 s\u00e9duire ? La suite nous le dira\u2026<\/p>\n","protected":false},"excerpt":{"rendered":"Les s\u00e9jours \u00e0 la ferme continuent dans la saison 20 de L\u2019amour est dans le pr\u00e9, et l\u2019heure&hellip;\n","protected":false},"author":2,"featured_media":478838,"comment_status":"","ping_status":"","sticky":false,"template":"","format":"standard","meta":{"footnotes":""},"categories":[1356],"tags":[58,59,1011,27,5413,9307,252,1364],"class_list":{"0":"post-478837","1":"post","2":"type-post","3":"status-publish","4":"format-standard","5":"has-post-thumbnail","7":"category-television","8":"tag-divertissement","9":"tag-entertainment","10":"tag-fr","11":"tag-france","12":"tag-karine-le-marchand","13":"tag-lamour-est-dans-le-pre","14":"tag-television","15":"tag-tv"},"share_on_mastodon":{"url":"https:\/\/pubeurope.com\/@fr\/115410768454118061","error":""},"_links":{"self":[{"href":"https:\/\/www.europesays.com\/fr\/wp-json\/wp\/v2\/posts\/478837","targetHints":{"allow":["GET"]}}],"collection":[{"href":"https:\/\/www.europesays.com\/fr\/wp-json\/wp\/v2\/posts"}],"about":[{"href":"https:\/\/www.europesays.com\/fr\/wp-json\/wp\/v2\/types\/post"}],"author":[{"embeddable":true,"href":"https:\/\/www.europesays.com\/fr\/wp-json\/wp\/v2\/users\/2"}],"replies":[{"embeddable":true,"href":"https:\/\/www.europesays.com\/fr\/wp-json\/wp\/v2\/comments?post=478837"}],"version-history":[{"count":0,"href":"https:\/\/www.europesays.com\/fr\/wp-json\/wp\/v2\/posts\/478837\/revisions"}],"wp:featuredmedia":[{"embeddable":true,"href":"https:\/\/www.europesays.com\/fr\/wp-json\/wp\/v2\/media\/478838"}],"wp:attachment":[{"href":"https:\/\/www.europesays.com\/fr\/wp-json\/wp\/v2\/media?parent=478837"}],"wp:term":[{"taxonomy":"category","embeddable":true,"href":"https:\/\/www.europesays.com\/fr\/wp-json\/wp\/v2\/categories?post=478837"},{"taxonomy":"post_tag","embeddable":true,"href":"https:\/\/www.europesays.com\/fr\/wp-json\/wp\/v2\/tags?post=478837"}],"curies":[{"name":"wp","href":"https:\/\/api.w.org\/{rel}","templated":true}]}}