{"id":478839,"date":"2025-10-21T06:35:10","date_gmt":"2025-10-21T06:35:10","guid":{"rendered":"https:\/\/www.europesays.com\/fr\/478839\/"},"modified":"2025-10-21T06:35:10","modified_gmt":"2025-10-21T06:35:10","slug":"julien-dore-son-fils-de-4-ans-sinvite-en-coulisses-des-photos-attendrissantes-partagees","status":"publish","type":"post","link":"https:\/\/www.europesays.com\/fr\/478839\/","title":{"rendered":"Julien Dor\u00e9 : son fils de 4 ans s\u2019invite en coulisses, des photos attendrissantes partag\u00e9es"},"content":{"rendered":"<p data-start=\"66\" data-end=\"734\">\u00c0 43 ans, Julien Dor\u00e9 peut<br \/>\nregarder son chemin parcouru avec fiert\u00e9. D\u00e9couvert il y a 18 ans<br \/>\ngr\u00e2ce \u00e0 sa victoire lors de la cinqui\u00e8me saison de <a href=\"https:\/\/www.closermag.fr\/people\/miss-dominique-nouvelle-star-refuse-de-devoiler-le-secret-de-son-impressionnante-perte-de-poids-et-voici-pourquoi-3511063\" rel=\"nofollow noopener\" target=\"_blank\"><br \/>\nNouvelle Star<\/a>, il a<br \/>\nensuite encha\u00een\u00e9 <strong>six albums<\/strong>\u00a0: Ersatz (2008), Bichon (2011), L\u00f8ve (2013), &amp;(2016), Aim\u00e9e<br \/>\n(2020) et Imposteur<br \/>\n(2024).<\/p>\n<p data-start=\"66\" data-end=\"734\">Ses concerts se jouent \u00e0 guichets<br \/>\nferm\u00e9s et il a su f\u00e9d\u00e9rer une fanbase solide, qui compte<br \/>\naujourd\u2019hui plus d\u2019un million de followers sur Instagram. Sur ce<br \/>\ncompte, il partage <strong>performances<\/strong>, coups de c\u0153ur,<br \/>\ntouches d\u2019humour et moments de vie quotidienne, parmi lesquels<br \/>\ncertains lui ont valu, comme il l\u2019a r\u00e9v\u00e9l\u00e9 en story, toutes les<br \/>\n<a href=\"https:\/\/www.closermag.fr\/people\/victoires-de-la-musique-qui-sont-les-artistes-de-l-annee-1508720\" rel=\"nofollow noopener\" target=\"_blank\"><br \/>\nVictoires de la musique du monde<\/a>. Install\u00e9 dans les C\u00e9vennes,<br \/>\nJulien Dor\u00e9 savoure \u00e9galement son r\u00f4le de papa, \u00e9levant son<br \/>\n<strong>fils de 4 ans<\/strong> avec attention et tendresse.<\/p>\n<blockquote class=\"instagram-media\" style=\"background: #ffffff;border: 0;margin: 1px;width: 100%;padding: 0;max-width: 500px;\" data-instgrm-permalink=\"https:\/\/www.instagram.com\/p\/DP_4ZNfgs9t\/?img_index=16\" data-instgrm-version=\"14\"\/><p>\nJulien Dor\u00e9 et son fils : un duo<br \/>\ncomplice sur Instagram<\/p>\n<p data-start=\"0\" data-end=\"783\">Depuis mars 2021, Julien Dor\u00e9<br \/>\nd\u00e9couvre les joies de la paternit\u00e9 avec la naissance de son<br \/>\n<a href=\"https:\/\/www.closermag.fr\/people\/julien-dore-papa-les-rares-confidences-du-chanteur-sur-sa-paternite-faite-de-peurs-et-de-sourires-1518770\" rel=\"nofollow noopener\" target=\"_blank\"><br \/>\nfils<\/a>. Fid\u00e8le \u00e0 son habitude, le chanteur partage r\u00e9guli\u00e8rement<br \/>\ndes clich\u00e9s de son petit gar\u00e7on sur Instagram tout en pr\u00e9servant<br \/>\nson anonymat. Ce samedi 19 octobre, il a publi\u00e9 un tendre carrousel<br \/>\nqui montre \u00e0 quel point <strong>son fils a grandi<\/strong>,<br \/>\narborant les m\u00eames bouclettes que son p\u00e8re.<\/p>\n<p data-start=\"0\" data-end=\"783\">Sur la premi\u00e8re photo, l\u2019artiste<br \/>\nde 43 ans appara\u00eet de dos, marchant avec son fils dans ce qui<br \/>\nsemble \u00eatre un couloir de salle de concert. Tous deux portent des<br \/>\n<strong>tenues assorties<\/strong>, blanches et noires. Sur un autre<br \/>\nclich\u00e9, le petit gar\u00e7on, casque antibruit sur les oreilles,<br \/>\n<strong>observe<\/strong> attentivement la sc\u00e8ne o\u00f9 son p\u00e8re r\u00e9p\u00e8te<br \/>\npour sa tourn\u00e9e \u00e0 venir.<\/p>\n<p>L&rsquo;artiste parage les coulisses de sa tourn\u00e9e<\/p>\n<p data-start=\"785\" data-end=\"1974\" data-is-last-node=\"\" data-is-only-node=\"\">Julien Dor\u00e9 a \u00e9galement partag\u00e9 les coulisses<br \/>\nde sa <a href=\"https:\/\/www.closermag.fr\/people\/julien-dore-balafre-le-chanteur-se-blesse-avant-la-premiere-de-sa-tournee-et-devoile-sa-plaie-au-visage-3523261\" rel=\"nofollow noopener\" target=\"_blank\"><br \/>\ntourn\u00e9e<\/a>, qui se poursuivra jusqu\u2019en avril 2026. Il y a d\u00e9voil\u00e9<br \/>\ndes captures de messages re\u00e7us, quelques dessins, la liste de ses<br \/>\nconcerts, ainsi qu\u2019un de ses chiens et sa paire de bottines<br \/>\nvernies. En l\u00e9gende, il \u00e9crit : \u00ab\u00a0La <strong>tourn\u00e9e<\/strong> a<br \/>\nrepris, vers la suite de nos <strong>75 z\u00e9niths<\/strong> et arenas<br \/>\njusqu\u2019en avril 2026 et ce million de spectateurs dont vous faites<br \/>\npeut-\u00eatre partie\u00a0\u00bb, avant d\u2019ajouter : \u00ab\u00a0Un quotidien foufou<br \/>\no\u00f9 chaque soir on se retrouve, bienveillants et doux comme un<br \/>\ncontre-pied \u00e0 cette \u00e9poque\u00a0\u00bb.<\/p>\n<p data-start=\"785\" data-end=\"1974\" data-is-last-node=\"\" data-is-only-node=\"\">Il remercie ensuite ses fans : \u00ab\u00a0Merci<br \/>\ntellement pour votre <strong>confiance<\/strong> et votre pr\u00e9sence<br \/>\nmassive, j\u2019esp\u00e8re, mais je crois, que ce show vous fait du bien,<br \/>\nautant qu\u2019\u00e0 moi\u00a0\u00bb. Deux jours plus t\u00f4t, <a href=\"https:\/\/www.closermag.fr\/people\/julien-dore-en-couple-mais-qui-est-la-mere-de-son-fils-3491799https:\/\/www.closermag.fr\/people\/julien-dore-en-couple-mais-qui-est-la-mere-de-son-fils-3491799\" rel=\"nofollow noopener\" target=\"_blank\"><br \/>\nJulien Dor\u00e9<\/a> avait partag\u00e9 un moment fort en \u00e9motion : son fils<br \/>\nde 4 ans venait d\u2019apprendre \u00e0 <strong>faire du v\u00e9lo<\/strong> sans<br \/>\npetites roues. \u00ab\u00a0Cet instant-l\u00e0 o\u00f9 un c\u0153ur de papa plonge<br \/>\nlitt\u00e9ralement dans un oc\u00e9an de fiert\u00e9 qui n\u2019a pas de prix\u00a0\u00bb,<br \/>\na-t-il l\u00e9gend\u00e9, accompagn\u00e9 d\u2019un \u00e9moji attendri et d\u2019un c\u0153ur rouge.<br \/>\nUn simple geste, mais qui montre toute l\u2019\u00e9merveillement et la<br \/>\nfiert\u00e9 de ce papa.<\/p>\n<p><script async src=\"\/\/www.instagram.com\/embed.js\"><\/script><\/p>\n","protected":false},"excerpt":{"rendered":"\u00c0 43 ans, Julien Dor\u00e9 peut regarder son chemin parcouru avec fiert\u00e9. D\u00e9couvert il y a 18 ans&hellip;\n","protected":false},"author":2,"featured_media":478840,"comment_status":"","ping_status":"","sticky":false,"template":"","format":"standard","meta":{"footnotes":""},"categories":[1355],"tags":[58,59,1011,27,4004,1361,873],"class_list":{"0":"post-478839","1":"post","2":"type-post","3":"status-publish","4":"format-standard","5":"has-post-thumbnail","7":"category-musique","8":"tag-divertissement","9":"tag-entertainment","10":"tag-fr","11":"tag-france","12":"tag-julien-dore","13":"tag-music","14":"tag-musique"},"share_on_mastodon":{"url":"https:\/\/pubeurope.com\/@fr\/115410772030284083","error":""},"_links":{"self":[{"href":"https:\/\/www.europesays.com\/fr\/wp-json\/wp\/v2\/posts\/478839","targetHints":{"allow":["GET"]}}],"collection":[{"href":"https:\/\/www.europesays.com\/fr\/wp-json\/wp\/v2\/posts"}],"about":[{"href":"https:\/\/www.europesays.com\/fr\/wp-json\/wp\/v2\/types\/post"}],"author":[{"embeddable":true,"href":"https:\/\/www.europesays.com\/fr\/wp-json\/wp\/v2\/users\/2"}],"replies":[{"embeddable":true,"href":"https:\/\/www.europesays.com\/fr\/wp-json\/wp\/v2\/comments?post=478839"}],"version-history":[{"count":0,"href":"https:\/\/www.europesays.com\/fr\/wp-json\/wp\/v2\/posts\/478839\/revisions"}],"wp:featuredmedia":[{"embeddable":true,"href":"https:\/\/www.europesays.com\/fr\/wp-json\/wp\/v2\/media\/478840"}],"wp:attachment":[{"href":"https:\/\/www.europesays.com\/fr\/wp-json\/wp\/v2\/media?parent=478839"}],"wp:term":[{"taxonomy":"category","embeddable":true,"href":"https:\/\/www.europesays.com\/fr\/wp-json\/wp\/v2\/categories?post=478839"},{"taxonomy":"post_tag","embeddable":true,"href":"https:\/\/www.europesays.com\/fr\/wp-json\/wp\/v2\/tags?post=478839"}],"curies":[{"name":"wp","href":"https:\/\/api.w.org\/{rel}","templated":true}]}}