{"id":478855,"date":"2025-10-21T06:43:11","date_gmt":"2025-10-21T06:43:11","guid":{"rendered":"https:\/\/www.europesays.com\/fr\/478855\/"},"modified":"2025-10-21T06:43:11","modified_gmt":"2025-10-21T06:43:11","slug":"nicolas-sarkozy-incarcere-un-detenu-peut-etre-pas-au-bout-de-ses-peines-liberation","status":"publish","type":"post","link":"https:\/\/www.europesays.com\/fr\/478855\/","title":{"rendered":"Nicolas Sarkozy incarc\u00e9r\u00e9, un d\u00e9tenu peut-\u00eatre pas au bout de ses peines \u2013 Lib\u00e9ration"},"content":{"rendered":"<p class=\"sc-cPiKLX AiZTS text-element\">L\u2019ex-pr\u00e9sident de la R\u00e9publique a rendez-vous ce mardi 21 octobre au matin \u00e0 la prison parisienne de la Sant\u00e9 pour commencer \u00e0 y purger tout ou partie de <a href=\"https:\/\/www.liberation.fr\/societe\/police-justice\/sarkozy-condamne-la-chute-et-le-choc-au-tribunal-20250925_AXLR5ZSEZZHJJC4TMIUEGXZ6C4\/?redirected=1\" target=\"_blank\" rel=\"noreferrer noopener\" title=\"https:\/\/www.liberation.fr\/societe\/police-justice\/sarkozy-condamne-la-chute-et-le-choc-au-tribunal-20250925_AXLR5ZSEZZHJJC4TMIUEGXZ6C4\/?redirected=1\">sa condamnation \u00e0 cinq ans de prison ferme<\/a>, contre laquelle il a fait appel. Un jugement prononc\u00e9 en premi\u00e8re instance le 25 septembre par le tribunal correctionnel en charge de l\u2019affaire libyenne, portant sur l\u2019\u00e9ventuel financement de sa campagne pr\u00e9sidentielle de 2007. <\/p>\n<p class=\"sc-cPiKLX AiZTS text-element\">Certes, il a \u00e9t\u00e9 relax\u00e9 des faits de corruption, faute de preuves bancaires ou financi\u00e8res directes. Mais Nicolas Sarkozy a toutefois \u00e9t\u00e9 condamn\u00e9 pour \u00abassociation de malfaiteurs\u00bb au motif, selon la d\u00e9cision, d\u2019avoir \u00ablaiss\u00e9 ses proches collaborateurs et soutiens politiques\u00bb rendre visite \u00e0 l\u2019ancien dictateur Muammar al-Kadhafi et \u00e0 ses proches \u00abafin d\u2019obtenir ou tenter d\u2019obtenir des soutiens en Libye en vue d\u2019obtenir un financement de la campagne\u00bb, peu importe que celui-ci e\u00fbt lieu. Le jugement \u00e9pingle ainsi Claude Gu\u00e9ant et Brice Hortefeux, <a href=\"https:\/\/www.liberation.fr\/societe\/police-justice\/sarkozy-gueant-hortefeux-woerth-ce-que-risquent-les-12-prevenus-dans-le-proces-des-soup &lt;div style=\" clear:=\"\" both=\"\" target=\"_blank\" rel=\"noopener\"><\/p>\n","protected":false},"excerpt":{"rendered":"L\u2019ex-pr\u00e9sident de la R\u00e9publique a rendez-vous ce mardi 21 octobre au matin \u00e0 la prison parisienne de la&hellip;\n","protected":false},"author":2,"featured_media":478856,"comment_status":"","ping_status":"","sticky":false,"template":"","format":"standard","meta":{"footnotes":""},"categories":[4],"tags":[11,1011,27,12,3091,25,5062],"class_list":{"0":"post-478855","1":"post","2":"type-post","3":"status-publish","4":"format-standard","5":"has-post-thumbnail","7":"category-france","8":"tag-actualites","9":"tag-fr","10":"tag-france","11":"tag-news","12":"tag-nicolas-sarkozy","13":"tag-republique-francaise","14":"tag-sarkozy-face-a-la-justice"},"share_on_mastodon":{"url":"https:\/\/pubeurope.com\/@fr\/115410803421339510","error":""},"_links":{"self":[{"href":"https:\/\/www.europesays.com\/fr\/wp-json\/wp\/v2\/posts\/478855","targetHints":{"allow":["GET"]}}],"collection":[{"href":"https:\/\/www.europesays.com\/fr\/wp-json\/wp\/v2\/posts"}],"about":[{"href":"https:\/\/www.europesays.com\/fr\/wp-json\/wp\/v2\/types\/post"}],"author":[{"embeddable":true,"href":"https:\/\/www.europesays.com\/fr\/wp-json\/wp\/v2\/users\/2"}],"replies":[{"embeddable":true,"href":"https:\/\/www.europesays.com\/fr\/wp-json\/wp\/v2\/comments?post=478855"}],"version-history":[{"count":0,"href":"https:\/\/www.europesays.com\/fr\/wp-json\/wp\/v2\/posts\/478855\/revisions"}],"wp:featuredmedia":[{"embeddable":true,"href":"https:\/\/www.europesays.com\/fr\/wp-json\/wp\/v2\/media\/478856"}],"wp:attachment":[{"href":"https:\/\/www.europesays.com\/fr\/wp-json\/wp\/v2\/media?parent=478855"}],"wp:term":[{"taxonomy":"category","embeddable":true,"href":"https:\/\/www.europesays.com\/fr\/wp-json\/wp\/v2\/categories?post=478855"},{"taxonomy":"post_tag","embeddable":true,"href":"https:\/\/www.europesays.com\/fr\/wp-json\/wp\/v2\/tags?post=478855"}],"curies":[{"name":"wp","href":"https:\/\/api.w.org\/{rel}","templated":true}]}}