{"id":478867,"date":"2025-10-21T06:50:12","date_gmt":"2025-10-21T06:50:12","guid":{"rendered":"https:\/\/www.europesays.com\/fr\/478867\/"},"modified":"2025-10-21T06:50:12","modified_gmt":"2025-10-21T06:50:12","slug":"pierre-jacques-depallens-veut-rompre-avec-le-systeme-toulonnais","status":"publish","type":"post","link":"https:\/\/www.europesays.com\/fr\/478867\/","title":{"rendered":"Pierre-Jacques Depallens veut rompre avec le syst\u00e8me toulonnais"},"content":{"rendered":"<p>\t\t\t\t\t\t\t\tToulon 2026 : un projet pour rompre avec les anciens syst\u00e8mes<\/p>\n<p data-start=\"992\" data-end=\"1298\">Le candidat Pierre-Jacques Depallens s\u2019affirme dans la course aux \u00e9lections municipales Toulon 2026. Sur le plateau d\u2019INFO83, il a d\u00e9taill\u00e9 sa strat\u00e9gie : \u00ab Ni syst\u00e8me, ni extr\u00eames \u00bb. Une formule qui r\u00e9sume son ambition : tourner la page du syst\u00e8me toulonnais et r\u00e9inventer la gouvernance locale.<\/p>\n<p data-start=\"1300\" data-end=\"1546\">Il d\u00e9nonce \u00ab un pouvoir trop concentr\u00e9 \u00bb et rappelle que plusieurs anciens maires de Toulon ont \u00e9t\u00e9 condamn\u00e9s. \u00ab Ce n\u2019est pas une question d\u2019hommes, mais de syst\u00e8me \u00bb, souligne-t-il, appelant \u00e0 \u00ab une nouvelle \u00e8re de transparence et d\u2019\u00e9thique \u00bb.<\/p>\n<p>Toulon 2026 : transparence et d\u00e9mocratie locale<\/p>\n<p data-start=\"1602\" data-end=\"1880\">Pierre-Jacques Depallens place la transparence au c\u0153ur de son programme : vid\u00e9os publiques des conseils municipaux, audits externes et votations citoyennes.<br data-start=\"1762\" data-end=\"1765\"\/>Chaque Toulonnais pourrait ainsi participer aux d\u00e9cisions majeures, du transport public au d\u00e9veloppement durable.<\/p>\n<p data-start=\"1882\" data-end=\"2015\">\u00ab Les citoyens doivent pouvoir s\u2019exprimer sur les grands projets \u00bb, explique-t-il, \u00e9voquant notamment le d\u00e9bat BHNS ou tramway.<\/p>\n<p>Une liste ouverte pour rassembler Toulon<\/p>\n<p data-start=\"2064\" data-end=\"2355\">Face au duel Michel Bonnus \/ Laure Lavalette, \u00ab\u00a0Toulon 2026 ni syst\u00e8me, ni extr\u00eames\u00a0\u00bb\u00a0se veut alternative : une liste plurielle, r\u00e9unissant C\u00e9cile Muscotti, Vincent Morel et des acteurs locaux ind\u00e9pendants.<br data-start=\"2258\" data-end=\"2261\"\/>Objectif : construire une \u00e9quipe \u00ab hors syst\u00e8me \u00bb pour une ville plus juste et plus moderne.<\/p>\n<p>L\u2019essentiel \u00e0 retenir :<\/p>\n<p>La candidature de Pierre-Jacques Depallens peut se r\u00e9sumer en trois id\u00e9es fondamentales :<\/p>\n<p>Une alternative claire :\u00a0Se positionner \u00ab\u00a0ni syst\u00e8me, ni extr\u00eames\u00a0\u00bb pour tenter de rassembler les citoyens au-del\u00e0 des clivages traditionnels droite-gauche.<\/p>\n<p>La d\u00e9mocratie directe :\u00a0Donner le dernier mot aux Toulonnais sur les grands projets structurants (transports, v\u00e9g\u00e9talisation) via un syst\u00e8me de votations citoyennes annuelles.<\/p>\n<p>La fin de l\u2019opacit\u00e9 :\u00a0Faire de la transparence (vid\u00e9o, audits externes, protection des lanceurs d\u2019alerte) la r\u00e8gle absolue pour restaurer la confiance entre les \u00e9lus et les administr\u00e9s.<\/p>\n<p data-start=\"2357\" data-end=\"2700\"><strong>\ud83d\udcce \u00c0 lire aussi<\/strong> : <a href=\"http:\/\/bit.ly\/47dMvo0\" target=\"_blank\" rel=\"noopener\">Les interviews pour les municipales Toulon 2026<\/a><\/p>\n<p>\u00a0<\/p>\n<p><strong><img decoding=\"async\" class=\"emoji\" role=\"img\" draggable=\"false\" src=\"https:\/\/s.w.org\/images\/core\/emoji\/13.1.0\/svg\/1f538.svg\" alt=\"\ud83d\udd38\" data-pin-no-hover=\"true\"\/>Info83, le Var proche de vous<br \/><\/strong><\/p>\n<p><img decoding=\"async\" class=\"emoji\" role=\"img\" draggable=\"false\" src=\"https:\/\/s.w.org\/images\/core\/emoji\/13.1.0\/svg\/27a1.svg\" alt=\"\u27a1\ufe0f\" data-pin-no-hover=\"true\"\/>\u00a0<a href=\"https:\/\/bit.ly\/2OZZMMK\" target=\"_blank\" rel=\"noopener noreferrer\">Facebook Info83<\/a><\/p>\n<p><img decoding=\"async\" class=\"emoji\" role=\"img\" draggable=\"false\" src=\"https:\/\/s.w.org\/images\/core\/emoji\/13.1.0\/svg\/27a1.svg\" alt=\"\u27a1\ufe0f\" data-pin-no-hover=\"true\"\/>\u00a0<a href=\"https:\/\/bit.ly\/2ONkTC9\" target=\"_blank\" rel=\"noopener noreferrer\">Youtube Info83<\/a><\/p>\n<p>\u00a0<\/p>\n","protected":false},"excerpt":{"rendered":"Toulon 2026 : un projet pour rompre avec les anciens syst\u00e8mes Le candidat Pierre-Jacques Depallens s\u2019affirme dans la&hellip;\n","protected":false},"author":2,"featured_media":478868,"comment_status":"","ping_status":"","sticky":false,"template":"","format":"standard","meta":{"footnotes":""},"categories":[9619],"tags":[1111,11,60217,60218,60219,16244,60220,1777,674,1011,27,52675,23763,60221,36671,52441,60222,12,60223,60224,60225,882,25,60226,2310,60227,60228,60229,60230],"class_list":{"0":"post-478867","1":"post","2":"type-post","3":"status-publish","4":"format-standard","5":"has-post-thumbnail","7":"category-toulon","8":"tag-actu","9":"tag-actualites","10":"tag-campagne-municipale-2026","11":"tag-cecile-muscotti","12":"tag-debat-toulon","13":"tag-democratie-locale","14":"tag-election-municipale-var","15":"tag-eu","16":"tag-europe","17":"tag-fr","18":"tag-france","19":"tag-hubert-falco","20":"tag-info83","21":"tag-josee-massi","22":"tag-laure-lavalette","23":"tag-michel-bonnus","24":"tag-municipales-toulon","25":"tag-news","26":"tag-ni-systemes-ni-extremes","27":"tag-pierre-jacques-depallens","28":"tag-politique-toulon","29":"tag-provence-alpes-cote-dazur","30":"tag-republique-francaise","31":"tag-systeme-falco","32":"tag-toulon","33":"tag-toulon-2026","34":"tag-transparence-toulon","35":"tag-var-politique","36":"tag-vincent-morel"},"share_on_mastodon":{"url":"","error":"Validation failed: Text character limit of 500 exceeded"},"_links":{"self":[{"href":"https:\/\/www.europesays.com\/fr\/wp-json\/wp\/v2\/posts\/478867","targetHints":{"allow":["GET"]}}],"collection":[{"href":"https:\/\/www.europesays.com\/fr\/wp-json\/wp\/v2\/posts"}],"about":[{"href":"https:\/\/www.europesays.com\/fr\/wp-json\/wp\/v2\/types\/post"}],"author":[{"embeddable":true,"href":"https:\/\/www.europesays.com\/fr\/wp-json\/wp\/v2\/users\/2"}],"replies":[{"embeddable":true,"href":"https:\/\/www.europesays.com\/fr\/wp-json\/wp\/v2\/comments?post=478867"}],"version-history":[{"count":0,"href":"https:\/\/www.europesays.com\/fr\/wp-json\/wp\/v2\/posts\/478867\/revisions"}],"wp:featuredmedia":[{"embeddable":true,"href":"https:\/\/www.europesays.com\/fr\/wp-json\/wp\/v2\/media\/478868"}],"wp:attachment":[{"href":"https:\/\/www.europesays.com\/fr\/wp-json\/wp\/v2\/media?parent=478867"}],"wp:term":[{"taxonomy":"category","embeddable":true,"href":"https:\/\/www.europesays.com\/fr\/wp-json\/wp\/v2\/categories?post=478867"},{"taxonomy":"post_tag","embeddable":true,"href":"https:\/\/www.europesays.com\/fr\/wp-json\/wp\/v2\/tags?post=478867"}],"curies":[{"name":"wp","href":"https:\/\/api.w.org\/{rel}","templated":true}]}}