{"id":478869,"date":"2025-10-21T06:51:10","date_gmt":"2025-10-21T06:51:10","guid":{"rendered":"https:\/\/www.europesays.com\/fr\/478869\/"},"modified":"2025-10-21T06:51:10","modified_gmt":"2025-10-21T06:51:10","slug":"nouveau-rendez-vous-festif-au-domaine-de-loulivie-a-combaillaux","status":"publish","type":"post","link":"https:\/\/www.europesays.com\/fr\/478869\/","title":{"rendered":"nouveau rendez-vous festif au Domaine de l&rsquo;Oulivie \u00e0 Combaillaux"},"content":{"rendered":"<p>            Par<br \/>\n        <strong><br \/>\n            <a href=\"https:\/\/actu.fr\/auteur\/manon-haddouche\" title=\"Consulter tous les articles de Manon Haddouche\" target=\"_blank\" rel=\"noopener\">Manon Haddouche<\/a><br \/>\n        <\/strong><\/p>\n<p>        Publi\u00e9 le<\/p>\n<p>            21 oct. 2025 \u00e0 5h08        <\/p>\n<p>De ce jeudi 24 au samedi 26 octobre 2025, de 16h \u00e0 23h, le <strong>Domaine de l\u2019Oulivie<\/strong>, \u00e0 <strong>Combaillaux<\/strong>, \u00e0 15 minutes de Montpellier, ouvrira ses portes pour la <strong>F\u00e9ria des Olives<\/strong>, un \u00e9v\u00e9nement unique c\u00e9l\u00e9brant <strong>la nouvelle r\u00e9colte d\u2019olives de table<\/strong> dans une atmosph\u00e8re <strong>festive<\/strong>, conviviale et authentique. Une belle occasion de mettre en lumi\u00e8re le <strong>savoir-faire ol\u00e9icole<\/strong> de la propri\u00e9t\u00e9 et d\u2019inviter \u00e0 d\u00e9couvrir la <strong>richesse des saveurs m\u00e9diterran\u00e9ennes<\/strong>.<\/p>\n<p>De la joie en toute saison<\/p>\n<p class=\" wall-content\">\u00ab La F\u00e9ria des Olives a \u00e9t\u00e9 pens\u00e9e pour <strong>apporter de la joie et c\u00e9l\u00e9brer les traditions<\/strong> \u00e0 une p\u00e9riode plus calme de l\u2019ann\u00e9e. C\u2019est \u00e9galement une fa\u00e7on de r\u00e9pondre \u00e0 la demande de nos clients, qui souhaitent continuer \u00e0 profiter du domaine au-del\u00e0 de nos festivit\u00e9s estivales \u00bb, explique Pierre Vialla, propri\u00e9taire de la propri\u00e9t\u00e9 ol\u00e9icole. \u00ab Pendant trois jours, nous proposerons des visites guid\u00e9es suivies de soir\u00e9es gourmandes autour de bod\u00e9gas qui mettront en avant nos produits. La F\u00e9ria des Olives est avant tout un moment de partage, o\u00f9 nous souhaitons faire d\u00e9couvrir la richesse de notre patrimoine ol\u00e9icole dans une ambiance chaleureuse et festive. Notre domaine se transformera en un lieu o\u00f9 la convivialit\u00e9 et la bonne humeur seront au rendez-vous ! Chacun pourra ainsi profiter pleinement de ce cadre unique, tout en savourant nos produits embl\u00e9matiques et en \u00e9changeant avec notre \u00e9quipe passionn\u00e9e. Tous les espaces seront couverts \u00e0 l\u2019aide de barnums et des mange-debout seront install\u00e9s entre les bod\u00e9gas.\u00bb<\/p>\n<p>    <a href=\"https:\/\/www.google.com\/maps\/embed?pb=!1m18!1m12!1m3!1d2885.714850866924!2d3.7896630884155367!3d43.67489989658748!2m3!1f0!2f0!3f0!3m2!1i1024!2i768!4f13.1!3m3!1m2!1s0x12b6abbcb3dcd74f%3A0xf2eeca7908f36d34!2sDomaine%20l%27Oulivie%20%3A%20Producteur%20d%27huiles%20d%27olive!5e0!3m2!1sfr!2sfr!4v1747249637310!5m2!1sfr!2sfr\" title=\"Ouvrie le lien\" target=\"_blank\" rel=\"noopener\">Cliquez ici pour visualiser le contenu<\/a><\/p>\n<p>Une exp\u00e9rience immersive et p\u00e9dagogique<\/p>\n<p class=\" wall-content\">D\u00e8s 16h, des <strong>visites guid\u00e9es<\/strong> seront propos\u00e9es pour permettre aux visiteurs de d\u00e9couvrir les coulisses de la propri\u00e9t\u00e9 ol\u00e9icole. Ils plongeront dans le quotidien de la r\u00e9colte du fruit embl\u00e9matique de la M\u00e9diterran\u00e9e et sa transformation en huile d\u2019exception. Une approche p\u00e9dagogique qui vise \u00e0 tisser un lien fort entre le savoir-faire traditionnel m\u00e9diterran\u00e9en de la propri\u00e9t\u00e9 et son engagement \u00e0<strong> produire des sp\u00e9cialit\u00e9s de qualit\u00e9<\/strong>.<\/p>\n<p>Saveurs locales et animations<\/p>\n<p class=\" wall-content\">\u00c0 partir de 18h, les visiteurs pourront <strong>d\u00e9ambuler parmi neuf bodegas th\u00e9matiques<\/strong> dans l\u2019espace de restauration install\u00e9 au c\u0153ur de l\u2019oliveraie. Chacune mettra en avant des <strong>sp\u00e9cialit\u00e9s culinaires<\/strong> telles que les frites maison \u00e0 l\u2019huile d\u2019olive, des brochettes, grillades au brasero, acras, croquettes, de savoureux beignets \u2026 C\u00f4t\u00e9 boissons, l\u2019accent sera mis sur les<strong> vins du terroir, les bi\u00e8res artisanales locales, la sangria, ainsi que des cocktails \u00e0 l\u2019huile d\u2019olive<\/strong>.<\/p>\n<p>Vid\u00e9os : en ce moment sur Actu<\/p>\n<p class=\" wall-content\">Pour une immersion totale au pays des olives, les plus motiv\u00e9s pourront <strong>venir habill\u00e9s en vert et blanc<\/strong> !<\/p>\n<p><strong>&gt; <\/strong>Feria des olives, du jeudi 24 au samedi 26 octobre 2024, de 16h \u00e0 23h (sur r\u00e9servation) au domaine de l\u2019Oulivie, \u00e0 Combaillaux. Jetons pour se restaurer en vente \u00e0 l\u2019accueil \u00e0 5\u20ac. R\u00e9servations : <a href=\"http:\/\/www.oulivie.com\" target=\"_blank\" rel=\"noopener\">www.oulivie.com<\/a>\u00a0<\/p>\n<p class=\" wall-content\">Personnalisez votre actualit\u00e9 en ajoutant vos villes et m\u00e9dias en favori avec <a href=\"https:\/\/moncompte.actu.fr\" title=\"D\u00e9couvez Mon Actu\" rel=\"nofollow noopener\" data-trk=\"{&quot;cta&quot;:{&quot;action&quot;:&quot;https:\\\/\\\/moncompte.actu.fr&quot;,&quot;category&quot;:&quot;mon compte&quot;,&quot;from&quot;:&quot;article footer&quot;,&quot;name&quot;:&quot;Mon actu&quot;,&quot;type&quot;:&quot;cta&quot;}}\" target=\"_blank\">Mon Actu<\/a>.<\/p>\n","protected":false},"excerpt":{"rendered":"Par Manon Haddouche Publi\u00e9 le 21 oct. 2025 \u00e0 5h08 De ce jeudi 24 au samedi 26 octobre&hellip;\n","protected":false},"author":2,"featured_media":478870,"comment_status":"","ping_status":"","sticky":false,"template":"","format":"standard","meta":{"footnotes":""},"categories":[9599],"tags":[1111,11,327,258,1777,674,1011,27,1652,2208,12,2680,25],"class_list":{"0":"post-478869","1":"post","2":"type-post","3":"status-publish","4":"format-standard","5":"has-post-thumbnail","7":"category-montpellier","8":"tag-actu","9":"tag-actualites","10":"tag-agriculture","11":"tag-alimentation","12":"tag-eu","13":"tag-europe","14":"tag-fr","15":"tag-france","16":"tag-loisirs-culture","17":"tag-montpellier","18":"tag-news","19":"tag-occitanie","20":"tag-republique-francaise"},"share_on_mastodon":{"url":"https:\/\/pubeurope.com\/@fr\/115410834965003527","error":""},"_links":{"self":[{"href":"https:\/\/www.europesays.com\/fr\/wp-json\/wp\/v2\/posts\/478869","targetHints":{"allow":["GET"]}}],"collection":[{"href":"https:\/\/www.europesays.com\/fr\/wp-json\/wp\/v2\/posts"}],"about":[{"href":"https:\/\/www.europesays.com\/fr\/wp-json\/wp\/v2\/types\/post"}],"author":[{"embeddable":true,"href":"https:\/\/www.europesays.com\/fr\/wp-json\/wp\/v2\/users\/2"}],"replies":[{"embeddable":true,"href":"https:\/\/www.europesays.com\/fr\/wp-json\/wp\/v2\/comments?post=478869"}],"version-history":[{"count":0,"href":"https:\/\/www.europesays.com\/fr\/wp-json\/wp\/v2\/posts\/478869\/revisions"}],"wp:featuredmedia":[{"embeddable":true,"href":"https:\/\/www.europesays.com\/fr\/wp-json\/wp\/v2\/media\/478870"}],"wp:attachment":[{"href":"https:\/\/www.europesays.com\/fr\/wp-json\/wp\/v2\/media?parent=478869"}],"wp:term":[{"taxonomy":"category","embeddable":true,"href":"https:\/\/www.europesays.com\/fr\/wp-json\/wp\/v2\/categories?post=478869"},{"taxonomy":"post_tag","embeddable":true,"href":"https:\/\/www.europesays.com\/fr\/wp-json\/wp\/v2\/tags?post=478869"}],"curies":[{"name":"wp","href":"https:\/\/api.w.org\/{rel}","templated":true}]}}