{"id":47887,"date":"2025-04-24T00:31:12","date_gmt":"2025-04-24T00:31:12","guid":{"rendered":"https:\/\/www.europesays.com\/fr\/47887\/"},"modified":"2025-04-24T00:31:12","modified_gmt":"2025-04-24T00:31:12","slug":"a-saint-gregoire-quels-commerces-vont-sinstaller-entre-la-forge-et-rue-milon","status":"publish","type":"post","link":"https:\/\/www.europesays.com\/fr\/47887\/","title":{"rendered":"\u00c0 Saint-Gr\u00e9goire, quels commerces vont s\u2019installer entre La Forge et rue Milon\u00a0?"},"content":{"rendered":"<p>Souvent critiqu\u00e9 pour sa physionomie sans continuit\u00e9 r\u00e9elle, le bourg va muter progressivement dans les prochains mois. <a href=\"https:\/\/rennes.maville.com\/actu\/actudet_-a-saint-gregoire-la-densification-du-centre-ville-va-se-poursuivre-_7-5637647_actu.Htm\" target=\"_self\" rel=\"noopener\">Les nouveaux b\u00e2timents en construction,<\/a> rue Milon, offriront \u00e0 terme 105\u00a0logements et cinq\u00a0cellules commerciales.<\/p>\n<p>La soci\u00e9t\u00e9 B\u00e2ti Armor est en charge de ce vaste projet du centre bourg. \u00a0\u00c0 cette occasion, la commune souhaite acheter trois\u00a0cellules et trois\u00a0stationnements souterrains pour les mettre \u00e0 disposition des commer\u00e7ants, a expliqu\u00e9 Jean-Christophe M\u00e9l\u00e9ard, conseiller municipal en charge du d\u00e9veloppement de la vie commerciale, au conseil municipal du 3\u00a0avril. L\u2019id\u00e9e g\u00e9n\u00e9rale est l\u2019attractivit\u00e9 commerciale de la rue Milon. On y travaille depuis seize\u00a0ans.\u00a0<\/p>\n<p>\u00ab\u00a0Les cellules commerciales ne restent jamais vides\u00a0\u00bb<\/p>\n<p>Les trois espaces acquis par Saint-Gr\u00e9goire vont de 45\u00a0m\u00b2 \u00e0 102\u00a0m\u00b2. L\u2019\u00e9lu annonce d\u00e9j\u00e0 une toiletteuse pour animaux de compagnie qui s\u2019installera dans l\u2019une des cellules.<\/p>\n<p>Pour les deux\u00a0autres, rien ne filtre.<strong> \u00ab\u00a0Il y a des \u00e9changes avec des commer\u00e7ants,<\/strong> indique Jean-Christophe M\u00e9l\u00e9ard. <strong>Il n\u2019y a pas de d\u00e9cision de prise. Le livrable est pr\u00e9vu pour d\u00e9cembre\u00a02026. On n\u2019a pas fait d\u2019offre de publication de cellules commerciales \u00e0 la location car, pour l\u2019instant, on travaille d\u00e9j\u00e0 avec ceux que l\u2019on conna\u00eet bien.<\/strong> <strong>\u00a0On <\/strong>a de la chance ici, les cellules commerciales ne restent jamais vides.\u00a0<\/p>\n<p>Le projet global de construction baptis\u00e9 Montebello pr\u00e9voit trois\u00a0b\u00e2timents. Il comprend des logements allant du T2 au T4\u00a0ainsi que cinq\u00a0cellules commerciales. La grue visible de loin se situe aux angles des rues Alphonse-Milon, de Broc\u00e9liande et du G\u00e9n\u00e9ral-de-Gaulle.\u00a0\u00bb<\/p>\n<p>\u00ab\u00a0Renforcer l\u2019attractivit\u00e9\u00a0\u00bb<\/p>\n<p>In fine, les cellules commerciales sont achet\u00e9es par la Ville au prix de 2\u00a0800\u00a0\u20ac le m\u00e8tre carr\u00e9 hors taxes et chaque place de parking 18\u00a0000\u00a0\u20ac HT.<\/p>\n<p>Le prix total consacr\u00e9 \u00e0 cette op\u00e9ration sera de 864\u00a0009\u00a0\u20ac TTC. \u00a0C\u2019est un investissement structurant, commente La\u00ebtitia Remoissenet, la maire. L\u2019objectif est de renforcer l\u2019attractivit\u00e9 entre la rue Milon et La Forge.\u00a0 En effet, d\u00e8s l\u2019\u00e9t\u00e9, <a href=\"https:\/\/rennes.maville.com\/actu\/actudet_-commerce-logements...-le-reamenagement-de-la-forge-se-precise-a-saint-gregoire-_7-6757768_actu.Htm\" target=\"_self\" rel=\"noopener\">une vaste restructuration du centre commercial La Forge<\/a> va commencer dans le cadre de la ZAC multisite.<\/p>\n<p>\u00a0<\/p>\n","protected":false},"excerpt":{"rendered":"Souvent critiqu\u00e9 pour sa physionomie sans continuit\u00e9 r\u00e9elle, le bourg va muter progressivement dans les prochains mois. Les&hellip;\n","protected":false},"author":2,"featured_media":47888,"comment_status":"","ping_status":"","sticky":false,"template":"","format":"standard","meta":{"footnotes":""},"categories":[2821],"tags":[1111,11,829,7227,1777,674,13872,1011,27,13871,13873,12,3086,584,25,3640,5372],"class_list":{"0":"post-47887","1":"post","2":"type-post","3":"status-publish","4":"format-standard","5":"has-post-thumbnail","7":"category-rennes","8":"tag-actu","9":"tag-actualites","10":"tag-bretagne","11":"tag-commerces","12":"tag-eu","13":"tag-europe","14":"tag-forge","15":"tag-fr","16":"tag-france","17":"tag-installer","18":"tag-milon","19":"tag-news","20":"tag-redon","21":"tag-rennes","22":"tag-republique-francaise","23":"tag-rue","24":"tag-saint-gregoire"},"share_on_mastodon":{"url":"https:\/\/pubeurope.com\/@fr\/114390124667692962","error":""},"_links":{"self":[{"href":"https:\/\/www.europesays.com\/fr\/wp-json\/wp\/v2\/posts\/47887","targetHints":{"allow":["GET"]}}],"collection":[{"href":"https:\/\/www.europesays.com\/fr\/wp-json\/wp\/v2\/posts"}],"about":[{"href":"https:\/\/www.europesays.com\/fr\/wp-json\/wp\/v2\/types\/post"}],"author":[{"embeddable":true,"href":"https:\/\/www.europesays.com\/fr\/wp-json\/wp\/v2\/users\/2"}],"replies":[{"embeddable":true,"href":"https:\/\/www.europesays.com\/fr\/wp-json\/wp\/v2\/comments?post=47887"}],"version-history":[{"count":0,"href":"https:\/\/www.europesays.com\/fr\/wp-json\/wp\/v2\/posts\/47887\/revisions"}],"wp:featuredmedia":[{"embeddable":true,"href":"https:\/\/www.europesays.com\/fr\/wp-json\/wp\/v2\/media\/47888"}],"wp:attachment":[{"href":"https:\/\/www.europesays.com\/fr\/wp-json\/wp\/v2\/media?parent=47887"}],"wp:term":[{"taxonomy":"category","embeddable":true,"href":"https:\/\/www.europesays.com\/fr\/wp-json\/wp\/v2\/categories?post=47887"},{"taxonomy":"post_tag","embeddable":true,"href":"https:\/\/www.europesays.com\/fr\/wp-json\/wp\/v2\/tags?post=47887"}],"curies":[{"name":"wp","href":"https:\/\/api.w.org\/{rel}","templated":true}]}}