{"id":478871,"date":"2025-10-21T06:52:10","date_gmt":"2025-10-21T06:52:10","guid":{"rendered":"https:\/\/www.europesays.com\/fr\/478871\/"},"modified":"2025-10-21T06:52:10","modified_gmt":"2025-10-21T06:52:10","slug":"deux-suspects-arretes-pour-vols-de-trottinettes-pres-du-polygone","status":"publish","type":"post","link":"https:\/\/www.europesays.com\/fr\/478871\/","title":{"rendered":"deux suspects arr\u00eat\u00e9s pour vols de trottinettes pr\u00e8s du Polygone"},"content":{"rendered":"<p>\nDeux hommes ont \u00e9t\u00e9 interpell\u00e9s \u00e0 Montpellier, suspect\u00e9s d&rsquo;avoir vol\u00e9 plusieurs trottinettes.<\/p>\n<p>\n\u00a9 Police Municipale de Montpellier \u2013 photo d\u2019illustration.<\/p>\n<p>Ce samedi <strong>18 octobre<\/strong>, le Centre de Supervision Urbain (CSU) pr\u00eate attention \u00e0 deux individus au <strong>passage de l\u2019Horloge<\/strong> pr\u00e8s du centre commercial <strong>Polygone<\/strong> \u00e0 <a href=\"https:\/\/infoccitanie.fr\/tag\/montpellier\/\" target=\"_blank\" rel=\"noopener\">Montpellier<\/a>. Les deux individus semblent s\u2019int\u00e9resser \u00e0 plusieurs <strong>trottinettes<\/strong> stationn\u00e9es. Ils finissent par en <strong>voler<\/strong> deux.<\/p>\n<p>Chacun rejette la faute sur l\u2019autre<\/p>\n<p>Finalement <strong>interpell\u00e9s<\/strong>, ils sont entendus par les forces de l\u2019ordre. Cependant, lors de leur audition, <strong>chacun rejette la faute sur l\u2019autre<\/strong>. La vid\u00e9o-surveillance du CSU permet alors de clarifier la situation. D\u2019apr\u00e8s les images, les deux suspects auraient agi ensemble lors du premier vol : l\u2019un aurait sectionn\u00e9 l\u2019antivol pendant que l\u2019autre surveillant les environs. Lors du second vol, un seul des deux aurait agi. L\u2019un des suspects, \u00e2g\u00e9 de 33 ans, a \u00e9t\u00e9 plac\u00e9 au <strong>centre de r\u00e9tention administrative<\/strong> (CRA) de <a href=\"https:\/\/infoccitanie.fr\/tag\/nimes\/\" target=\"_blank\" rel=\"noopener\">N\u00eemes<\/a>. Le second, 29 ans, devra r\u00e9pondre de ses actes devant le <strong>tribunal correctionnel <\/strong>le 17 f\u00e9vrier 2026.<\/p>\n","protected":false},"excerpt":{"rendered":"Deux hommes ont \u00e9t\u00e9 interpell\u00e9s \u00e0 Montpellier, suspect\u00e9s d&rsquo;avoir vol\u00e9 plusieurs trottinettes. \u00a9 Police Municipale de Montpellier \u2013&hellip;\n","protected":false},"author":2,"featured_media":478872,"comment_status":"","ping_status":"","sticky":false,"template":"","format":"standard","meta":{"footnotes":""},"categories":[9599],"tags":[1111,11,1777,674,1011,27,2208,12,2680,1072,25],"class_list":{"0":"post-478871","1":"post","2":"type-post","3":"status-publish","4":"format-standard","5":"has-post-thumbnail","7":"category-montpellier","8":"tag-actu","9":"tag-actualites","10":"tag-eu","11":"tag-europe","12":"tag-fr","13":"tag-france","14":"tag-montpellier","15":"tag-news","16":"tag-occitanie","17":"tag-police","18":"tag-republique-francaise"},"share_on_mastodon":{"url":"https:\/\/pubeurope.com\/@fr\/115410839025913996","error":""},"_links":{"self":[{"href":"https:\/\/www.europesays.com\/fr\/wp-json\/wp\/v2\/posts\/478871","targetHints":{"allow":["GET"]}}],"collection":[{"href":"https:\/\/www.europesays.com\/fr\/wp-json\/wp\/v2\/posts"}],"about":[{"href":"https:\/\/www.europesays.com\/fr\/wp-json\/wp\/v2\/types\/post"}],"author":[{"embeddable":true,"href":"https:\/\/www.europesays.com\/fr\/wp-json\/wp\/v2\/users\/2"}],"replies":[{"embeddable":true,"href":"https:\/\/www.europesays.com\/fr\/wp-json\/wp\/v2\/comments?post=478871"}],"version-history":[{"count":0,"href":"https:\/\/www.europesays.com\/fr\/wp-json\/wp\/v2\/posts\/478871\/revisions"}],"wp:featuredmedia":[{"embeddable":true,"href":"https:\/\/www.europesays.com\/fr\/wp-json\/wp\/v2\/media\/478872"}],"wp:attachment":[{"href":"https:\/\/www.europesays.com\/fr\/wp-json\/wp\/v2\/media?parent=478871"}],"wp:term":[{"taxonomy":"category","embeddable":true,"href":"https:\/\/www.europesays.com\/fr\/wp-json\/wp\/v2\/categories?post=478871"},{"taxonomy":"post_tag","embeddable":true,"href":"https:\/\/www.europesays.com\/fr\/wp-json\/wp\/v2\/tags?post=478871"}],"curies":[{"name":"wp","href":"https:\/\/api.w.org\/{rel}","templated":true}]}}