{"id":478873,"date":"2025-10-21T06:53:09","date_gmt":"2025-10-21T06:53:09","guid":{"rendered":"https:\/\/www.europesays.com\/fr\/478873\/"},"modified":"2025-10-21T06:53:09","modified_gmt":"2025-10-21T06:53:09","slug":"decouvrez-jaja-le-bar-a-vin-qui-remplace-le-ptit-verdot-a-rouen","status":"publish","type":"post","link":"https:\/\/www.europesays.com\/fr\/478873\/","title":{"rendered":"D\u00e9couvrez Jaja, le bar \u00e0 vin qui remplace Le P&rsquo;tit Verdot \u00e0 Rouen"},"content":{"rendered":"<p>            Par<br \/>\n        <strong><br \/>\n            <a href=\"https:\/\/actu.fr\/auteur\/julien-bouteiller\" title=\"Consulter tous les articles de Julien Bouteiller\" target=\"_blank\" rel=\"noopener\">Julien Bouteiller<\/a><br \/>\n        <\/strong><\/p>\n<p>        Publi\u00e9 le<\/p>\n<p>            21 oct. 2025 \u00e0 7h58        <\/p>\n<p>\u00c0 n\u2019en pas douter, le quartier des antiquaires de Rouen se mue peu \u00e0 peu en quartier des bonnes soir\u00e9es. Apr\u00e8s <a href=\"https:\/\/actu.fr\/normandie\/rouen_76540\/en-plein-coeur-de-rouen-un-bar-a-vin-a-la-bonne-franquette-va-remplacer-un-restaurant-emblematique_63303322.html\" target=\"_blank\" rel=\"noopener\">Au 2e<\/a>, <a href=\"https:\/\/actu.fr\/normandie\/rouen_76540\/quinze-ans-plus-tard-un-grand-et-mythique-bar-de-pirates-fait-son-retour-a-rouen_63079961.html\" target=\"_blank\" rel=\"noopener\">le Clipper<\/a>, <a href=\"https:\/\/actu.fr\/normandie\/rouen_76540\/exclu-la-petite-bouffe-laisse-place-au-restaurant-d-une-enseigne-bien-connue-a-rouen_63167059.html\" target=\"_blank\" rel=\"noopener\">Aperitivo Pasta Pizza<\/a> ou bien encore <a href=\"https:\/\/actu.fr\/normandie\/rouen_76540\/exclusif-muse-un-nouveau-bar-en-plein-coeur-de-rouen-qui-mise-sur-la-simplicite_62006547.html\" target=\"_blank\" rel=\"noopener\">Muse<\/a>, un nouveau venu va proposer de vous r\u00e9galer <strong>avec du bon vin et de savoureuses planches<\/strong> : <strong>il s\u2019agit de Jaja<\/strong>, qui ouvrira ses portes le 22 octobre 2025.<\/p>\n<p>Jaja remplace le P\u2019tit Verdot<\/p>\n<p class=\" wall-content\"><a href=\"https:\/\/actu.fr\/normandie\/rouen_76540\/apres-17-ans-marie-tourne-la-page-du-p-tit-verdot-a-rouen-une-belle-aventure-humaine_63159517.html\" target=\"_blank\" rel=\"noopener\">En laissant le P\u2019tit Verdot<\/a>, Marie savait qu\u2019elle ne laisserait pas la <strong>rue du P\u00e8re Adam<\/strong> orpheline de bar \u00e0 vin. Et pour cause, elle laissait la main \u00e0<strong> Louis Bertin, qui tient le Bistrot Saint-Maclou, et son \u00e9pouse Victoria.\u00a0<\/strong><\/p>\n<p class=\" wall-content\">\u00ab\u00a0Ce sera <strong>convivial, chaleureux, un endroit authentique<\/strong> qui convienne \u00e0 tout le monde\u00a0\u00bb, annonce Victoria. Rebaptis\u00e9e Jaja (\u00ab\u00a0parce qu\u2019on prendrait bien un p\u2019tit coup de jaja !\u00a0\u00bb), l\u2019adresse reste donc un bar \u00e0 vin.<\/p>\n<p class=\" wall-content\">Au total, <strong>\u00ab\u00a0une carte enti\u00e8rement renouvel\u00e9e\u00a0\u00bb de 75 vins fran\u00e7ais<\/strong>, concoct\u00e9e avec l\u2019aide d\u2019un sommelier. On y trouvera bien s\u00fbr aussi des softs, des bi\u00e8res et quelques cocktails.\u00a0<\/p>\n<p>\u00c0 boire et \u00e0 manger<\/p>\n<p class=\" wall-content\"><strong>Pour se remplir le ventre<\/strong>, on pourra se r\u00e9galer de \u00ab\u00a0charcuteries et fromages du coin\u00a0\u00bb, de p\u00e2t\u00e9 en croute, de tarama venu de l\u2019\u00e9picerie grecque <a href=\"https:\/\/actu.fr\/normandie\/rouen_76540\/nouveau-a-rouen-l-epicerie-kipiadi-propose-de-delicieux-mets-grecs_54650305.html\" target=\"_blank\" rel=\"noopener\">Kipiadi<\/a>, de \u00ab\u00a0grilled cheese\u00a0\u00bb, ou d\u2019un jambon-beurre \u00e0 la truffe.\u00a0<\/p>\n<p class=\" wall-content\">Au final, une formule \u00ab\u00a0un peu renouvel\u00e9e\u00a0\u00bb du P\u2019tit Verdot o\u00f9 les habitu\u00e9s retrouveront le visage familier de Christophe. \u00ab\u00a0On esp\u00e8re que le lieu nous portera autant chance qu\u2019\u00e0 Marie\u00a0\u00bb, sourit Victoria.<\/p>\n<p>Votre r\u00e9gion, votre actu !<\/p>\n<p>Recevez chaque jour les infos qui comptent pour vous.<\/p>\n<p>\t<a href=\"https:\/\/actu.fr\/newsletter\" class=\"ac-btn ac-btn--corner ac-btn--medium ac-btn--blue800\" target=\"_blank\" rel=\"noopener\">S&rsquo;incrire<\/a><\/p>\n<p class=\" wall-content\">Celle qui \u00e9tait sage-femme avant ne doute pas du succ\u00e8s \u00e0 venir, malgr\u00e9 la concurrence. \u00ab\u00a0Plus il y a de monde dans le quartier, et mieux c\u2019est pour tout le monde.\u00a0\u00bb Il n\u2019y a plus qu\u2019\u00e0 attendre<strong> l\u2019ouverture au public le 22 octobre<\/strong> pour se faire son avis !<\/p>\n<p>Jaja, 11, rue du P\u00e8re Adam \u00e0 Rouen. Ouvert tous les jours, d\u00e8s 18h.<\/p>\n<p>Suivez l\u2019actualit\u00e9 de Rouen <a href=\"https:\/\/www.whatsapp.com\/channel\/0029VaKfnf99hXF2ddApFB1D\" target=\"_blank\" rel=\"noopener\">sur notre cha\u00eene WhatsApp<\/a> et <a href=\"https:\/\/www.tiktok.com\/@76actu.fr?lang=fr\" target=\"_blank\" rel=\"noopener\">sur notre compte TikTok<\/a><\/p>\n<p class=\" wall-content\">Personnalisez votre actualit\u00e9 en ajoutant vos villes et m\u00e9dias en favori avec <a href=\"https:\/\/moncompte.actu.fr\" title=\"D\u00e9couvez Mon Actu\" rel=\"nofollow noopener\" data-trk=\"{&quot;cta&quot;:{&quot;action&quot;:&quot;https:\\\/\\\/moncompte.actu.fr&quot;,&quot;category&quot;:&quot;mon compte&quot;,&quot;from&quot;:&quot;article footer&quot;,&quot;name&quot;:&quot;Mon actu&quot;,&quot;type&quot;:&quot;cta&quot;}}\" target=\"_blank\">Mon Actu<\/a>.<\/p>\n<p>                    <script async src=\"\/\/www.tiktok.com\/embed.js\"><\/script><\/p>\n","protected":false},"excerpt":{"rendered":"Par Julien Bouteiller Publi\u00e9 le 21 oct. 2025 \u00e0 7h58 \u00c0 n\u2019en pas douter, le quartier des antiquaires&hellip;\n","protected":false},"author":2,"featured_media":478874,"comment_status":"","ping_status":"","sticky":false,"template":"","format":"standard","meta":{"footnotes":""},"categories":[9587],"tags":[1111,11,9086,215,1777,674,1011,27,1652,12,5161,3147,25,9590],"class_list":{"0":"post-478873","1":"post","2":"type-post","3":"status-publish","4":"format-standard","5":"has-post-thumbnail","7":"category-rouen","8":"tag-actu","9":"tag-actualites","10":"tag-bon-plan-a-rouen","11":"tag-commerce","12":"tag-eu","13":"tag-europe","14":"tag-fr","15":"tag-france","16":"tag-loisirs-culture","17":"tag-news","18":"tag-normandie","19":"tag-nouveaux-commerces","20":"tag-republique-francaise","21":"tag-rouen"},"share_on_mastodon":{"url":"https:\/\/pubeurope.com\/@fr\/115410842822538942","error":""},"_links":{"self":[{"href":"https:\/\/www.europesays.com\/fr\/wp-json\/wp\/v2\/posts\/478873","targetHints":{"allow":["GET"]}}],"collection":[{"href":"https:\/\/www.europesays.com\/fr\/wp-json\/wp\/v2\/posts"}],"about":[{"href":"https:\/\/www.europesays.com\/fr\/wp-json\/wp\/v2\/types\/post"}],"author":[{"embeddable":true,"href":"https:\/\/www.europesays.com\/fr\/wp-json\/wp\/v2\/users\/2"}],"replies":[{"embeddable":true,"href":"https:\/\/www.europesays.com\/fr\/wp-json\/wp\/v2\/comments?post=478873"}],"version-history":[{"count":0,"href":"https:\/\/www.europesays.com\/fr\/wp-json\/wp\/v2\/posts\/478873\/revisions"}],"wp:featuredmedia":[{"embeddable":true,"href":"https:\/\/www.europesays.com\/fr\/wp-json\/wp\/v2\/media\/478874"}],"wp:attachment":[{"href":"https:\/\/www.europesays.com\/fr\/wp-json\/wp\/v2\/media?parent=478873"}],"wp:term":[{"taxonomy":"category","embeddable":true,"href":"https:\/\/www.europesays.com\/fr\/wp-json\/wp\/v2\/categories?post=478873"},{"taxonomy":"post_tag","embeddable":true,"href":"https:\/\/www.europesays.com\/fr\/wp-json\/wp\/v2\/tags?post=478873"}],"curies":[{"name":"wp","href":"https:\/\/api.w.org\/{rel}","templated":true}]}}