{"id":478880,"date":"2025-10-21T07:00:12","date_gmt":"2025-10-21T07:00:12","guid":{"rendered":"https:\/\/www.europesays.com\/fr\/478880\/"},"modified":"2025-10-21T07:00:12","modified_gmt":"2025-10-21T07:00:12","slug":"strasbourg-livres-disques-la-semis-organise-sa-grande-vente-de-solidarite-au-temple-neuf-ce-week-end","status":"publish","type":"post","link":"https:\/\/www.europesays.com\/fr\/478880\/","title":{"rendered":"Strasbourg. Livres, disques&#8230; la S\u00e9mis organise sa grande vente de solidarit\u00e9 au Temple Neuf ce week-end"},"content":{"rendered":"<p>La S\u00e9mis organise deux ventes de livres d\u2019occasion par an au Temple Neuf, l\u2019une au printemps et <a href=\"https:\/\/www.dna.fr\/pour-sortir\/loisirs\/Marche-brocante-vide-grenier\/Brocantes\/Alsace\/Bas-rhin\/Strasbourg\/2025\/10\/24\/Grande-vente-de-solidarite-de-la-semis\" target=\"_blank\" rel=\"noopener\">l\u2019autre \u00e0 l\u2019automne<\/a>. Les livres, timbres, cartes postales, vinyles, DVD, CD et autres objets de collection mis en vente ont \u00e9t\u00e9 re\u00e7us en don. Ils sont tri\u00e9s, v\u00e9rifi\u00e9s et class\u00e9s par cat\u00e9gories par les \u00e9quipes de b\u00e9n\u00e9voles.<\/p>\n<p>  Des photographies et des ouvrages en anglais<\/p>\n<p>Cette ann\u00e9e, en plus de la s\u00e9lection habituelle, vous trouverez des nouveaut\u00e9s\u00a0: de grandes photographies de l\u2019Alsace sign\u00e9es par Frantisek Zvardon, photographe disparu en novembre\u00a02024. \u00c0 noter \u00e9galement un large choix d\u2019ouvrages juridiques en fran\u00e7ais et en anglais et de nombreux romans dans la langue de Shakespeare, pour les amateurs de litt\u00e9rature internationale.<\/p>\n<p>De nombreux romans r\u00e9cents seront \u00e9galement propos\u00e9s. Sans oublier un arrivage exceptionnel de DVD et de disques vinyles, pour les passionn\u00e9s de cin\u00e9ma et de musique.<\/p>\n<p>Ce contenu est bloqu\u00e9 car vous n&rsquo;avez pas accept\u00e9 les cookies et autres traceurs.<\/p>\n<p>En cliquant sur \u00ab J\u2019accepte \u00bb, les cookies et autres traceurs seront d\u00e9pos\u00e9s et vous pourrez visualiser les contenus  (<a href=\"\" class=\"consentModule_policy\" target=\"_blank\" title=\"Consulter la politique de protection des donn\u00e9es du fournisseur\">plus d&rsquo;informations<\/a>).<\/p>\n<p>En cliquant sur \u00ab J\u2019accepte tous les cookies \u00bb, vous autorisez des d\u00e9p\u00f4ts de cookies et autres traceurs pour le stockage de vos donn\u00e9es sur nos sites et applications \u00e0 des fins de personnalisation et de ciblage publicitaire.<\/p>\n<p class=\"consentModule_secondaryText\">Vous gardez la possibilit\u00e9 de retirer votre consentement \u00e0 tout moment en consultant notre <a href=\"https:\/\/www.dna.fr\/protection-des-donnees\" target=\"_blank\" title=\"Consulter notre politique de protection des donn\u00e9es\" rel=\"noopener\">politique de protection des donn\u00e9es<\/a>. <br \/>&#13;<br \/>\n            <a href=\"https:\/\/www.dna.fr\/culture-loisirs\/2025\/10\/21\/javascript:Didomi.notice.show()\" class=\"consentModule_cmp\" target=\"_blank\" rel=\"noopener\">G\u00e9rer mes choix<\/a>&#13;\n        <\/p>\n<p>&#13;<br \/>\n                        J&rsquo;accepte&#13;<br \/>\n            J&rsquo;accepte tous les cookies&#13;\n        <\/p>\n<p>Les collectionneurs trouveront les \u0153uvres compl\u00e8tes de Mozart et de Bach dans la rubrique CD. Mais il y aura aussi des livres d\u2019art couvrant des p\u00e9riodes allant de l\u2019art assyrien \u00e0 la Renaissance, du baroque \u00e0 l\u2019art moderne\u00a0; une bible ancienne en plusieurs volumes et des ouvrages de spiritualit\u00e9 abordant des th\u00e8mes vari\u00e9s\u00a0; de beaux livres sur l\u2019Ouest am\u00e9ricain\u2026<\/p>\n<p>  Une vente au service de la solidarit\u00e9<\/p>\n<p> Depuis plus de trente ans, les ventes de la S\u00e9mis rassemblent collectionneurs, curieux et passionn\u00e9s de culture dans un esprit de partage et d\u2019entraide. <\/p>\n<p>Les b\u00e9n\u00e9fices de cette vente contribuent aux actions sociales du Centre social protestant (CSP) qui offre \u00e9coute, accompagnement, aide alimentaire et vestimentaire aux personnes en difficult\u00e9.<\/p>\n<p class=\"note\">Vendredi 24\u00a0octobre, de 10\u00a0h \u00e0 17\u00a0h. Samedi 25\u00a0octobre, de 10\u00a0h \u00e0 17\u00a0h. Dimanche 26\u00a0octobre, de 10\u00a0h \u00e0 16\u00a0h. Temple Neuf, place du Temple-Neuf \u00e0 Strasbourg.<\/p>\n","protected":false},"excerpt":{"rendered":"La S\u00e9mis organise deux ventes de livres d\u2019occasion par an au Temple Neuf, l\u2019une au printemps et l\u2019autre&hellip;\n","protected":false},"author":2,"featured_media":478881,"comment_status":"","ping_status":"","sticky":false,"template":"","format":"standard","meta":{"footnotes":""},"categories":[2820],"tags":[1111,11,6211,1687,2880,1777,674,107,1011,27,775,12,2661,5486,25,640,2879],"class_list":{"0":"post-478880","1":"post","2":"type-post","3":"status-publish","4":"format-standard","5":"has-post-thumbnail","7":"category-strasbourg","8":"tag-actu","9":"tag-actualites","10":"tag-conference","11":"tag-culture-loisirs","12":"tag-edition-strasbourg","13":"tag-eu","14":"tag-europe","15":"tag-fil-info","16":"tag-fr","17":"tag-france","18":"tag-grand-est","19":"tag-news","20":"tag-patrimoine-culturel","21":"tag-rencontre","22":"tag-republique-francaise","23":"tag-strasbourg","24":"tag-strasbourg-ville"},"share_on_mastodon":{"url":"https:\/\/pubeurope.com\/@fr\/115410870172489526","error":""},"_links":{"self":[{"href":"https:\/\/www.europesays.com\/fr\/wp-json\/wp\/v2\/posts\/478880","targetHints":{"allow":["GET"]}}],"collection":[{"href":"https:\/\/www.europesays.com\/fr\/wp-json\/wp\/v2\/posts"}],"about":[{"href":"https:\/\/www.europesays.com\/fr\/wp-json\/wp\/v2\/types\/post"}],"author":[{"embeddable":true,"href":"https:\/\/www.europesays.com\/fr\/wp-json\/wp\/v2\/users\/2"}],"replies":[{"embeddable":true,"href":"https:\/\/www.europesays.com\/fr\/wp-json\/wp\/v2\/comments?post=478880"}],"version-history":[{"count":0,"href":"https:\/\/www.europesays.com\/fr\/wp-json\/wp\/v2\/posts\/478880\/revisions"}],"wp:featuredmedia":[{"embeddable":true,"href":"https:\/\/www.europesays.com\/fr\/wp-json\/wp\/v2\/media\/478881"}],"wp:attachment":[{"href":"https:\/\/www.europesays.com\/fr\/wp-json\/wp\/v2\/media?parent=478880"}],"wp:term":[{"taxonomy":"category","embeddable":true,"href":"https:\/\/www.europesays.com\/fr\/wp-json\/wp\/v2\/categories?post=478880"},{"taxonomy":"post_tag","embeddable":true,"href":"https:\/\/www.europesays.com\/fr\/wp-json\/wp\/v2\/tags?post=478880"}],"curies":[{"name":"wp","href":"https:\/\/api.w.org\/{rel}","templated":true}]}}