{"id":478888,"date":"2025-10-21T07:04:37","date_gmt":"2025-10-21T07:04:37","guid":{"rendered":"https:\/\/www.europesays.com\/fr\/478888\/"},"modified":"2025-10-21T07:04:37","modified_gmt":"2025-10-21T07:04:37","slug":"lelu-nantais-denonce-la-resurgence-du-parti-national-breton-en-pleine-recrudescence","status":"publish","type":"post","link":"https:\/\/www.europesays.com\/fr\/478888\/","title":{"rendered":"L\u2019\u00e9lu nantais d\u00e9nonce la r\u00e9surgence du parti national breton \u00ab\u00a0en pleine recrudescence\u00a0\u00bb"},"content":{"rendered":"<p>Florian Le Teuff, adjoint nantais en charge des enjeux bretons, a envoy\u00e9 un deuxi\u00e8me courrier au procureur de la R\u00e9publique, il y a quelques jours. Un an apr\u00e8s avoir eu <a href=\"https:\/\/nantes.maville.com\/actu\/actudet_-l-extreme-droite-s-est-imposee-dans-la-manifestation-pour-la-bretagne-reunie-_8-6507901_actu.Htm\" target=\"_blank\" rel=\"nofollow noopener\">une altercation avec des membres du PNB<\/a>, le parti national breton, lors d\u2019une manifestation pour le rattachement de la Loire-Atlantique \u00e0 la Bretagne, au cours de laquelle il a essuy\u00e9 des coups. <strong>\u00ab\u00a0Depuis un an, ce mouvement agit \u00e0 visage d\u00e9couvert, en d\u00e9voilant le nom de ses responsables, et organise des rassemblements publics. Le 25\u00a0octobre, il organisera un \u00e9v\u00e9nement destin\u00e9 \u00e0 rendre hommage \u00e0 Olier Mordrel, figure de l\u2019ultra-nationalisme breton\u00a0\u00bb<\/strong>, d\u00e9nonce l\u2019\u00e9lu dans cette lettre.<\/p>\n<p>L\u2019adjoint s\u2019\u00e9tonne que le groupuscule\u00a0puisse s\u2019\u00eatre reconstitu\u00e9,<strong> \u00ab\u00a0malgr\u00e9 sa dissolution\u00a0\u00bb<\/strong> en 1939, en raison de <strong>\u00ab\u00a0ses liens actifs avec l\u2019Allemagne nazie\u00a0\u00bb<\/strong>. <a href=\"https:\/\/nantes.maville.com\/actu\/actudet_-le-parti-national-breton-se-reconstitue-l-elu-nantais-alerte-le-ministre-de-l-interieur-_5-6707911_actu.Htm\" target=\"_blank\" rel=\"nofollow noopener\">Son premier courrier au procureur<\/a> est rest\u00e9, dit-il, sans r\u00e9ponse. La comm\u00e9moration prochainement organis\u00e9e pour Olier Mordrel, <strong>\u00ab\u00a0qui assumait son adh\u00e9sion \u00e0 l\u2019id\u00e9ologie nazie\u00a0\u00bb<\/strong>, l\u2019a fait bondir \u00e0 nouveau\u00a0: <strong>\u00ab\u00a0Il me semble important de mettre un terme aux activit\u00e9s du PNB, en pleine recrudescence\u00a0\u00bb<\/strong>, r\u00e9clame-t-il. Apr\u00e8s l\u2019agression, Florian Le Teuff avait d\u00e9pos\u00e9 plainte contre X, pour insultes et menaces physiques sur un r\u00e9seau social. <strong>\u00ab\u00a0Une personne a \u00e9t\u00e9 identifi\u00e9e\u00a0\u00bb<\/strong>, pr\u00e9cise l\u2019\u00e9lu, qui attend d\u00e9sormais le proc\u00e8s.<\/p>\n<p>La personne qui lui a donn\u00e9 des coups de poing et a tent\u00e9 de le frapper avec un manche de pioche <strong>\u00ab\u00a0qui servait de m\u00e2t de drapeau\u00a0\u00bb<\/strong>, lui valant six jours d\u2019ITT, n\u2019a pas \u00e9t\u00e9 retrouv\u00e9e <strong>\u00ab\u00a0alors qu\u2019elle est apparue \u00e0 visage d\u00e9couvert\u00a0\u00bb<\/strong>, d\u00e9plore-t-il. Joint au t\u00e9l\u00e9phone, le porte-parole du PNB, Herv\u00e9 Archier, pr\u00e9sente Olier Mordrel comme <strong>\u00ab\u00a0une figure importante du nationalisme breton. Et c\u2019est tout ce qui nous int\u00e9resse\u00a0\u00bb, <\/strong>\u00e9vacuant de fait toutes les questions concernant sa filiation avec l\u2019occupant allemand. Il n\u2019a pas non plus r\u00e9v\u00e9l\u00e9 le lieu de la comm\u00e9moration, indiquant seulement qu\u2019elle se tiendra <strong>\u00ab\u00a0en Pays bigouden\u00a0\u00bb<\/strong>.<\/p>\n<p>\u00a0<\/p>\n","protected":false},"excerpt":{"rendered":"Florian Le Teuff, adjoint nantais en charge des enjeux bretons, a envoy\u00e9 un deuxi\u00e8me courrier au procureur de&hellip;\n","protected":false},"author":2,"featured_media":478889,"comment_status":"","ping_status":"","sticky":false,"template":"","format":"standard","meta":{"footnotes":""},"categories":[2818],"tags":[1111,11,6978,7891,14192,1777,674,1011,27,4715,766,3238,12,13695,2636,19940,13013,25,44171],"class_list":{"0":"post-478888","1":"post","2":"type-post","3":"status-publish","4":"format-standard","5":"has-post-thumbnail","7":"category-nantes","8":"tag-actu","9":"tag-actualites","10":"tag-breton","11":"tag-denonce","12":"tag-elu","13":"tag-eu","14":"tag-europe","15":"tag-fr","16":"tag-france","17":"tag-nantais","18":"tag-nantes","19":"tag-national","20":"tag-news","21":"tag-parti","22":"tag-pays-de-la-loire","23":"tag-pleine","24":"tag-recrudescence","25":"tag-republique-francaise","26":"tag-resurgence"},"share_on_mastodon":{"url":"https:\/\/pubeurope.com\/@fr\/115410885919824338","error":""},"_links":{"self":[{"href":"https:\/\/www.europesays.com\/fr\/wp-json\/wp\/v2\/posts\/478888","targetHints":{"allow":["GET"]}}],"collection":[{"href":"https:\/\/www.europesays.com\/fr\/wp-json\/wp\/v2\/posts"}],"about":[{"href":"https:\/\/www.europesays.com\/fr\/wp-json\/wp\/v2\/types\/post"}],"author":[{"embeddable":true,"href":"https:\/\/www.europesays.com\/fr\/wp-json\/wp\/v2\/users\/2"}],"replies":[{"embeddable":true,"href":"https:\/\/www.europesays.com\/fr\/wp-json\/wp\/v2\/comments?post=478888"}],"version-history":[{"count":0,"href":"https:\/\/www.europesays.com\/fr\/wp-json\/wp\/v2\/posts\/478888\/revisions"}],"wp:featuredmedia":[{"embeddable":true,"href":"https:\/\/www.europesays.com\/fr\/wp-json\/wp\/v2\/media\/478889"}],"wp:attachment":[{"href":"https:\/\/www.europesays.com\/fr\/wp-json\/wp\/v2\/media?parent=478888"}],"wp:term":[{"taxonomy":"category","embeddable":true,"href":"https:\/\/www.europesays.com\/fr\/wp-json\/wp\/v2\/categories?post=478888"},{"taxonomy":"post_tag","embeddable":true,"href":"https:\/\/www.europesays.com\/fr\/wp-json\/wp\/v2\/tags?post=478888"}],"curies":[{"name":"wp","href":"https:\/\/api.w.org\/{rel}","templated":true}]}}