{"id":478896,"date":"2025-10-21T07:08:14","date_gmt":"2025-10-21T07:08:14","guid":{"rendered":"https:\/\/www.europesays.com\/fr\/478896\/"},"modified":"2025-10-21T07:08:14","modified_gmt":"2025-10-21T07:08:14","slug":"le-trafic-particulierement-charge-sur-le-peripherique","status":"publish","type":"post","link":"https:\/\/www.europesays.com\/fr\/478896\/","title":{"rendered":"le trafic particuli\u00e8rement charg\u00e9 sur le p\u00e9riph\u00e9rique"},"content":{"rendered":"<p>            Par<br \/>\n        <strong><br \/>\n            <a href=\"https:\/\/actu.fr\/auteur\/marie-lamarque\" title=\"Consulter tous les articles de Marie Lamarque\" target=\"_blank\" rel=\"noopener\">Marie Lamarque<\/a><br \/>\n        <\/strong><\/p>\n<p>        Publi\u00e9 le<\/p>\n<p>            21 oct. 2025 \u00e0 8h35        <\/p>\n<p>M\u00eame en p\u00e9riode de vacances, le trafic est charg\u00e9 ce matin du mardi 21 octobre 2025 sur le p\u00e9riph\u00e9rique de <a href=\"https:\/\/actu.fr\/toulouse\/\" target=\"_blank\" rel=\"noopener\">Toulouse<\/a>. S\u2019ajoutent des routes mouill\u00e9es en raison de la m\u00e9t\u00e9o et <strong>un accident<\/strong> qui impactent les conditions de circulation. Le point sur le trafic autour de la Ville rose.<\/p>\n<p>Un accident sur l\u2019A620<\/p>\n<p class=\" wall-content\">La pluie est au rendez-vous ce mardi matin. En cons\u00e9quence, \u00e0 l\u2019heure de pointe, les travailleurs sont plus nombreux \u00e0 avoir opt\u00e9 pour la voiture. \u00ab\u00a0Il faut compter<strong> jusqu\u2019\u00e0 15, voire 20 minutes de plus<\/strong> sur son temps de trajet habituel\u00a0\u00bb, alerte Radio Vinci.<\/p>\n<p class=\" wall-content\">D\u2019autant qu\u2019un <strong>accident est survenu entre une voiture et un camion<\/strong> sur l\u2019A620, au sud-est de la Ville rose, dans le sens Toulouse sud vers Toulouse nord, dans le secteur de Rangueil.<\/p>\n<p class=\" wall-content\">Ailleurs, le trafic est particuli\u00e8rement charg\u00e9 au nord-est de Toulouse. \u00ab\u00a0Compter dix minutes de plus en venant d\u2019Albi et de Montastruc\u00a0\u00bb, informe Radio Vinci.<\/p>\n<p>    <img   decoding=\"async\" loading=\"lazy\" src=\"https:\/\/www.europesays.com\/fr\/wp-content\/uploads\/2025\/10\/toulouse-trafic-circulation-960x640.png\" alt=\"Les conditions de trafic \u00e0 Toulouse ce matin du mardi 21 octobre 2025.\" width=\"960\" height=\"640\"\/><br \/>\n    Les conditions de trafic \u00e0 Toulouse ce matin du mardi 21 octobre 2025. (\u00a9Toulouse Trafic)<\/p>\n<p class=\" wall-content\">Personnalisez votre actualit\u00e9 en ajoutant vos villes et m\u00e9dias en favori avec <a href=\"https:\/\/moncompte.actu.fr\" title=\"D\u00e9couvez Mon Actu\" rel=\"nofollow noopener\" data-trk=\"{&quot;cta&quot;:{&quot;action&quot;:&quot;https:\\\/\\\/moncompte.actu.fr&quot;,&quot;category&quot;:&quot;mon compte&quot;,&quot;from&quot;:&quot;article footer&quot;,&quot;name&quot;:&quot;Mon actu&quot;,&quot;type&quot;:&quot;cta&quot;}}\" target=\"_blank\">Mon Actu<\/a>.<\/p>\n","protected":false},"excerpt":{"rendered":"Par Marie Lamarque Publi\u00e9 le 21 oct. 2025 \u00e0 8h35 M\u00eame en p\u00e9riode de vacances, le trafic est&hellip;\n","protected":false},"author":2,"featured_media":478897,"comment_status":"","ping_status":"","sticky":false,"template":"","format":"standard","meta":{"footnotes":""},"categories":[2816],"tags":[1111,11,3542,1777,674,1011,27,12,2680,4800,25,104,2312],"class_list":{"0":"post-478896","1":"post","2":"type-post","3":"status-publish","4":"format-standard","5":"has-post-thumbnail","7":"category-toulouse","8":"tag-actu","9":"tag-actualites","10":"tag-circulation","11":"tag-eu","12":"tag-europe","13":"tag-fr","14":"tag-france","15":"tag-news","16":"tag-occitanie","17":"tag-peripherique-de-toulouse","18":"tag-republique-francaise","19":"tag-societe","20":"tag-toulouse"},"share_on_mastodon":{"url":"https:\/\/pubeurope.com\/@fr\/115410902223759636","error":""},"_links":{"self":[{"href":"https:\/\/www.europesays.com\/fr\/wp-json\/wp\/v2\/posts\/478896","targetHints":{"allow":["GET"]}}],"collection":[{"href":"https:\/\/www.europesays.com\/fr\/wp-json\/wp\/v2\/posts"}],"about":[{"href":"https:\/\/www.europesays.com\/fr\/wp-json\/wp\/v2\/types\/post"}],"author":[{"embeddable":true,"href":"https:\/\/www.europesays.com\/fr\/wp-json\/wp\/v2\/users\/2"}],"replies":[{"embeddable":true,"href":"https:\/\/www.europesays.com\/fr\/wp-json\/wp\/v2\/comments?post=478896"}],"version-history":[{"count":0,"href":"https:\/\/www.europesays.com\/fr\/wp-json\/wp\/v2\/posts\/478896\/revisions"}],"wp:featuredmedia":[{"embeddable":true,"href":"https:\/\/www.europesays.com\/fr\/wp-json\/wp\/v2\/media\/478897"}],"wp:attachment":[{"href":"https:\/\/www.europesays.com\/fr\/wp-json\/wp\/v2\/media?parent=478896"}],"wp:term":[{"taxonomy":"category","embeddable":true,"href":"https:\/\/www.europesays.com\/fr\/wp-json\/wp\/v2\/categories?post=478896"},{"taxonomy":"post_tag","embeddable":true,"href":"https:\/\/www.europesays.com\/fr\/wp-json\/wp\/v2\/tags?post=478896"}],"curies":[{"name":"wp","href":"https:\/\/api.w.org\/{rel}","templated":true}]}}