{"id":478900,"date":"2025-10-21T07:10:10","date_gmt":"2025-10-21T07:10:10","guid":{"rendered":"https:\/\/www.europesays.com\/fr\/478900\/"},"modified":"2025-10-21T07:10:10","modified_gmt":"2025-10-21T07:10:10","slug":"roubaix-le-depute-sebastien-chenu-pointe-du-doigt-une-salle-100-feminine-voici-la-reponse-de-basic-fit","status":"publish","type":"post","link":"https:\/\/www.europesays.com\/fr\/478900\/","title":{"rendered":"Roubaix. Le d\u00e9put\u00e9 S\u00e9bastien Chenu pointe du doigt une salle 100% f\u00e9minine, voici la r\u00e9ponse de Basic Fit"},"content":{"rendered":"<p>            Par<br \/>\n        <strong><br \/>\n            <a href=\"https:\/\/actu.fr\/auteur\/margot-nicodeme\" title=\"Consulter tous les articles de Margot Nicod\u00e8me\" target=\"_blank\" rel=\"noopener\">Margot Nicod\u00e8me<\/a><br \/>\n        <\/strong><\/p>\n<p>        Publi\u00e9 le<\/p>\n<p>            21 oct. 2025 \u00e0 8h04        <\/p>\n<p><b>Le d\u00e9put\u00e9 du Nord S\u00e9bastien Chenu<\/b> a<b> interpell\u00e9 <a href=\"https:\/\/actu.fr\/hauts-de-france\/lille_59350\/un-nouveau-basic-fit-de-plus-de-1-400-m%C2%B2-ouvre-tres-prochainement-dans-la-metropole-de-lille_62589084.html\" target=\"_blank\" rel=\"noopener\">Basic-Fit<\/a> <\/b>dans un tweet, le 16 octobre dernier : il s\u2019\u00e9tonnait alors de l\u2019existence d\u2019<b>une salle de sport<\/b> <b>100% f\u00e9minine<\/b>\u00a0appartenant au r\u00e9seau, \u00e0 <a href=\"https:\/\/actu.fr\/hauts-de-france\/roubaix_59512\" target=\"_blank\" rel=\"noopener\">Roubaix<\/a> (Nord). Le vice-pr\u00e9sident du <a href=\"https:\/\/actu.fr\/normandie\/bernay_27056\/eure-le-rassemblement-national-avance-ses-pions-pour-les-elections-municipales_63205381.html\" target=\"_blank\" rel=\"noopener\">Rassemblement national<\/a> y a vu une politique discriminante, apposant \u00e0 la photo la l\u00e9gende suivante : \u00ab\u00a0Chez Basic Fit, la mixit\u00e9 c\u2019est fini\u2026! Une explication ?\u00a0\u00bb Interrog\u00e9e sur ce concept, que beaucoup d\u2019internautes ont d\u00e9fendu dans leurs r\u00e9ponses \u00e0 la publication,<b> la marque l\u2019assume et le revendique<\/b>.<\/p>\n<p>\u00ab\u00a0S\u2019entra\u00eener et s\u2019\u00e9pauler dans une atmosph\u00e8re positive et bienveillante\u00a0\u00bb<\/p>\n<p class=\" wall-content\">Il convient d\u2019abord de rappeler que le \u00ab\u00a0Basic-Fit Ladies\u00a0\u00bb de Roubaix est accol\u00e9 \u00e0 un Basic-Fit \u00ab\u00a0classique\u00a0\u00bb, o\u00f9 hommes et femmes sont invit\u00e9s \u00e0 s\u2019entrainer les uns avec les autres.<\/p>\n<p class=\" wall-content\"><\/p>\n<p class=\" wall-content\">La <a href=\"https:\/\/actu.fr\/grand-est\/strasbourg_67482\/ce-basic-fit-est-reserve-aux-femmes-je-ne-voulais-pas-avoir-a-supporter-le-regard-des-hommes_60095366.html\" target=\"_blank\" rel=\"noopener\">salle r\u00e9serv\u00e9e aux sportives<\/a>, comme il en existe partout en France d\u00e9sormais, a \u00e9t\u00e9 \u00ab\u00a0con\u00e7ue pour les femmes, afin qu\u2019elles puissent s\u2019entra\u00eener et s\u2019\u00e9pauler <b>dans une atmosph\u00e8re positive et bienveillante<\/b>\u00ab\u00a0, nous explique l\u2019enseigne. Et d\u2019ajouter que \u00ab\u00a0l\u2019inclusion tient une place pr\u00e9pond\u00e9rante\u00a0\u00bb dans ses valeurs, dont la plus importante est d\u2019inciter \u00e0 la pratique du sport, levier \u00ab\u00a0essentiel au bien-\u00eatre \u2013 physique comme mental \u2013 de tous, quel que soit son parcours, ses objectifs ou son niveau\u00a0\u00bb.<\/p>\n<p class=\" wall-content\">Les clubs Basif-Fit Ladies traduisent ainsi une volont\u00e9 de \u00ab\u00a0r\u00e9pondre aux besoins\u00a0\u00bb des adh\u00e9rentes, et de<b> cr\u00e9er un espace de \u00ab\u00a0confiance\u00a0\u00bb<\/b> dans \u00ab\u00a0la pratique du fitness au quotidien\u00a0\u00bb.<\/p>\n<p>\u00ab\u00a0Les femmes en ont marre des harceleurs de rue\u00a0\u00bb<\/p>\n<p class=\" wall-content\">Et ce n\u2019est pas tout, l\u2019enseigne est fi\u00e8re de d\u00e9tailler les autres initiatives mises en place pour les femmes, comme \u00ab\u00a0les programmes d\u2019entra\u00eenement d\u00e9di\u00e9s aux diff\u00e9rentes p\u00e9riodes de leur vie (grossesse, m\u00e9nopause\u2026)\u00a0\u00bb.\u00a0\u00a0<\/p>\n<p class=\" wall-content\">Sur X, les internautes, dans leur grande majorit\u00e9 \u2013 hommes comme femmes \u2013 n\u2019ont pas reconnu l\u2019aspect discriminant du lieu, et ont<b> \u00e0 l\u2019inverse salu\u00e9 son existence<\/b>.<\/p>\n<p class=\" wall-content\">\u00ab\u00a0Les femmes en ont marre des harceleurs de rue, c\u2019est simple \u00e0 comprendre\u00a0\u00bb, \u00ab\u00a0Enfin un lieu o\u00f9 elles peuvent se sentir en s\u00e9curit\u00e9\u00a0\u00bb, \u00ab\u00a0On en a marre de se faire reluquer les fesses par des pervers (des hommes toujours) qui ne viennent que pour \u00e7a !\u00a0\u00bb, \u00ab\u00a0Suffit de discuter 5 mn avec n\u2019importe quelle femme qui va \u00e0 la salle de sport pour comprendre pourquoi y a ce genre d\u2019espace\u00a0\u00bb, peut-on lire dans les commentaires les plus populaires.<\/p>\n<p>Votre r\u00e9gion, votre actu !<\/p>\n<p>Recevez chaque jour les infos qui comptent pour vous.<\/p>\n<p>\t<a href=\"https:\/\/actu.fr\/newsletter\" class=\"ac-btn ac-btn--corner ac-btn--medium ac-btn--blue800\" target=\"_blank\" rel=\"noopener\">S&rsquo;incrire<\/a><\/p>\n<p class=\" wall-content\">Il existe <b><a href=\"https:\/\/www.basic-fit.com\/fr-fr\/salles-de-sport?filters=Ladies\" target=\"_blank\" rel=\"noopener\">12 clubs Basic-Fit Ladies<\/a> en France <\/b>: \u00e0 Lille, Marseille, Montpellier, Nantes, Paris, Strasbourg, Toulouse\u2026<\/p>\n<p class=\" wall-content\">Personnalisez votre actualit\u00e9 en ajoutant vos villes et m\u00e9dias en favori avec <a href=\"https:\/\/moncompte.actu.fr\" title=\"D\u00e9couvez Mon Actu\" rel=\"nofollow noopener\" data-trk=\"{&quot;cta&quot;:{&quot;action&quot;:&quot;https:\\\/\\\/moncompte.actu.fr&quot;,&quot;category&quot;:&quot;mon compte&quot;,&quot;from&quot;:&quot;article footer&quot;,&quot;name&quot;:&quot;Mon actu&quot;,&quot;type&quot;:&quot;cta&quot;}}\" target=\"_blank\">Mon Actu<\/a>.<\/p>\n","protected":false},"excerpt":{"rendered":"Par Margot Nicod\u00e8me Publi\u00e9 le 21 oct. 2025 \u00e0 8h04 Le d\u00e9put\u00e9 du Nord S\u00e9bastien Chenu a interpell\u00e9&hellip;\n","protected":false},"author":2,"featured_media":478901,"comment_status":"","ping_status":"","sticky":false,"template":"","format":"standard","meta":{"footnotes":""},"categories":[2815],"tags":[1111,11,1777,674,1011,27,811,1307,12,2556,25,104,517],"class_list":{"0":"post-478900","1":"post","2":"type-post","3":"status-publish","4":"format-standard","5":"has-post-thumbnail","7":"category-lille","8":"tag-actu","9":"tag-actualites","10":"tag-eu","11":"tag-europe","12":"tag-fr","13":"tag-france","14":"tag-hauts-de-france","15":"tag-lille","16":"tag-news","17":"tag-rassemblement-national-rn","18":"tag-republique-francaise","19":"tag-societe","20":"tag-sport"},"share_on_mastodon":{"url":"https:\/\/pubeurope.com\/@fr\/115410909587811371","error":""},"_links":{"self":[{"href":"https:\/\/www.europesays.com\/fr\/wp-json\/wp\/v2\/posts\/478900","targetHints":{"allow":["GET"]}}],"collection":[{"href":"https:\/\/www.europesays.com\/fr\/wp-json\/wp\/v2\/posts"}],"about":[{"href":"https:\/\/www.europesays.com\/fr\/wp-json\/wp\/v2\/types\/post"}],"author":[{"embeddable":true,"href":"https:\/\/www.europesays.com\/fr\/wp-json\/wp\/v2\/users\/2"}],"replies":[{"embeddable":true,"href":"https:\/\/www.europesays.com\/fr\/wp-json\/wp\/v2\/comments?post=478900"}],"version-history":[{"count":0,"href":"https:\/\/www.europesays.com\/fr\/wp-json\/wp\/v2\/posts\/478900\/revisions"}],"wp:featuredmedia":[{"embeddable":true,"href":"https:\/\/www.europesays.com\/fr\/wp-json\/wp\/v2\/media\/478901"}],"wp:attachment":[{"href":"https:\/\/www.europesays.com\/fr\/wp-json\/wp\/v2\/media?parent=478900"}],"wp:term":[{"taxonomy":"category","embeddable":true,"href":"https:\/\/www.europesays.com\/fr\/wp-json\/wp\/v2\/categories?post=478900"},{"taxonomy":"post_tag","embeddable":true,"href":"https:\/\/www.europesays.com\/fr\/wp-json\/wp\/v2\/tags?post=478900"}],"curies":[{"name":"wp","href":"https:\/\/api.w.org\/{rel}","templated":true}]}}