{"id":478913,"date":"2025-10-21T07:18:11","date_gmt":"2025-10-21T07:18:11","guid":{"rendered":"https:\/\/www.europesays.com\/fr\/478913\/"},"modified":"2025-10-21T07:18:11","modified_gmt":"2025-10-21T07:18:11","slug":"bouleversee-son-ex-femme-adresse-son-soutien-a-lhomme-quil-reste","status":"publish","type":"post","link":"https:\/\/www.europesays.com\/fr\/478913\/","title":{"rendered":"boulevers\u00e9e\u00a0\u00bb, son ex-femme adresse son soutien \u00e0 \u00ab\u00a0l&rsquo;homme qu&rsquo;il reste"},"content":{"rendered":"<p>            Par<br \/>\n        <strong><br \/>\n            <a href=\"https:\/\/actu.fr\/auteur\/julie-bossart-actu-fr\" title=\"Consulter tous les articles de Julie Bossart\" target=\"_blank\" rel=\"noopener\">Julie Bossart<\/a><br \/>\n        <\/strong><\/p>\n<p>        Publi\u00e9 le<\/p>\n<p>            21 oct. 2025 \u00e0 8h55        <\/p>\n<p>Alors que <a href=\"https:\/\/actu.fr\/tag\/nicolas-sarkozy\" target=\"_blank\" rel=\"noopener\">Nicolas Sarkozy <\/a>est incarc\u00e9r\u00e9 ce mardi 21 octobre 2025 \u00e0 la prison de la Sant\u00e9 \u00e0 Paris, un <a href=\"https:\/\/actu.fr\/ile-de-france\/paris_75056\/nicolas-sarkozy-en-prison-ses-fils-appellent-a-une-manifestation-de-soutien-avant-son-entree-a-la-sante_63319493.html\" target=\"_blank\" rel=\"noopener\">rassemblement de soutien<\/a> est organis\u00e9 par ses fils Villa Montmorency (16e), o\u00f9 l\u2019ex-chef de l\u2019\u00c9tat et son \u00e9pouse, Carla Bruni-Sarkozy, r\u00e9sident. Vivant aux \u00c9tats-Unis, <a href=\"https:\/\/actu.fr\/ile-de-france\/puteaux_92062\/hauts-de-seine-l-ex-femme-de-sarkozy-employee-fictivement-a-l-assemblee-nationale_38673182.html\" target=\"_blank\" rel=\"noopener\">Cecilia Attias<\/a> n\u2019en fera pas partie. Mais l\u2019ex-femme du pr\u00e9sident de la R\u00e9publique a tenu \u00e0 lui apporter son soutien.<\/p>\n<p>\u00ab\u00a0Au-del\u00e0 de nos vies personnelles\u2026\u00a0\u00bb<\/p>\n<p class=\" wall-content\">Depuis la <a href=\"https:\/\/actu.fr\/provence-alpes-cote-d-azur\/menton_06083\/nicolas-sarkozy-condamne-a-cinq-ans-de-prison-ferme-la-reaction-de-louis-sarkozy_63212666.html\" target=\"_blank\" rel=\"noopener\">condamnation de l\u2019ancien pr\u00e9sident de la R\u00e9publique<\/a> dans l\u2019affaire du financement libyen de sa campagne pr\u00e9sidentielle de 2007, celle qui a partag\u00e9 sa vie pendant vingt-cinq ans ne s\u2019\u00e9tait jamais exprim\u00e9e publiquement, se contentant de relayer des articles de presse concernant cette premi\u00e8re dans l\u2019histoire de la Ve R\u00e9publique. Lundi soir, l\u2019ancienne \u00e9ph\u00e9m\u00e8re premi\u00e8re dame a post\u00e9 sur X un message dans lequel elle se dit \u00ab\u2009boulevers\u00e9e et r\u00e9volt\u00e9e de voir Nicolas Sarkozy, qui a tant donn\u00e9 \u00e0 la France, trait\u00e9 ainsi\u2009\u00bb.<\/p>\n<p class=\" wall-content\">\n<p class=\" wall-content\">\u00ab\u2009Demain, un homme avec qui j\u2019ai partag\u00e9 ma vie pendant vingt-cinq ans et qui reste le p\u00e8re de mon fils [Louis Sarkozy] sera injustement priv\u00e9 de libert\u00e9 (..). Depuis les \u00c9tats-Unis o\u00f9 je vis, je ne peux \u00eatre pr\u00e9sente au rassemblement de Paris, mais mon c\u0153ur et mes pens\u00e9es seront avec lui, tous ses enfants, et Carla.\u2009\u00bb<\/p>\n<p class=\" wall-content\">Cecilia Attias, qui \u00e9tait rest\u00e9e cinq mois \u00e0 peine aux c\u00f4t\u00e9s de Nicolas Sarkozy apr\u00e8s son arriv\u00e9e \u00e0 l\u2019\u00c9lys\u00e9e (mai-octobre\u00a02007) avant de le quitter et de se marier avec l\u2019homme d\u2019affaires Richard Attias, glisse\u2009: \u00ab\u2009Au-del\u00e0 de nos vies personnelles, je veux exprimer mon soutien \u00e0 l\u2019homme d\u2019\u00c9tat qu\u2019il a \u00e9t\u00e9 et \u00e0 l\u2019homme qu\u2019il reste\u2009: courageux, droit et passionn\u00e9ment attach\u00e9 \u00e0 son pays.\u2009\u00bb<\/p>\n<p class=\" wall-content\">Celle qui fait aujourd\u2019hui partie du Cecilia Attias Foundation for Women conclut son message en affirmant que \u00ab\u2009l\u2019Histoire finira toujours par r\u00e9tablir la v\u00e9rit\u00e9\u2009\u00bb, tout comme Nicolas Sarkozy, qui, peu apr\u00e8s sa condamnation, a martel\u00e9 \u00eatre<a href=\"https:\/\/actu.fr\/politique\/je-vaincrai-nicolas-sarkozy-clame-son-innocence-et-denonce-un-complot-apres-sa-condamnation_63224726.html\" target=\"_blank\" rel=\"noopener\"> \u00ab\u2009innocent\u2009\u00bb et d\u00e9nonc\u00e9 \u00ab\u00a0un complot\u00a0\u00bb.<\/a><\/p>\n<p class=\" wall-content\">Personnalisez votre actualit\u00e9 en ajoutant vos villes et m\u00e9dias en favori avec <a href=\"https:\/\/moncompte.actu.fr\" title=\"D\u00e9couvez Mon Actu\" rel=\"nofollow noopener\" data-trk=\"{&quot;cta&quot;:{&quot;action&quot;:&quot;https:\\\/\\\/moncompte.actu.fr&quot;,&quot;category&quot;:&quot;mon compte&quot;,&quot;from&quot;:&quot;article footer&quot;,&quot;name&quot;:&quot;Mon actu&quot;,&quot;type&quot;:&quot;cta&quot;}}\" target=\"_blank\">Mon Actu<\/a>.<\/p>\n","protected":false},"excerpt":{"rendered":"Par Julie Bossart Publi\u00e9 le 21 oct. 2025 \u00e0 8h55 Alors que Nicolas Sarkozy est incarc\u00e9r\u00e9 ce mardi&hellip;\n","protected":false},"author":2,"featured_media":478914,"comment_status":"","ping_status":"","sticky":false,"template":"","format":"standard","meta":{"footnotes":""},"categories":[1888],"tags":[1111,1928,11,1927,1777,674,1011,27,303,12,1926,3091,626,1925,25,104],"class_list":{"0":"post-478913","1":"post","2":"type-post","3":"status-publish","4":"format-standard","5":"has-post-thumbnail","7":"category-paris","8":"tag-actu","9":"tag-actu-paris","10":"tag-actualites","11":"tag-actualites-paris","12":"tag-eu","13":"tag-europe","14":"tag-fr","15":"tag-france","16":"tag-justice","17":"tag-news","18":"tag-news-paris","19":"tag-nicolas-sarkozy","20":"tag-paris","21":"tag-paris-news","22":"tag-republique-francaise","23":"tag-societe"},"share_on_mastodon":{"url":"https:\/\/pubeurope.com\/@fr\/115410940963377965","error":""},"_links":{"self":[{"href":"https:\/\/www.europesays.com\/fr\/wp-json\/wp\/v2\/posts\/478913","targetHints":{"allow":["GET"]}}],"collection":[{"href":"https:\/\/www.europesays.com\/fr\/wp-json\/wp\/v2\/posts"}],"about":[{"href":"https:\/\/www.europesays.com\/fr\/wp-json\/wp\/v2\/types\/post"}],"author":[{"embeddable":true,"href":"https:\/\/www.europesays.com\/fr\/wp-json\/wp\/v2\/users\/2"}],"replies":[{"embeddable":true,"href":"https:\/\/www.europesays.com\/fr\/wp-json\/wp\/v2\/comments?post=478913"}],"version-history":[{"count":0,"href":"https:\/\/www.europesays.com\/fr\/wp-json\/wp\/v2\/posts\/478913\/revisions"}],"wp:featuredmedia":[{"embeddable":true,"href":"https:\/\/www.europesays.com\/fr\/wp-json\/wp\/v2\/media\/478914"}],"wp:attachment":[{"href":"https:\/\/www.europesays.com\/fr\/wp-json\/wp\/v2\/media?parent=478913"}],"wp:term":[{"taxonomy":"category","embeddable":true,"href":"https:\/\/www.europesays.com\/fr\/wp-json\/wp\/v2\/categories?post=478913"},{"taxonomy":"post_tag","embeddable":true,"href":"https:\/\/www.europesays.com\/fr\/wp-json\/wp\/v2\/tags?post=478913"}],"curies":[{"name":"wp","href":"https:\/\/api.w.org\/{rel}","templated":true}]}}