{"id":478919,"date":"2025-10-21T07:21:24","date_gmt":"2025-10-21T07:21:24","guid":{"rendered":"https:\/\/www.europesays.com\/fr\/478919\/"},"modified":"2025-10-21T07:21:24","modified_gmt":"2025-10-21T07:21:24","slug":"vol-dor-au-museum-dhistoire-naturelle-a-paris-une-ressortissante-chinoise-mise-en-examen-et-ecrouee","status":"publish","type":"post","link":"https:\/\/www.europesays.com\/fr\/478919\/","title":{"rendered":"Vol d\u2019or au Mus\u00e9um d\u2019histoire naturelle \u00e0 Paris\u00a0: une ressortissante chinoise mise en examen et \u00e9crou\u00e9e"},"content":{"rendered":"<p class=\"paragraph text_align_left lp-f-body-02\">Une ressortissante chinoise a \u00e9t\u00e9 mise en examen et plac\u00e9e en d\u00e9tention provisoire <a href=\"https:\/\/www.leparisien.fr\/faits-divers\/paris-plusieurs-pepites-dor-derobees-au-museum-dhistoire-naturelle-600-000-euros-de-prejudice-16-09-2025-XLP2EX7PHJDOVKVIKH4ZR5ZUSU.php\" target=\"_self\" rel=\"nofollow noopener\">dans le cadre du vol de p\u00e9pites d\u2019or<\/a> survenu dans la nuit du 16 au 17 septembre dernier au Mus\u00e9um d\u2019histoire naturelle de <a href=\"https:\/\/www.leparisien.fr\/paris-75\/\" target=\"_self\" rel=\"nofollow noopener\">Paris<\/a> (Ve arrondissement).<\/p>\n<p class=\"paragraph text_align_left lp-f-body-02\">Cette femme, mise en examen le 13 octobre, avait \u00e9t\u00e9 remise le jour m\u00eame par les autorit\u00e9s espagnoles, qui l\u2019avaient interpell\u00e9e \u00e0 Barcelone le 30 septembre en ex\u00e9cution d\u2019un mandat d\u2019arr\u00eat europ\u00e9en, a pr\u00e9cis\u00e9 la procureure de Paris dans un communiqu\u00e9.<\/p>\n<p>Un pr\u00e9judice immense<\/p>\n<p class=\"paragraph text_align_left lp-f-body-02\">Parmi les pi\u00e8ces vol\u00e9es figurent quatre p\u00e9pites d\u2019or, dont une de 5 kg de la taille d\u2019un ballon de football, d\u00e9couverte en Australie. Le pr\u00e9judice est estim\u00e9 \u00e0 600 000 euros, mais la valeur patrimoniale des sp\u00e9cimens est inestimable. Selon le directeur g\u00e9n\u00e9ral d\u00e9l\u00e9gu\u00e9 du Mus\u00e9um, joint au lendemain du vol, il est probable que les p\u00e9pites soient d\u00e9j\u00e0 fondues et revendues.<\/p>\n<p class=\"paragraph text_align_left lp-f-body-02\">Apr\u00e8s les faits, une enqu\u00eate pour \u00ab vol en bande organis\u00e9e \u00bb avait \u00e9t\u00e9 ouverte par le parquet de Paris. <\/p>\n<p class=\"paragraph text_align_left lp-f-body-02\"><b>&gt; Plus d\u2019informations \u00e0 suivre sur leparisien.fr<\/b><\/p>\n","protected":false},"excerpt":{"rendered":"Une ressortissante chinoise a \u00e9t\u00e9 mise en examen et plac\u00e9e en d\u00e9tention provisoire dans le cadre du vol&hellip;\n","protected":false},"author":2,"featured_media":478920,"comment_status":"","ping_status":"","sticky":false,"template":"","format":"standard","meta":{"footnotes":""},"categories":[1888],"tags":[11,1777,674,1011,27,1944,12,626,25],"class_list":{"0":"post-478919","1":"post","2":"type-post","3":"status-publish","4":"format-standard","5":"has-post-thumbnail","7":"category-paris","8":"tag-actualites","9":"tag-eu","10":"tag-europe","11":"tag-fr","12":"tag-france","13":"tag-ma-ville","14":"tag-news","15":"tag-paris","16":"tag-republique-francaise"},"share_on_mastodon":{"url":"https:\/\/pubeurope.com\/@fr\/115410952887272928","error":""},"_links":{"self":[{"href":"https:\/\/www.europesays.com\/fr\/wp-json\/wp\/v2\/posts\/478919","targetHints":{"allow":["GET"]}}],"collection":[{"href":"https:\/\/www.europesays.com\/fr\/wp-json\/wp\/v2\/posts"}],"about":[{"href":"https:\/\/www.europesays.com\/fr\/wp-json\/wp\/v2\/types\/post"}],"author":[{"embeddable":true,"href":"https:\/\/www.europesays.com\/fr\/wp-json\/wp\/v2\/users\/2"}],"replies":[{"embeddable":true,"href":"https:\/\/www.europesays.com\/fr\/wp-json\/wp\/v2\/comments?post=478919"}],"version-history":[{"count":0,"href":"https:\/\/www.europesays.com\/fr\/wp-json\/wp\/v2\/posts\/478919\/revisions"}],"wp:featuredmedia":[{"embeddable":true,"href":"https:\/\/www.europesays.com\/fr\/wp-json\/wp\/v2\/media\/478920"}],"wp:attachment":[{"href":"https:\/\/www.europesays.com\/fr\/wp-json\/wp\/v2\/media?parent=478919"}],"wp:term":[{"taxonomy":"category","embeddable":true,"href":"https:\/\/www.europesays.com\/fr\/wp-json\/wp\/v2\/categories?post=478919"},{"taxonomy":"post_tag","embeddable":true,"href":"https:\/\/www.europesays.com\/fr\/wp-json\/wp\/v2\/tags?post=478919"}],"curies":[{"name":"wp","href":"https:\/\/api.w.org\/{rel}","templated":true}]}}