{"id":478921,"date":"2025-10-21T07:22:25","date_gmt":"2025-10-21T07:22:25","guid":{"rendered":"https:\/\/www.europesays.com\/fr\/478921\/"},"modified":"2025-10-21T07:22:25","modified_gmt":"2025-10-21T07:22:25","slug":"phu-quoc-accueille-les-premiers-touristes-russes-de-la-saison-hivernale","status":"publish","type":"post","link":"https:\/\/www.europesays.com\/fr\/478921\/","title":{"rendered":"Phu Qu\u00f4c accueille les premiers touristes russes de la saison hivernale"},"content":{"rendered":"<p>&#13;<br \/>\n                        Phu Qu\u00f4c accueille les premiers touristes russes de la saison hivernale&#13;\n                    <\/p>\n<p style=\"text-align:\">Le 19 octobre apr\u00e8s-midi, \u00e0 l\u2019a\u00e9roport international de Phu Qu\u00f4c (zone sp\u00e9ciale de Phu Qu\u00f4c, province d\u2019An Giang), l\u2019avion Airbus 321-VJ 3522 de la compagnie a\u00e9rienne Vietjet Air a atterri, marquant la r\u00e9ouverture de la ligne a\u00e9rienne reliant la Russie \u00e0 l\u2019\u00eele de Phu Qu\u00f4c. Cet \u00e9v\u00e9nement s\u2019inscrit dans le cadre de la haute saison touristique d\u2019hiver 2025-2026 destin\u00e9e aux visiteurs russes.<\/p>\n<p><a href=\"https:\/\/lecourrier.vn\/da-nang-hoi-an-et-phu-quoc-au-top-10-des-destinations-de-vacances-en-asie\/1291364.html\" title=\"D\u00e0 Nang, H\u00f4i An et Phu Qu\u00f4c au Top 10 des destinations de vacances en Asie\" target=\"_blank\" rel=\"noopener\">&gt;&gt; D\u00e0 Nang, H\u00f4i An et Phu Qu\u00f4c au Top 10 des destinations de vacances en Asie<\/a><\/p>\n<p><a href=\"https:\/\/lecourrier.vn\/phu-quoc-face-a-une-nouvelle-ere-de-developpement\/1291662.html\" title=\"Phu Qu\u00f4c face \u00e0 une nouvelle \u00e8re de d\u00e9veloppement\" target=\"_blank\" rel=\"noopener\">&gt;&gt; Phu Qu\u00f4c face \u00e0 une nouvelle \u00e8re de d\u00e9veloppement<\/a><\/p>\n<p><a href=\"https:\/\/lecourrier.vn\/phu-quoc-sattend-a-un-afflux-de-touristes-vers-la-fin-de-lannee\/1292350.html\" title=\"Phu Qu\u00f4c s\u2019attend \u00e0 un afflux de touristes vers la fin de l\u2019ann\u00e9e\" target=\"_blank\" rel=\"noopener\">&gt;&gt; Phu Qu\u00f4c s\u2019attend \u00e0 un afflux de touristes vers la fin de l\u2019ann\u00e9e<\/a><\/p>\n<tr>\n<td class=\"pic\"><img decoding=\"async\" class=\"lazyload\" src=\"https:\/\/www.europesays.com\/fr\/wp-content\/uploads\/2025\/10\/090124-vna_potal_an_giang_dac_khu_phu_quoc_don_cac_chuyen_bay_quoc_te_8348457.jpg\" alt=\"\"\/><\/td>\n<\/tr>\n<tr>\n<td class=\"caption\">Touristes russes \u00e0 l\u2019a\u00e9roport international de Phu Qu\u00f4c.\u00a0<\/td>\n<\/tr>\n<tr align=\"right\">\n<td class=\"author\">Photo : VNA\/CVN<\/td>\n<\/tr>\n<p style=\"text-align:left\">Il s\u2019agit du premier vol direct en provenance de la ville de Vladivostok (Russie), transportant 220 touristes russes apr\u00e8s environ sept heures de vol. Ce sont les premiers visiteurs \u00e0 participer au programme de \u00ab\u00a0charter tour\u00a0\u00bb tout compris \u2014 comprenant billets d\u2019avion, h\u00e9bergement, visites et services locaux &#8211; op\u00e9r\u00e9 directement par la soci\u00e9t\u00e9 Anex Vietnam.<\/p>\n<p style=\"text-align:left\">Les autorit\u00e9s de la zone sp\u00e9ciale de Phu Qu\u00f4c ont organis\u00e9 une c\u00e9r\u00e9monie d\u2019accueil solennelle et chaleureuse pour les touristes russes, affirmant l\u2019image de l\u2019\u00eele de Phu Qu\u00f4c comme une destination s\u00fbre, accueillante et attractive aux yeux des visiteurs internationaux.<\/p>\n<p style=\"text-align:left\">\u00c0 la suite de ce vol, la zone sp\u00e9ciale de Phu Qu\u00f4c continuera d\u2019accueillir des vols charter au d\u00e9part de 14 villes russes et d\u2019autres pays de la Communaut\u00e9 des \u00c9tats ind\u00e9pendants (CEI), exploit\u00e9s par Azur Air et Vietjet Air, avec une fr\u00e9quence de 75 \u00e0 80 vols par mois, transportant plus de 10.000 touristes internationaux chaque mois.<\/p>\n<p style=\"text-align:left\">Auparavant, le 12 octobre au matin, le vol BRU 8197 de la compagnie a\u00e9rienne nationale bi\u00e9lorusse Belavia (Belarusian Airlines), transportant plus de 280 touristes, avait \u00e9galement atterri \u00e0 l\u2019a\u00e9roport international de Phu Qu\u00f4c.<\/p>\n<p style=\"text-align:left\">La r\u00e9ouverture des vols directs depuis la Russie ainsi que d\u2019autres pays vers Phu Qu\u00f4c constitue une \u00e9tape importante dans la strat\u00e9gie de d\u00e9veloppement du tourisme international de l\u2019\u00eele de Phu Qu\u00f4c.<\/p>\n<p style=\"text-align:left\">En particulier, cette r\u00e9ouverture rev\u00eat une signification particuli\u00e8re alors que Phu Qu\u00f4c accueillera le forum de Coop\u00e9ration \u00e9conomique Asie-Pacifique en 2027 (APEC 2027). Ces liaisons a\u00e9riennes internationales contribuent \u00e0 renforcer les \u00e9changes \u00e9conomiques, \u00e0 affirmer la position de la zone sp\u00e9ciale de Phu Qu\u00f4c comme une destination \u00ab\u00a0s\u00fbre et conviviale\u00a0\u00bb, ainsi qu\u2019\u00e0 promouvoir l\u2019image d\u2019une \u00ab\u00a0\u00eele de coop\u00e9ration et de d\u00e9veloppement durable\u00a0\u00bb repr\u00e9sentant un Vietnam accueillant, dynamique et ouvert sur le monde.<\/p>\n<p style=\"text-align:right\"><b>VNA\/CVN<\/b><\/p>\n","protected":false},"excerpt":{"rendered":"&#13; Phu Qu\u00f4c accueille les premiers touristes russes de la saison hivernale&#13; Le 19 octobre apr\u00e8s-midi, \u00e0 l\u2019a\u00e9roport&hellip;\n","protected":false},"author":2,"featured_media":478922,"comment_status":"","ping_status":"","sticky":false,"template":"","format":"standard","meta":{"footnotes":""},"categories":[1591],"tags":[11,1887,12,60232,2536,1885,1886,132,60233,602],"class_list":{"0":"post-478921","1":"post","2":"type-post","3":"status-publish","4":"format-standard","5":"has-post-thumbnail","7":"category-russie","8":"tag-actualites","9":"tag-federation-de-russie","10":"tag-news","11":"tag-phu-quoc","12":"tag-russes","13":"tag-russia","14":"tag-russian-federation","15":"tag-russie","16":"tag-saison-hivernale","17":"tag-tourisme"},"share_on_mastodon":{"url":"https:\/\/pubeurope.com\/@fr\/115410957795906276","error":""},"_links":{"self":[{"href":"https:\/\/www.europesays.com\/fr\/wp-json\/wp\/v2\/posts\/478921","targetHints":{"allow":["GET"]}}],"collection":[{"href":"https:\/\/www.europesays.com\/fr\/wp-json\/wp\/v2\/posts"}],"about":[{"href":"https:\/\/www.europesays.com\/fr\/wp-json\/wp\/v2\/types\/post"}],"author":[{"embeddable":true,"href":"https:\/\/www.europesays.com\/fr\/wp-json\/wp\/v2\/users\/2"}],"replies":[{"embeddable":true,"href":"https:\/\/www.europesays.com\/fr\/wp-json\/wp\/v2\/comments?post=478921"}],"version-history":[{"count":0,"href":"https:\/\/www.europesays.com\/fr\/wp-json\/wp\/v2\/posts\/478921\/revisions"}],"wp:featuredmedia":[{"embeddable":true,"href":"https:\/\/www.europesays.com\/fr\/wp-json\/wp\/v2\/media\/478922"}],"wp:attachment":[{"href":"https:\/\/www.europesays.com\/fr\/wp-json\/wp\/v2\/media?parent=478921"}],"wp:term":[{"taxonomy":"category","embeddable":true,"href":"https:\/\/www.europesays.com\/fr\/wp-json\/wp\/v2\/categories?post=478921"},{"taxonomy":"post_tag","embeddable":true,"href":"https:\/\/www.europesays.com\/fr\/wp-json\/wp\/v2\/tags?post=478921"}],"curies":[{"name":"wp","href":"https:\/\/api.w.org\/{rel}","templated":true}]}}