{"id":478927,"date":"2025-10-21T07:25:11","date_gmt":"2025-10-21T07:25:11","guid":{"rendered":"https:\/\/www.europesays.com\/fr\/478927\/"},"modified":"2025-10-21T07:25:11","modified_gmt":"2025-10-21T07:25:11","slug":"les-drones-survolant-les-bases-militaires-britanniques-pourront-etre-abattus-2","status":"publish","type":"post","link":"https:\/\/www.europesays.com\/fr\/478927\/","title":{"rendered":"les drones survolant les bases militaires britanniques pourront \u00eatre abattus"},"content":{"rendered":"<p>\n    \u00abNous ferons toujours tout ce qui est n\u00e9cessaire pour prot\u00e9ger la population britannique\u00bb, a indiqu\u00e9 ce lundi le ministre de la D\u00e9fense dans un contexte de violation de l\u2019espace a\u00e9rien imput\u00e9e \u00e0 des drones russes.<\/p>\n<p class=\"fig-paragraph\">Dans un contexte de multiplication de\u00a0<a href=\"http:\/\/www.lefigaro.fr\/international\/face-a-des-menaces-tous-azimuts-l-europe-veut-son-mur-antidrones-en-2027-20251016\" target=\"_blank\" data-fig-type=\"Article\" rel=\"noopener\" data-gtm-custom-categorie=\"navigation\" data-gtm-custom-action=\"crossclick\" data-gtm-custom-label=\"Contextuel\" data-gtm-event=\"customEventSPE\" data-fig-domain=\"LEFIGARO\">survols suspects<\/a>\u00a0ces derni\u00e8res semaines en Europe, le\u00a0<a href=\"http:\/\/www.lefigaro.fr\/international\/des-drones-lances-depuis-un-simple-fourgon-l-armee-britannique-s-inspire-de-l-operation-toile-d-araignee-ukrainienne-20250701\" target=\"_blank\" data-fig-type=\"Article\" rel=\"noopener\" data-gtm-custom-categorie=\"navigation\" data-gtm-custom-action=\"crossclick\" data-gtm-custom-label=\"Contextuel\" data-gtm-event=\"customEventSPE\" data-fig-domain=\"LEFIGARO\">gouvernement britannique<\/a>\u00a0va permettre aux forces arm\u00e9es d&rsquo;abattre des\u00a0<a href=\"http:\/\/www.lefigaro.fr\/international\/russie-des-drones-ukrainiens-provoquent-un-incendie-dans-une-importante-usine-de-traitement-de-gaz-20251020\" target=\"_blank\" data-fig-type=\"NewsFlash\" rel=\"noopener\" data-gtm-custom-categorie=\"navigation\" data-gtm-custom-action=\"crossclick\" data-gtm-custom-label=\"Contextuel\" data-gtm-event=\"customEventSPE\" data-fig-domain=\"LEFIGARO\">drones<\/a>\u00a0survolant des bases militaires, a annonc\u00e9 lundi le ministre de la D\u00e9fense, John Healey. De nouvelles dispositions l\u00e9gales vont permettre \u00abd&rsquo;abattre des drones non identifi\u00e9s au-dessus de sites militaires britanniques\u00bb, a-t-il d\u00e9clar\u00e9, ajoutant: \u00abNous ferons toujours tout ce qui est n\u00e9cessaire pour prot\u00e9ger la population britannique\u00bb.<\/p>\n<p class=\"fig-paragraph\">Cette annonce intervient apr\u00e8s des survols de drones notamment en Pologne, au Danemark et en Allemagne, o\u00f9 l&rsquo;a\u00e9roport de Munich a \u00e9t\u00e9 paralys\u00e9 pendant 48 heures. Ces violations de l&rsquo;espace a\u00e9rien europ\u00e9en ont \u00e9t\u00e9 imput\u00e9es \u00e0 des drones russes. Moscou, engag\u00e9 dans la guerre en Ukraine, est accus\u00e9 par les alli\u00e9s europ\u00e9ens de Kiev de chercher l&rsquo;escalade et de tester les d\u00e9fenses anti-a\u00e9riennes de l&rsquo;Otan en Europe.<\/p>\n<p>                                    <a class=\"fig-a11y-skip a11y-hidden\" href=\"#fig-a11y-skip-main-inarticle\"><br \/>\n        Passer la publicit\u00e9<br \/>\n    <\/a><\/p>\n<p>Un projet de mur antidrones<\/p>\n<p class=\"fig-paragraph\">\u00abL&rsquo;agression russe s&rsquo;est intensifi\u00e9e. Elle s&rsquo;est \u00e9tendue encore plus loin vers l&rsquo;Ouest\u00bb, a d\u00e9clar\u00e9 John Healey lors d&rsquo;un discours \u00e0 Mansion House, dans le centre de Londres. \u00abIl y a, ind\u00e9niablement, une nouvelle \u00e8re de menaces\u00bb, a-t-il ajout\u00e9, jugeant que \u00abdepuis la fin de la Seconde Guerre mondiale, la s\u00e9curit\u00e9 de l&rsquo;Europe n&rsquo;a jamais \u00e9t\u00e9 autant expos\u00e9e au risque d&rsquo;un conflit inter\u00e9tatique\u00bb. Jusqu&rsquo;alors, en Grande-Bretagne, le protocole autorisait les soldats \u00e0 d\u00e9router les drones ou \u00e0 brouiller leur signal GPS, mais pas \u00e0 les abattre, sauf dans des circonstances extr\u00eames.<\/p>\n<p class=\"fig-paragraph\">En 2024, plusieurs bases a\u00e9riennes britanniques utilis\u00e9es par les forces am\u00e9ricaines ont signal\u00e9 la pr\u00e9sence de drones d&rsquo;origine inconnue. Une enqu\u00eate militaire conjointe entre forces am\u00e9ricaines et britanniques a \u00e9t\u00e9 ouverte mais aucune information n&rsquo;a \u00e9merg\u00e9 sur la provenance des appareils. Ces bases sont strat\u00e9giquement importantes pour l&rsquo;arm\u00e9e am\u00e9ricaine, qui a notamment d\u00e9ploy\u00e9 des avions de chasse F-22A sur celle de Lakenheath (est), apr\u00e8s les bombardements am\u00e9ricains en juin sur des sites nucl\u00e9aires iraniens.<\/p>\n<p class=\"fig-paragraph\">Face \u00e0 la menace croissante des drones, la Commission europ\u00e9enne a annonc\u00e9 en octobre un projet de mur antidrones. D\u00e9but octobre, le gouvernement allemand avait lui annonc\u00e9 qu&rsquo;il allait permettre \u00e0 la police d&rsquo;abattre des drones.<\/p>\n","protected":false},"excerpt":{"rendered":"\u00abNous ferons toujours tout ce qui est n\u00e9cessaire pour prot\u00e9ger la population britannique\u00bb, a indiqu\u00e9 ce lundi le&hellip;\n","protected":false},"author":2,"featured_media":478928,"comment_status":"","ping_status":"","sticky":false,"template":"","format":"standard","meta":{"footnotes":""},"categories":[1588],"tags":[11,2024,1777,674,12,473,1853,1851,1850,1852],"class_list":{"0":"post-478927","1":"post","2":"type-post","3":"status-publish","4":"format-standard","5":"has-post-thumbnail","7":"category-royaume-uni","8":"tag-actualites","9":"tag-drones","10":"tag-eu","11":"tag-europe","12":"tag-news","13":"tag-royaume-uni","14":"tag-royaume-uni-de-grande-bretagne-et-dirlande-du-nord","15":"tag-uk","16":"tag-united-kingdom","17":"tag-united-kingdom-of-great-britain-and-northern-ireland"},"share_on_mastodon":{"url":"https:\/\/pubeurope.com\/@fr\/115410968573998661","error":""},"_links":{"self":[{"href":"https:\/\/www.europesays.com\/fr\/wp-json\/wp\/v2\/posts\/478927","targetHints":{"allow":["GET"]}}],"collection":[{"href":"https:\/\/www.europesays.com\/fr\/wp-json\/wp\/v2\/posts"}],"about":[{"href":"https:\/\/www.europesays.com\/fr\/wp-json\/wp\/v2\/types\/post"}],"author":[{"embeddable":true,"href":"https:\/\/www.europesays.com\/fr\/wp-json\/wp\/v2\/users\/2"}],"replies":[{"embeddable":true,"href":"https:\/\/www.europesays.com\/fr\/wp-json\/wp\/v2\/comments?post=478927"}],"version-history":[{"count":0,"href":"https:\/\/www.europesays.com\/fr\/wp-json\/wp\/v2\/posts\/478927\/revisions"}],"wp:featuredmedia":[{"embeddable":true,"href":"https:\/\/www.europesays.com\/fr\/wp-json\/wp\/v2\/media\/478928"}],"wp:attachment":[{"href":"https:\/\/www.europesays.com\/fr\/wp-json\/wp\/v2\/media?parent=478927"}],"wp:term":[{"taxonomy":"category","embeddable":true,"href":"https:\/\/www.europesays.com\/fr\/wp-json\/wp\/v2\/categories?post=478927"},{"taxonomy":"post_tag","embeddable":true,"href":"https:\/\/www.europesays.com\/fr\/wp-json\/wp\/v2\/tags?post=478927"}],"curies":[{"name":"wp","href":"https:\/\/api.w.org\/{rel}","templated":true}]}}