{"id":478943,"date":"2025-10-21T07:33:10","date_gmt":"2025-10-21T07:33:10","guid":{"rendered":"https:\/\/www.europesays.com\/fr\/478943\/"},"modified":"2025-10-21T07:33:10","modified_gmt":"2025-10-21T07:33:10","slug":"lalterna-stade-poitevin-veut-etre-branche-sur-courant-continu","status":"publish","type":"post","link":"https:\/\/www.europesays.com\/fr\/478943\/","title":{"rendered":"l\u2019Alterna Stade Poitevin veut \u00eatre branch\u00e9 sur courant continu"},"content":{"rendered":"<p>Il est de coutume de dire que la foudre ne tombe jamais deux fois au m\u00eame endroit. C\u2019est peut-\u00eatre pour conjurer cela que les volleyeurs de l\u2019Alterna Stade Poitevin arboreront des \u00e9clairs sur leurs nouveaux maillots cette saison. Car apr\u00e8s un dernier exercice \u00e9lectrisant, entre le d\u00e9but de la nouvelle \u00e8re C\u00e9dric Enard\u00a0&#8211; Dan Lewis, l\u2019arriv\u00e9e surprise du double champion olympique Earvin Ngapeth, celle explosive de Nik Mujanovic pour les play-offs, un quart de finale renversant face \u00e0 Tourcoing et une finale atteinte pour la premi\u00e8re fois depuis onze ans, il serait dommage qu\u2019il n\u2019y ait pas de nouveaux coups de tonnerre \u00e0 Lawson-Body et \u00e0 l\u2019Arena Futuroscope o\u00f9 le club poitevin d\u00e9localisera quatre rencontres dans les prochaines semaines, \u00e0 commencer par celle de jeudi face \u00e0 Montpellier. Histoire que le public reste survolt\u00e9, comme il le fut lors des derni\u00e8res phases finales.<\/p>\n","protected":false},"excerpt":{"rendered":"Il est de coutume de dire que la foudre ne tombe jamais deux fois au m\u00eame endroit. C\u2019est&hellip;\n","protected":false},"author":2,"featured_media":478944,"comment_status":"","ping_status":"","sticky":false,"template":"","format":"standard","meta":{"footnotes":""},"categories":[1417],"tags":[1392,1654,1011,27,1655,1653,60,1584,1470,1469],"class_list":{"0":"post-478943","1":"post","2":"type-post","3":"status-publish","4":"format-standard","5":"has-post-thumbnail","7":"category-volley","8":"tag-a-la-une-local","9":"tag-alterna-stade-poitevin-volley-ball","10":"tag-fr","11":"tag-france","12":"tag-ligue-a","13":"tag-poitiers","14":"tag-sports","15":"tag-vienne","16":"tag-volley","17":"tag-volleyball"},"share_on_mastodon":{"url":"https:\/\/pubeurope.com\/@fr\/115411000079839868","error":""},"_links":{"self":[{"href":"https:\/\/www.europesays.com\/fr\/wp-json\/wp\/v2\/posts\/478943","targetHints":{"allow":["GET"]}}],"collection":[{"href":"https:\/\/www.europesays.com\/fr\/wp-json\/wp\/v2\/posts"}],"about":[{"href":"https:\/\/www.europesays.com\/fr\/wp-json\/wp\/v2\/types\/post"}],"author":[{"embeddable":true,"href":"https:\/\/www.europesays.com\/fr\/wp-json\/wp\/v2\/users\/2"}],"replies":[{"embeddable":true,"href":"https:\/\/www.europesays.com\/fr\/wp-json\/wp\/v2\/comments?post=478943"}],"version-history":[{"count":0,"href":"https:\/\/www.europesays.com\/fr\/wp-json\/wp\/v2\/posts\/478943\/revisions"}],"wp:featuredmedia":[{"embeddable":true,"href":"https:\/\/www.europesays.com\/fr\/wp-json\/wp\/v2\/media\/478944"}],"wp:attachment":[{"href":"https:\/\/www.europesays.com\/fr\/wp-json\/wp\/v2\/media?parent=478943"}],"wp:term":[{"taxonomy":"category","embeddable":true,"href":"https:\/\/www.europesays.com\/fr\/wp-json\/wp\/v2\/categories?post=478943"},{"taxonomy":"post_tag","embeddable":true,"href":"https:\/\/www.europesays.com\/fr\/wp-json\/wp\/v2\/tags?post=478943"}],"curies":[{"name":"wp","href":"https:\/\/api.w.org\/{rel}","templated":true}]}}