{"id":478952,"date":"2025-10-21T07:39:10","date_gmt":"2025-10-21T07:39:10","guid":{"rendered":"https:\/\/www.europesays.com\/fr\/478952\/"},"modified":"2025-10-21T07:39:10","modified_gmt":"2025-10-21T07:39:10","slug":"anthony-baudis-raccroche-actualite","status":"publish","type":"post","link":"https:\/\/www.europesays.com\/fr\/478952\/","title":{"rendered":"Anthony Baudis raccroche &#8211; Actualit\u00e9"},"content":{"rendered":"<p style=\"text-align: justify;\"><strong><a href=\"https:\/\/www.directvelo.com\/coureur\/25109\/anthony-baudis\" target=\"_blank\" rel=\"noopener\">Anthony Baudis<\/a><\/strong>\u00a0ne sera plus dans les pelotons amateurs en 2025. Apr\u00e8s avoir couru au Clic VTT, au Chamb\u00e9ry CC et au Grenoble MC 38, l\u2019Is\u00e9rois a pass\u00e9 les cinq derni\u00e8res saisons \u00e0 Charvieu-Chavagneux IC.<\/p>\n<p>Le coureur de 25 ans a remport\u00e9 cette ann\u00e9e la Nocturne de Bruch. Il s\u2019est class\u00e9 2e du Grand Prix de la Ville de Monpazier, du Prix de Chavannes-sur-Reyssouze et du Grand Prix de Chamoux-sur-Gelon, 4e du Grand Prix de Belley, 5e du Circuit des Champions \u00e0 Aubi\u00e8re, 6e du Prix de Montrevel-en-Bresse, 12e du Prix de Saint-Projet \u00e0 la Rochefoucauld-en-Angoumois ou encore 15e du Grand Prix de la Sologne des Etangs, manche de la Coupe de France N1.<\/p>\n","protected":false},"excerpt":{"rendered":"Anthony Baudis\u00a0ne sera plus dans les pelotons amateurs en 2025. Apr\u00e8s avoir couru au Clic VTT, au Chamb\u00e9ry&hellip;\n","protected":false},"author":2,"featured_media":478953,"comment_status":"","ping_status":"","sticky":false,"template":"","format":"standard","meta":{"footnotes":""},"categories":[1411],"tags":[834,828,836,829,837,827,83,826,824,823,1154,207,814,817,815,816,822,821,832,211,839,1011,27,820,818,819,835,831,830,833,838,60,212,208,825],"class_list":{"0":"post-478952","1":"post","2":"type-post","3":"status-publish","4":"format-standard","5":"has-post-thumbnail","7":"category-cyclisme","8":"tag-attaque","9":"tag-belgique","10":"tag-braquet","11":"tag-bretagne","12":"tag-chute","13":"tag-competition","14":"tag-coupe-de-france","15":"tag-coureur","16":"tag-course-cyclisme","17":"tag-course-cycliste","18":"tag-cycling","19":"tag-cyclisme","20":"tag-direct","21":"tag-direct-velo","22":"tag-directvelo","23":"tag-directvelo-com","24":"tag-epreuve","25":"tag-epreuve-cycliste","26":"tag-federation-francaise-de-cyclisme","27":"tag-ffc","28":"tag-flandres","29":"tag-fr","30":"tag-france","31":"tag-live","32":"tag-live-course","33":"tag-live-epreuve","34":"tag-peloton","35":"tag-radio-peloton","36":"tag-radio-tour","37":"tag-ravitaillement","38":"tag-relance","39":"tag-sports","40":"tag-uci","41":"tag-velo","42":"tag-velos"},"share_on_mastodon":{"url":"https:\/\/pubeurope.com\/@fr\/115411023540430339","error":""},"_links":{"self":[{"href":"https:\/\/www.europesays.com\/fr\/wp-json\/wp\/v2\/posts\/478952","targetHints":{"allow":["GET"]}}],"collection":[{"href":"https:\/\/www.europesays.com\/fr\/wp-json\/wp\/v2\/posts"}],"about":[{"href":"https:\/\/www.europesays.com\/fr\/wp-json\/wp\/v2\/types\/post"}],"author":[{"embeddable":true,"href":"https:\/\/www.europesays.com\/fr\/wp-json\/wp\/v2\/users\/2"}],"replies":[{"embeddable":true,"href":"https:\/\/www.europesays.com\/fr\/wp-json\/wp\/v2\/comments?post=478952"}],"version-history":[{"count":0,"href":"https:\/\/www.europesays.com\/fr\/wp-json\/wp\/v2\/posts\/478952\/revisions"}],"wp:featuredmedia":[{"embeddable":true,"href":"https:\/\/www.europesays.com\/fr\/wp-json\/wp\/v2\/media\/478953"}],"wp:attachment":[{"href":"https:\/\/www.europesays.com\/fr\/wp-json\/wp\/v2\/media?parent=478952"}],"wp:term":[{"taxonomy":"category","embeddable":true,"href":"https:\/\/www.europesays.com\/fr\/wp-json\/wp\/v2\/categories?post=478952"},{"taxonomy":"post_tag","embeddable":true,"href":"https:\/\/www.europesays.com\/fr\/wp-json\/wp\/v2\/tags?post=478952"}],"curies":[{"name":"wp","href":"https:\/\/api.w.org\/{rel}","templated":true}]}}