{"id":478958,"date":"2025-10-21T07:42:10","date_gmt":"2025-10-21T07:42:10","guid":{"rendered":"https:\/\/www.europesays.com\/fr\/478958\/"},"modified":"2025-10-21T07:42:10","modified_gmt":"2025-10-21T07:42:10","slug":"les-fabuleuses-histoires-de-vols-dans-la-region","status":"publish","type":"post","link":"https:\/\/www.europesays.com\/fr\/478958\/","title":{"rendered":"les fabuleuses histoires de vols dans la r\u00e9gion"},"content":{"rendered":"<p>En\u00a01976, Le Proven\u00e7al \u00e9voquait \u00ab\u00a0le vol le plus fabuleux de toute l\u2019histoire des \u0153uvres d\u2019art\u00a0\u00bb. Il faut dire que le 31\u00a0janvier de cette ann\u00e9e-l\u00e0, \u00e0 20\u00a0h\u00a045, pas moins de 118 Picasso avaient \u00e9t\u00e9 vol\u00e9s au <a href=\"https:\/\/www.laprovence.com\/article\/sortie-loisirs\/1118310094257114\/lexposition-othoniel-a-booste-la-frequentation-du-palais-des-papes-a-avignon-en-juillet-et-en-aout\" target=\"_blank\" rel=\"noopener\">Palais des Papes<\/a> \u00e0 Avignon. \u00c0 la fin de son service, et apr\u00e8s avoir inspect\u00e9 la chapelle o\u00f9 se tenait l\u2019exposition, le gardien avait \u00e9t\u00e9 violemment attaqu\u00e9 par des individus arm\u00e9s et cagoul\u00e9s. Deux autres de ses coll\u00e8gues connurent le m\u00eame sort. C\u2019est ainsi que celui qu\u2019on appellera tr\u00e8s vite dans la presse \u00ab\u00a0le gang des Picasso\u00a0\u00bb d\u00e9robait un butin estim\u00e9 \u00e0 30 millions de francs.<\/p>\n<p>118 toiles\u2026 dont aucune n\u2019\u00e9tait v\u00e9ritablement sign\u00e9e du ma\u00eetre. Un vol sans discernement puisque des Picasso d\u2019une plus grande valeur \u00e9taient rest\u00e9s sur place. Quoi qu\u2019il en soit, c\u2019est huit mois et une semaine plus tard que la police mettait la main sur les \u0153uvres d\u2019art en arr\u00eatant les coupables sur la Canebi\u00e8re, au niveau de l\u2019\u00e9glise des R\u00e9form\u00e9s, \u00e0 Marseille. Un coup de filet orchestr\u00e9 depuis plusieurs semaines par les policiers qui s\u2019\u00e9taient fait passer pour des acheteurs. Ils n\u2019avaient plus qu\u2019\u00e0 cueillir les sept truands, essentiellement des M\u00e9ridionaux et un Belge, demeurant \u00e0 Anvers, alors plaque tournan&#8230;<\/p>\n","protected":false},"excerpt":{"rendered":"En\u00a01976, Le Proven\u00e7al \u00e9voquait \u00ab\u00a0le vol le plus fabuleux de toute l\u2019histoire des \u0153uvres d\u2019art\u00a0\u00bb. Il faut dire&hellip;\n","protected":false},"author":2,"featured_media":478959,"comment_status":"","ping_status":"","sticky":false,"template":"","format":"standard","meta":{"footnotes":""},"categories":[1358],"tags":[60234,17,1348,1384,1385,1174,251,60235,1386,58,59,60236,1011,27,151,11274,33952],"class_list":{"0":"post-478958","1":"post","2":"type-post","3":"status-publish","4":"format-standard","5":"has-post-thumbnail","7":"category-arts-et-design","8":"tag-60234","9":"tag-17","10":"tag-arts","11":"tag-arts-and-design","12":"tag-arts-et-design","13":"tag-cambriolage","14":"tag-culture","15":"tag-degas","16":"tag-design","17":"tag-divertissement","18":"tag-entertainment","19":"tag-fabuleuses","20":"tag-fr","21":"tag-france","22":"tag-les","23":"tag-louvre","24":"tag-picasso"},"share_on_mastodon":{"url":"https:\/\/pubeurope.com\/@fr\/115411035526766792","error":""},"_links":{"self":[{"href":"https:\/\/www.europesays.com\/fr\/wp-json\/wp\/v2\/posts\/478958","targetHints":{"allow":["GET"]}}],"collection":[{"href":"https:\/\/www.europesays.com\/fr\/wp-json\/wp\/v2\/posts"}],"about":[{"href":"https:\/\/www.europesays.com\/fr\/wp-json\/wp\/v2\/types\/post"}],"author":[{"embeddable":true,"href":"https:\/\/www.europesays.com\/fr\/wp-json\/wp\/v2\/users\/2"}],"replies":[{"embeddable":true,"href":"https:\/\/www.europesays.com\/fr\/wp-json\/wp\/v2\/comments?post=478958"}],"version-history":[{"count":0,"href":"https:\/\/www.europesays.com\/fr\/wp-json\/wp\/v2\/posts\/478958\/revisions"}],"wp:featuredmedia":[{"embeddable":true,"href":"https:\/\/www.europesays.com\/fr\/wp-json\/wp\/v2\/media\/478959"}],"wp:attachment":[{"href":"https:\/\/www.europesays.com\/fr\/wp-json\/wp\/v2\/media?parent=478958"}],"wp:term":[{"taxonomy":"category","embeddable":true,"href":"https:\/\/www.europesays.com\/fr\/wp-json\/wp\/v2\/categories?post=478958"},{"taxonomy":"post_tag","embeddable":true,"href":"https:\/\/www.europesays.com\/fr\/wp-json\/wp\/v2\/tags?post=478958"}],"curies":[{"name":"wp","href":"https:\/\/api.w.org\/{rel}","templated":true}]}}