{"id":478960,"date":"2025-10-21T07:43:22","date_gmt":"2025-10-21T07:43:22","guid":{"rendered":"https:\/\/www.europesays.com\/fr\/478960\/"},"modified":"2025-10-21T07:43:22","modified_gmt":"2025-10-21T07:43:22","slug":"embarquez-pour-la-derniere-grande-chasse-aux-merveilles-oubliees","status":"publish","type":"post","link":"https:\/\/www.europesays.com\/fr\/478960\/","title":{"rendered":"Embarquez pour la derni\u00e8re grande chasse aux merveilles oubli\u00e9es !"},"content":{"rendered":"<p><strong>\u00c0 la recherche des tr\u00e9sors perdus<\/strong><\/p>\n<p>Il est des livres qui donnent envie de reprendre la route, de d\u00e9plier de vieilles cartes et de se laisser guider par le frisson de l\u2019inconnu. Atlas des tr\u00e9sors disparus, publi\u00e9 chez <a href=\"https:\/\/www.laperouse-editions.com\/product-page\/atlas-des-tr%C3%A9sors-disparus\" target=\"_blank\" rel=\"noopener\">Lap\u00e9rouse \u00c9ditions<\/a>, appartient \u00e0 cette cat\u00e9gorie rare.<\/p>\n<p><a href=\"https:\/\/www.europesays.com\/fr\/wp-content\/uploads\/2025\/10\/Atlas-Tresors-Disparus-1.jpg\"><img fetchpriority=\"high\" decoding=\"async\" class=\"alignnone size-full wp-image-33690\" src=\"https:\/\/www.europesays.com\/fr\/wp-content\/uploads\/2025\/10\/Atlas-Tresors-Disparus-1.jpg\" alt=\"\" width=\"385\" height=\"517\"  \/><\/a><\/p>\n<p>L\u2019ouvrage convie les lecteurs \u00e0 un voyage aux confins de l\u2019histoire, entre l\u00e9gendes enfouies, civilisations perdues et merveilles englouties. C\u2019est un hymne \u00e0 l\u2019aventure au sens noble du terme : celle des explorateurs de l\u2019esprit autant que de la mati\u00e8re.\u200b<\/p>\n<p><strong>L\u2019esprit de la collection \u201cAtlas\u201d<\/strong><\/p>\n<p>Chez Lap\u00e9rouse \u00c9ditions, l\u2019appel du large n\u2019est pas une simple posture \u00e9ditoriale. La collection \u201cAtlas\u201d s\u2019impose comme une s\u00e9rie d\u2019ouvrages qui c\u00e9l\u00e8brent la curiosit\u00e9, la m\u00e9moire du monde et l\u2019art de raconter la connaissance \u00e0 travers des r\u00e9cits vivants et magnifiquement illustr\u00e9s. Chaque titre est une invitation \u00e0 red\u00e9couvrir le monde \u00e0 travers son patrimoine, ses myst\u00e8res et ses blessures.\u200b<\/p>\n<p><a href=\"https:\/\/www.unmondedaventures.fr\/wp-content\/uploads\/2025\/10\/Collection-Atlas.jpg\" target=\"_blank\" rel=\"noopener\"><img loading=\"lazy\" decoding=\"async\" class=\"alignnone size-large wp-image-33687\" src=\"https:\/\/www.europesays.com\/fr\/wp-content\/uploads\/2025\/10\/Collection-Atlas-1024x214.jpg\" alt=\"\" width=\"696\" height=\"145\"  \/><\/a><\/p>\n<p><strong>A propos de l\u2019autrice, Oph\u00e9lie Chavaroche, exploratrice du visible et de l\u2019invisible<\/strong><\/p>\n<p>Docteure en litt\u00e9rature, sp\u00e9cialiste d\u2019histoire de l\u2019art et de philosophie, Oph\u00e9lie Chavaroche enseigne \u00e0 Sciences Po et signe ici un livre d\u2019une rare \u00e9rudition, travers\u00e9 par une profonde sensibilit\u00e9.<\/p>\n<p><a href=\"https:\/\/www.unmondedaventures.fr\/wp-content\/uploads\/2025\/10\/Ophelie-Chavaroche.jpg\" target=\"_blank\" rel=\"noopener\"><img loading=\"lazy\" decoding=\"async\" class=\"alignnone wp-image-33688 size-medium\" src=\"https:\/\/www.europesays.com\/fr\/wp-content\/uploads\/2025\/10\/Ophelie-Chavaroche-270x300.jpg\" alt=\"\" width=\"270\" height=\"300\"  \/><\/a><\/p>\n<p>Ses \u00e9crits, comme ses conf\u00e9rences en entreprise ou en milieu acad\u00e9mique, ouvrent des chemins entre le r\u00e9el et l\u2019imaginaire. Dans Atlas des tr\u00e9sors disparus, elle endosse le r\u00f4le d\u2019une passeuse : celle qui relie le savoir, le r\u00eave et la conscience du temps.\u200b<\/p>\n<p><strong>Un voyage en six chapitres<\/strong><\/p>\n<p><a href=\"https:\/\/www.unmondedaventures.fr\/wp-content\/uploads\/2025\/10\/Atlas-Tresors-Disparus-2.jpg\" target=\"_blank\" rel=\"noopener\"><img loading=\"lazy\" decoding=\"async\" class=\"alignnone size-large wp-image-33689\" src=\"https:\/\/www.europesays.com\/fr\/wp-content\/uploads\/2025\/10\/Atlas-Tresors-Disparus-2-1024x621.jpg\" alt=\"\" width=\"696\" height=\"422\"  \/><\/a><\/p>\n<p>L\u2019ouvrage se d\u00e9ploie en six grands chapitres, comme six escales d\u2019une exp\u00e9dition autour du globe :<\/p>\n<ul>\n<li><strong>Tr\u00e9sors de l\u00e9gendes<\/strong> : qu\u00eates mythiques et tr\u00e9sors aux origines incertaines, de Moctezuma au Saint Graal.<\/li>\n<li><strong>Cendres et poussi\u00e8re<\/strong> : les destructions volontaires ou accidentelles de merveilles culturelles, de Palmyre aux biblioth\u00e8ques disparues.<\/li>\n<li><strong>Tr\u00e9sors engloutis<\/strong> : cit\u00e9s noy\u00e9es, navires perdus et mirages sous-marins, o\u00f9 l\u2019imaginaire rejoint la science.<\/li>\n<li><strong>Chefs-d\u2019\u0153uvre port\u00e9s disparus<\/strong> : tableaux et sculptures vol\u00e9s ou effac\u00e9s de la m\u00e9moire collective.<\/li>\n<li><strong>Tr\u00e9sors naturels sacrifi\u00e9s<\/strong> : quand l\u2019homme, en conqu\u00e9rant, pi\u00e9tine ce qui le d\u00e9passe.<\/li>\n<li><strong>Tr\u00e9sors retrouv\u00e9s<\/strong> : miracles arch\u00e9ologiques et r\u00e9surgences inesp\u00e9r\u00e9es, rappelant que tout n\u2019est pas perdu.\u200b<\/li>\n<\/ul>\n<p><strong>Quelques r\u00e9cits marquants<\/strong><\/p>\n<p>Le lecteur croise au fil des pages des histoires saisissantes. <strong>Le tr\u00e9sor perdu de Moctezuma<\/strong>, abandonn\u00e9 dans la nuit sanglante de la Noche Triste, ranime le souffle tragique de la conqu\u00eate espagnole.<\/p>\n<p><a href=\"https:\/\/www.unmondedaventures.fr\/wp-content\/uploads\/2025\/10\/Atlas-Tresors-Disparus-5.jpg\" target=\"_blank\" rel=\"noopener\"><img loading=\"lazy\" decoding=\"async\" class=\"alignnone size-large wp-image-33684\" src=\"https:\/\/www.europesays.com\/fr\/wp-content\/uploads\/2025\/10\/Atlas-Tresors-Disparus-5-1024x664.jpg\" alt=\"\" width=\"696\" height=\"451\"  \/><\/a><\/p>\n<p><strong>L\u2019arm\u00e9e de terre cuite du premier empereur de Chine<\/strong>, retrouv\u00e9e par hasard en 1974, t\u00e9moigne du g\u00e9nie et de la d\u00e9mesure humaine.<\/p>\n<p><a href=\"https:\/\/www.unmondedaventures.fr\/wp-content\/uploads\/2025\/10\/Atlas-Tresors-Disparus-3.jpg\" target=\"_blank\" rel=\"noopener\"><img loading=\"lazy\" decoding=\"async\" class=\"alignnone size-large wp-image-33686\" src=\"https:\/\/www.europesays.com\/fr\/wp-content\/uploads\/2025\/10\/Atlas-Tresors-Disparus-3-1024x663.jpg\" alt=\"\" width=\"696\" height=\"451\"  \/><\/a><\/p>\n<p>Plus pr\u00e8s de nous, <strong>La Femme \u00e0 l\u2019\u00e9ventail<\/strong> de Modigliani, vol\u00e9e \u00e0 Paris en 2010 et probablement d\u00e9truite, rappelle combien la beaut\u00e9 peut se perdre au c\u0153ur m\u00eame de la modernit\u00e9.<\/p>\n<p><a href=\"https:\/\/www.unmondedaventures.fr\/wp-content\/uploads\/2025\/10\/Atlas-Tresors-Disparus-6.jpg\" target=\"_blank\" rel=\"noopener\"><img loading=\"lazy\" decoding=\"async\" class=\"alignnone size-large wp-image-33683\" src=\"https:\/\/www.europesays.com\/fr\/wp-content\/uploads\/2025\/10\/Atlas-Tresors-Disparus-6-1024x662.jpg\" alt=\"\" width=\"696\" height=\"450\"  \/><\/a><br \/>Et puis, il y a <strong>le dodo<\/strong>, symbole m\u00e9lancolique des esp\u00e8ces disparues, dont la disparition hante le chapitre consacr\u00e9 aux \u201ctr\u00e9sors naturels sacrifi\u00e9s\u201d.\u200b<\/p>\n<p><a href=\"https:\/\/www.unmondedaventures.fr\/wp-content\/uploads\/2025\/10\/Atlas-Tresors-Disparus-4.jpg\" target=\"_blank\" rel=\"noopener\"><img loading=\"lazy\" decoding=\"async\" class=\"alignnone size-large wp-image-33685\" src=\"https:\/\/www.europesays.com\/fr\/wp-content\/uploads\/2025\/10\/Atlas-Tresors-Disparus-4-1024x663.jpg\" alt=\"\" width=\"696\" height=\"451\"  \/><\/a><\/p>\n<p><strong>Une ode \u00e0 la conscience et \u00e0 la curiosit\u00e9<\/strong><\/p>\n<p>Atlas des tr\u00e9sors disparus n\u2019est pas qu\u2019un recueil de merveilles perdues ; c\u2019est aussi un manifeste contre l\u2019oubli. En m\u00ealant r\u00e9cit historique, r\u00e9flexion \u00e9cologique et po\u00e9sie de l\u2019exploration, Oph\u00e9lie Chavaroche interroge notre rapport au monde, \u00e0 la pr\u00e9servation et \u00e0 l\u2019\u00e9ph\u00e9m\u00e8re. Chaque page invite \u00e0 se souvenir, \u00e0 r\u00eaver, mais aussi \u00e0 agir, comme le fait la Norv\u00e8ge avec sa \u201cR\u00e9serve mondiale des semences\u201d, cette Arche de No\u00e9 v\u00e9g\u00e9tale qui veille silencieusement sur l\u2019avenir.\u200b<\/p>\n<p><strong>Informations pratiques<\/strong><\/p>\n<p><a href=\"https:\/\/www.unmondedaventures.fr\/wp-content\/uploads\/2025\/10\/Livre-Atlas-des-Tresors-Disparus-2.jpg\" target=\"_blank\" rel=\"noopener\"><img loading=\"lazy\" decoding=\"async\" class=\"alignnone size-medium wp-image-33692\" src=\"https:\/\/www.europesays.com\/fr\/wp-content\/uploads\/2025\/10\/Livre-Atlas-des-Tresors-Disparus-2-225x300.jpg\" alt=\"\" width=\"225\" height=\"300\"  \/><\/a><a href=\"https:\/\/www.unmondedaventures.fr\/wp-content\/uploads\/2025\/10\/Livre-Atlas-des-Tresors-Disparus-1.jpg\" target=\"_blank\" rel=\"noopener\"><img loading=\"lazy\" decoding=\"async\" class=\"alignnone wp-image-33693 size-medium\" src=\"https:\/\/www.europesays.com\/fr\/wp-content\/uploads\/2025\/10\/Livre-Atlas-des-Tresors-Disparus-1-231x300.jpg\" alt=\"\" width=\"231\" height=\"300\"  \/><\/a><\/p>\n<ul>\n<li><strong>Titre<\/strong> : Atlas des tr\u00e9sors disparus<\/li>\n<li><strong>Autrice<\/strong> : Oph\u00e9lie Chavaroche<\/li>\n<li><strong>\u00c9diteur<\/strong> : <a href=\"https:\/\/www.laperouse-editions.com\/product-page\/atlas-des-tr%C3%A9sors-disparus\" target=\"_blank\" rel=\"noopener\">Lap\u00e9rouse \u00c9ditions<\/a><\/li>\n<li><strong>Collection<\/strong> : Atlas<\/li>\n<li><strong>Nombre de pages<\/strong> : 256 pages<\/li>\n<li><strong>Sortie<\/strong> : 15 octobre 2025<\/li>\n<li><strong>Prix recommand\u00e9<\/strong> : 34,90 \u20ac TTC<\/li>\n<li><strong>Format<\/strong> : 23 \u00d7 29,7 cm \u2013 256 pages<\/li>\n<\/ul>\n<p><a href=\"https:\/\/www.europesays.com\/fr\/wp-content\/uploads\/2025\/10\/Atlas-Tresors-Disparus-1.jpg\"><img loading=\"lazy\" decoding=\"async\" class=\"alignnone size-medium wp-image-33690\" src=\"https:\/\/www.europesays.com\/fr\/wp-content\/uploads\/2025\/10\/Atlas-Tresors-Disparus-1-223x300.jpg\" alt=\"\" width=\"223\" height=\"300\"  \/><\/a><\/p>\n<p>Tel un carnet de bord illustr\u00e9 \u00e0 la mani\u00e8re d\u2019un voyageur des si\u00e8cles pass\u00e9s, Atlas des tr\u00e9sors disparus nous rappelle que la plus belle aventure reste celle de la connaissance et du regard port\u00e9 sur le monde. Un livre \u00e0 feuilleter comme on ouvre un coffre ancien, avec le battement du c\u0153ur d\u2019un explorateur.<\/p>\n<p>The following two tabs change content below.<\/p>\n<p>\t\t<img loading=\"lazy\" decoding=\"async\" alt=\"\" src=\"https:\/\/www.europesays.com\/fr\/wp-content\/uploads\/2025\/10\/e50e669b3dbfb22c278a01d57cebe52e5b3900d3301faa1c4fefe35cd22d2186\"  class=\"avatar avatar-80 photo\" height=\"80\" width=\"80\"\/><\/p>\n<p>\t<img decoding=\"async\" src=\"https:\/\/www.europesays.com\/fr\/wp-content\/uploads\/2025\/10\/commentaires.jpg\" border=\"0\" width=\"100%\"\/><\/p>\n<p> commentaires<\/p>\n","protected":false},"excerpt":{"rendered":"\u00c0 la recherche des tr\u00e9sors perdus Il est des livres qui donnent envie de reprendre la route, de&hellip;\n","protected":false},"author":2,"featured_media":478961,"comment_status":"","ping_status":"","sticky":false,"template":"","format":"standard","meta":{"footnotes":""},"categories":[1357],"tags":[1379,58,59,1011,27,1380],"class_list":{"0":"post-478960","1":"post","2":"type-post","3":"status-publish","4":"format-standard","5":"has-post-thumbnail","7":"category-livres","8":"tag-books","9":"tag-divertissement","10":"tag-entertainment","11":"tag-fr","12":"tag-france","13":"tag-livres"},"share_on_mastodon":{"url":"https:\/\/pubeurope.com\/@fr\/115411041131923062","error":""},"_links":{"self":[{"href":"https:\/\/www.europesays.com\/fr\/wp-json\/wp\/v2\/posts\/478960","targetHints":{"allow":["GET"]}}],"collection":[{"href":"https:\/\/www.europesays.com\/fr\/wp-json\/wp\/v2\/posts"}],"about":[{"href":"https:\/\/www.europesays.com\/fr\/wp-json\/wp\/v2\/types\/post"}],"author":[{"embeddable":true,"href":"https:\/\/www.europesays.com\/fr\/wp-json\/wp\/v2\/users\/2"}],"replies":[{"embeddable":true,"href":"https:\/\/www.europesays.com\/fr\/wp-json\/wp\/v2\/comments?post=478960"}],"version-history":[{"count":0,"href":"https:\/\/www.europesays.com\/fr\/wp-json\/wp\/v2\/posts\/478960\/revisions"}],"wp:featuredmedia":[{"embeddable":true,"href":"https:\/\/www.europesays.com\/fr\/wp-json\/wp\/v2\/media\/478961"}],"wp:attachment":[{"href":"https:\/\/www.europesays.com\/fr\/wp-json\/wp\/v2\/media?parent=478960"}],"wp:term":[{"taxonomy":"category","embeddable":true,"href":"https:\/\/www.europesays.com\/fr\/wp-json\/wp\/v2\/categories?post=478960"},{"taxonomy":"post_tag","embeddable":true,"href":"https:\/\/www.europesays.com\/fr\/wp-json\/wp\/v2\/tags?post=478960"}],"curies":[{"name":"wp","href":"https:\/\/api.w.org\/{rel}","templated":true}]}}