{"id":478973,"date":"2025-10-21T07:51:17","date_gmt":"2025-10-21T07:51:17","guid":{"rendered":"https:\/\/www.europesays.com\/fr\/478973\/"},"modified":"2025-10-21T07:51:17","modified_gmt":"2025-10-21T07:51:17","slug":"mais-pourquoi-amazon-lance-un-nouveau-fire-tv-stick-au-rabais","status":"publish","type":"post","link":"https:\/\/www.europesays.com\/fr\/478973\/","title":{"rendered":"Mais pourquoi Amazon lance un nouveau Fire TV Stick au rabais\u00a0?"},"content":{"rendered":"<p> \u00abMais qu\u2019est-ce que je fais l\u00e0\u00a0?\u00a0\u00bb, s\u2019exclame <a href=\"https:\/\/www.youtube.com\/@UpgradeGuyTech\" rel=\"nofollow noopener\" target=\"_blank\" class=\"c-link c-link--is-underlined\">UG Tech<\/a> (212 k) sur sa cha\u00eene <a href=\"https:\/\/www.20minutes.fr\/high-tech\/youtube\/\" class=\"c-link c-link--is-underlined\" target=\"_blank\" rel=\"noopener\">YouTube<\/a>. En deux vid\u00e9os, l\u2019influenceur d\u00e9zingue le nouveau <a href=\"https:\/\/www.amazon.fr\/s?k=Fire+TV&amp;__mk_fr_FR=\u00c5M\u00c5\u017d\u00d5\u00d1&amp;crid=2XEV0962GRL76&amp;sprefix=fire+tv,aps,90&amp;ref=nb_sb_noss_1\" rel=\"nofollow noopener\" target=\"_blank\" class=\"c-link c-link--is-underlined\">Fire TV Stick 4K Select<\/a> d\u2019Amazon. Et il n\u2019est pas le seul. En cause\u00a0: les faiblesses et la lenteur du petit appendice que l\u2019on branche sur son t\u00e9l\u00e9viseur pour streamer des contenus vid\u00e9o, jouer, \u00e9couter de la musique. Alors, en voulant baisser le prix de son dongle, <a href=\"https:\/\/www.20minutes.fr\/high-tech\/amazon\/\" class=\"c-link c-link--is-underlined\" target=\"_blank\" rel=\"noopener\">Amazon<\/a> s\u2019est-il pris les pieds dans le tapis\u00a0?<\/p>\n<p><img decoding=\"async\" alt=\"Le \u00abFire TV Stick 4K Select\u00bb d\u2019Amazon change de syst\u00e8me d'exploitation.\" class=\"c-img\" loading=\"lazy\" fetchpriority=\"auto\" width=\"718\"  src=\"https:\/\/img.20mn.fr\/4u7rQFmaQGWi44r6pmzbgyk\/718x0-8.44047794342041x19.64708332454137-86.92335357666016\" \/>Le \u00abFire TV Stick 4K Select\u00bb d\u2019Amazon change de syst\u00e8me d&rsquo;exploitation.\u2002-\u00a0Amazon\u00c9volutions et renonciations<\/p>\n<p>54,99 euros. Ce n\u2019est a priori pas un tarif excessif pour un dongle TV 4K premier prix. C\u2019est 10 euros de plus que pour son \u00e9quivalent Full HD (le Fire TV Stick HD)\u2026 et 15 euros de moins que pour le mod\u00e8le 4K pr\u00e9c\u00e9dent (le Fire TV Stick 4K). Mais Amazon ne modifie pas uniquement le prix de son petit appendice capable de transformer un vieux t\u00e9l\u00e9viseur en t\u00e9l\u00e9viseur connect\u00e9. Derri\u00e8re cette \u00e9volution, il y a une innovation\u2026 mais aussi des renonciations.<\/p>\n<p>L\u2019innovation tient ici dans le nouveau syst\u00e8me d\u2019exploitation qu\u2019Amazon a voulu pour son stick TV. Adieu Fire OS (sous <a href=\"https:\/\/www.20minutes.fr\/high-tech\/android\/\" class=\"c-link c-link--is-underlined\" target=\"_blank\" rel=\"noopener\">Android<\/a>), bienvenue \u00e0 Vega OS (sous <a href=\"https:\/\/www.20minutes.fr\/dossier\/linux\" class=\"c-link c-link--is-underlined\" target=\"_blank\" rel=\"noopener\">Linux<\/a>), \u00ab\u00a0un nouveau syst\u00e8me d\u2019exploitation, con\u00e7u pour \u00eatre r\u00e9actif et efficace\u00a0\u00bb, selon Amazon. Dans les faits, et nous avons pu le constater en essayant le produit, le nouveau stick est beaucoup, beaucoup plus lent que son a\u00een\u00e9, avec une navigation plus adapt\u00e9e au doigt\u00e9 des baby boomers qu\u2019\u00e0 celui de la Gen Z\u2026<\/p>\n<p>Les renonciations du Fire TV Stick 4K Select tiennent notamment dans l\u2019emploi du Wifi 5 (contre le Wifi 6 pour le Fire TV Stick 4K). Mais pas seulement. Amazon sacrifie aussi sur l\u2019autel du prix de vente de son produit le <a href=\"https:\/\/www.20minutes.fr\/high-tech\/dolby\/\" class=\"c-link c-link--is-underlined\" target=\"_blank\" rel=\"noopener\">Dolby<\/a> Vision. Du coup, si le <a href=\"https:\/\/www.20minutes.fr\/high-tech\/dolby-atmos\/\" class=\"c-link c-link--is-underlined\" target=\"_blank\" rel=\"noopener\">Dolby Atmos<\/a> est bien support\u00e9, il faudra ici oublier l\u2019apport du Dolby Vision pour la qualit\u00e9 d\u2019image et les contenus compatibles. Le HDR10 +\u00a0reste cependant dans l\u2019ADN du petit dongle pour des images aux d\u00e9tails tr\u00e8s nuanc\u00e9s.<\/p>\n<p><a href=\"https:\/\/www.20minutes.fr\/arts-stars\/\" class=\"c-link c-btn c-btn--primary\" target=\"_blank\" rel=\"noopener\">Notre dossier \u00abDivertissement\u00bb<\/a>Vers la fin de l\u2019IPTV illicite<\/p>\n<p>Une fois install\u00e9, le nouveau Fire TV Stick 4K Select d\u2019Amazon pourrait ainsi ne ressembler qu\u2019\u00e0 une version light d\u2019un outil existant avec la volont\u00e9, pour son constructeur, d\u2019affiner ses propositions commerciales en \u00e9largissant sa gamme. Il se pourrait cependant que les choses soient plus subtiles que cela, et que derri\u00e8re le virage technique entrepris par la firme de <a href=\"https:\/\/www.20minutes.fr\/dossier\/jeff_bezos\" class=\"c-link c-link--is-underlined\" target=\"_blank\" rel=\"noopener\">Jeff Bezos<\/a> se cache une autre r\u00e9alit\u00e9, avec la fin annonc\u00e9e de l\u2019<a href=\"https:\/\/www.20minutes.fr\/high-tech\/iptv\/\" class=\"c-link c-link--is-underlined\" target=\"_blank\" rel=\"noopener\">IPTV<\/a> illicite.<\/p>\n<p>Ainsi, l\u00e0 o\u00f9 les traditionnels sticks TV d\u2019Amazon permettent l\u2019utilisation de sources externes et l\u2019installation d\u2019APK Android (pour installer des applications tierces non r\u00e9f\u00e9renc\u00e9es), le petit dernier contraint tr\u00e8s s\u00e9rieusement cette possibilit\u00e9 en ne permettant plus le <a href=\"https:\/\/www.20minutes.fr\/dossier\/piratage\" class=\"c-link c-link--is-underlined\" target=\"_blank\" rel=\"noopener\">piratage<\/a> de cha\u00eenes TV payantes.<\/p>\n<\/p>\n<p>Dans un rapport paru au printemps dernier, <a href=\"https:\/\/www.endersanalysis.com\/reports\/video-piracy-big-tech-clearly-unwilling-address-problem\" rel=\"nofollow noopener\" target=\"_blank\" class=\"c-link c-link--is-underlined\">Enders Analysis<\/a> pointait les Fire TV Stick d\u2019Amazon comme \u00e9tant l\u2019un des maillons d\u2019un \u00ab\u00a0vol \u00e0 grande \u00e9chelle de services vid\u00e9o, notamment de <a href=\"https:\/\/www.20minutes.fr\/sport\/\" class=\"c-link c-link--is-underlined\" target=\"_blank\" rel=\"noopener\">sport<\/a> en direct\u00a0\u00bb. Et de noter\u00a0: \u00ab\u00a0Les g\u00e9ants du num\u00e9rique sont \u00e0 la fois alli\u00e9s et ennemis dans la r\u00e9solution du probl\u00e8me du piratage. Des incitations contradictoires nuisent \u00e0 la s\u00e9curit\u00e9 des consommateurs en facilitant la d\u00e9tection des services pirat\u00e9s ill\u00e9gaux et en r\u00e9duisant les frictions gr\u00e2ce \u00e0 des \u00e9quipements \u00e0 bas prix comme l\u2019Amazon Fire Stick\u00a0\u00bb. De l\u00e0 \u00e0 imaginer que le nouveau Fire TV Stick 4K Select pourrait \u00eatre le premier d\u2019une nouvelle s\u00e9rie de dongles ouvrant beaucoup moins de possibilit\u00e9s de visionnages \u00e0 leurs utilisateurs\u2026<\/p>\n","protected":false},"excerpt":{"rendered":"\u00abMais qu\u2019est-ce que je fais l\u00e0\u00a0?\u00a0\u00bb, s\u2019exclame UG Tech (212 k) sur sa cha\u00eene YouTube. En deux vid\u00e9os,&hellip;\n","protected":false},"author":2,"featured_media":478974,"comment_status":"","ping_status":"","sticky":false,"template":"","format":"standard","meta":{"footnotes":""},"categories":[7],"tags":[4239,10656,1011,27,142,42520,697,33260,16421,43,40,41,39,42,44,252,60237,1364,2784],"class_list":{"0":"post-478973","1":"post","2":"type-post","3":"status-publish","4":"format-standard","5":"has-post-thumbnail","7":"category-sciences-et-technologies","8":"tag-amazon","9":"tag-android","10":"tag-fr","11":"tag-france","12":"tag-high-tech","13":"tag-iptv","14":"tag-jeff-bezos","15":"tag-linux","16":"tag-piratage","17":"tag-science","18":"tag-science-and-technology","19":"tag-sciences","20":"tag-sciences-et-technologies","21":"tag-technologies","22":"tag-technology","23":"tag-television","24":"tag-television-connectee","25":"tag-tv","26":"tag-youtube"},"share_on_mastodon":{"url":"https:\/\/pubeurope.com\/@fr\/115411071442410187","error":""},"_links":{"self":[{"href":"https:\/\/www.europesays.com\/fr\/wp-json\/wp\/v2\/posts\/478973","targetHints":{"allow":["GET"]}}],"collection":[{"href":"https:\/\/www.europesays.com\/fr\/wp-json\/wp\/v2\/posts"}],"about":[{"href":"https:\/\/www.europesays.com\/fr\/wp-json\/wp\/v2\/types\/post"}],"author":[{"embeddable":true,"href":"https:\/\/www.europesays.com\/fr\/wp-json\/wp\/v2\/users\/2"}],"replies":[{"embeddable":true,"href":"https:\/\/www.europesays.com\/fr\/wp-json\/wp\/v2\/comments?post=478973"}],"version-history":[{"count":0,"href":"https:\/\/www.europesays.com\/fr\/wp-json\/wp\/v2\/posts\/478973\/revisions"}],"wp:featuredmedia":[{"embeddable":true,"href":"https:\/\/www.europesays.com\/fr\/wp-json\/wp\/v2\/media\/478974"}],"wp:attachment":[{"href":"https:\/\/www.europesays.com\/fr\/wp-json\/wp\/v2\/media?parent=478973"}],"wp:term":[{"taxonomy":"category","embeddable":true,"href":"https:\/\/www.europesays.com\/fr\/wp-json\/wp\/v2\/categories?post=478973"},{"taxonomy":"post_tag","embeddable":true,"href":"https:\/\/www.europesays.com\/fr\/wp-json\/wp\/v2\/tags?post=478973"}],"curies":[{"name":"wp","href":"https:\/\/api.w.org\/{rel}","templated":true}]}}