{"id":478983,"date":"2025-10-21T07:56:22","date_gmt":"2025-10-21T07:56:22","guid":{"rendered":"https:\/\/www.europesays.com\/fr\/478983\/"},"modified":"2025-10-21T07:56:22","modified_gmt":"2025-10-21T07:56:22","slug":"semaine-savoureuse-a-lecole-privee-de-saint-just-malmont","status":"publish","type":"post","link":"https:\/\/www.europesays.com\/fr\/478983\/","title":{"rendered":"Semaine savoureuse \u00e0 l\u2019\u00e9cole priv\u00e9e de Saint-Just-Malmont"},"content":{"rendered":"<p>\t\t\t\t\t\t\t\t\t\t\t\t\t\t\t\t\t\t\t\t\t\t\t\t\t\t\t\t\t\t\t\t\t\t\t\t\t\t\t\t\t\t\t\t\t\t\t\t\t\t\t\t\t\t\t\t\t\t\t\t\t\t\t<a href=\"https:\/\/www.lacommere43.fr\/component\/banners\/click\/1838.html\" target=\"_blank\" title=\"Chevalier Fr\u00e8res octobre 2025\" rel=\"noopener\"><br \/>\n\t\t\t\t\t\t\t<img decoding=\"async\" loading=\"lazy\" src=\"https:\/\/www.europesays.com\/fr\/wp-content\/uploads\/2025\/10\/chevalier-2025-toussaint.gif\" alt=\"Chevalier Fr\u00e8res octobre 2025\"\/><br \/>\n\t\t\t\t\t\t<\/a><\/p>\n<p>\t\t\t\t\t\t\t\t\t\t\t\t\t\t\t\t\t\t\t\t\t\t\t\t\t\t\t\t\t\t\t\t\t\t\t\t\t\t\t\t\t\t\t\t\t\t\t\t\t\t\t\t\t\t\t\t\t\t\t\t\t\t\t<a href=\"https:\/\/www.lacommere43.fr\/component\/banners\/click\/1840.html\" target=\"_blank\" title=\"HPV vacances octobre 2025\" rel=\"noopener\"><br \/>\n\t\t\t\t\t\t\t<img decoding=\"async\" loading=\"lazy\" src=\"https:\/\/www.europesays.com\/fr\/wp-content\/uploads\/2025\/10\/PUB_VAC_TOUSSAINT_1.gif\" alt=\"HPV vacances octobre 2025\"\/><br \/>\n\t\t\t\t\t\t<\/a><\/p>\n<p><strong>\u00c0 l\u2019occasion de la Semaine du go\u00fbt, l\u2019\u00e9cole priv\u00e9e de Saint-Just-Malmont s\u2019est transform\u00e9e en v\u00e9ritable voyage au coeur des saveurs.<\/strong><\/p>\n<p>Chaque classe a explor\u00e9 le th\u00e8me, m\u00ealant curiosit\u00e9, cr\u00e9ativit\u00e9 et plaisir gustatif dans une diversit\u00e9 d\u2019approches aussi riche que stimulante.<\/p>\n<p>Les \u00e9l\u00e8ves de PS et MS se sont transform\u00e9s en petits chefs confectionnant des g\u00e2teaux aux l\u00e9gumes aux couleurs \u00e9tonnantes et une salade de fruits d\u2019automne. Les GS et CP ont organis\u00e9 des go\u00fbters \u00e0 th\u00e8me, une mani\u00e8re ludique d\u2019affiner leur palais tout en d\u00e9couvrant les diff\u00e9rentes saveurs.<\/p>\n<p>En CE1, la journ\u00e9e d\u00e9di\u00e9e au go\u00fbt s\u2019est teint\u00e9e de culture am\u00e9ricaine et de science : les \u00e9l\u00e8ves ont r\u00e9alis\u00e9 une \u00ab Pumpkin pie \u00bb, tout en explorant les m\u00e9canismes du go\u00fbt \u00e0 travers des activit\u00e9s sensorielles et collaboratives.<\/p>\n<p>Les CE2 et CM1 ont troqu\u00e9 les fourchettes contre des crayons, en s\u2019initiant \u00e0 l\u2019art des natures mortes. Fruits et couleurs chaudes ont inspir\u00e9 des oeuvres pleines de soleil, r\u00e9alis\u00e9es dans une ambiance cr\u00e9ative.<\/p>\n<p>Enfin, les CM2 ont relev\u00e9 le d\u00e9fi d\u2019un escape-game autour du go\u00fbt. R\u00e9partis en \u00e9quipes, ils ont r\u00e9solu des \u00e9nigmes m\u00ealant logique, coordination et r\u00e9flexion pour lib\u00e9rer les cl\u00e9s de la libert\u00e9 d\u00e9tenues par la myst\u00e9rieuse gardienne des saveurs.<\/p>\n","protected":false},"excerpt":{"rendered":"\u00c0 l\u2019occasion de la Semaine du go\u00fbt, l\u2019\u00e9cole priv\u00e9e de Saint-Just-Malmont s\u2019est transform\u00e9e en v\u00e9ritable voyage au coeur&hellip;\n","protected":false},"author":2,"featured_media":478984,"comment_status":"","ping_status":"","sticky":false,"template":"","format":"standard","meta":{"footnotes":""},"categories":[9653],"tags":[1111,2281,11,2430,1777,674,2282,1011,27,2280,2284,2285,2283,12,25,4001],"class_list":{"0":"post-478983","1":"post","2":"type-post","3":"status-publish","4":"format-standard","5":"has-post-thumbnail","7":"category-saint-etienne","8":"tag-actu","9":"tag-actualite-43","10":"tag-actualites","11":"tag-auvergne-rhone-alpes","12":"tag-eu","13":"tag-europe","14":"tag-faits-divers-auvergne","15":"tag-fr","16":"tag-france","17":"tag-information-haute-loire","18":"tag-infos-43","19":"tag-journal-haute-loire","20":"tag-la-commere-43","21":"tag-news","22":"tag-republique-francaise","23":"tag-saint-etienne"},"share_on_mastodon":{"url":"https:\/\/pubeurope.com\/@fr\/115411091064314015","error":""},"_links":{"self":[{"href":"https:\/\/www.europesays.com\/fr\/wp-json\/wp\/v2\/posts\/478983","targetHints":{"allow":["GET"]}}],"collection":[{"href":"https:\/\/www.europesays.com\/fr\/wp-json\/wp\/v2\/posts"}],"about":[{"href":"https:\/\/www.europesays.com\/fr\/wp-json\/wp\/v2\/types\/post"}],"author":[{"embeddable":true,"href":"https:\/\/www.europesays.com\/fr\/wp-json\/wp\/v2\/users\/2"}],"replies":[{"embeddable":true,"href":"https:\/\/www.europesays.com\/fr\/wp-json\/wp\/v2\/comments?post=478983"}],"version-history":[{"count":0,"href":"https:\/\/www.europesays.com\/fr\/wp-json\/wp\/v2\/posts\/478983\/revisions"}],"wp:featuredmedia":[{"embeddable":true,"href":"https:\/\/www.europesays.com\/fr\/wp-json\/wp\/v2\/media\/478984"}],"wp:attachment":[{"href":"https:\/\/www.europesays.com\/fr\/wp-json\/wp\/v2\/media?parent=478983"}],"wp:term":[{"taxonomy":"category","embeddable":true,"href":"https:\/\/www.europesays.com\/fr\/wp-json\/wp\/v2\/categories?post=478983"},{"taxonomy":"post_tag","embeddable":true,"href":"https:\/\/www.europesays.com\/fr\/wp-json\/wp\/v2\/tags?post=478983"}],"curies":[{"name":"wp","href":"https:\/\/api.w.org\/{rel}","templated":true}]}}