{"id":478989,"date":"2025-10-21T08:02:11","date_gmt":"2025-10-21T08:02:11","guid":{"rendered":"https:\/\/www.europesays.com\/fr\/478989\/"},"modified":"2025-10-21T08:02:11","modified_gmt":"2025-10-21T08:02:11","slug":"loffre-de-logements-etudiants-senrichit-dans-le-centre-ancien","status":"publish","type":"post","link":"https:\/\/www.europesays.com\/fr\/478989\/","title":{"rendered":"L\u2019offre de logements \u00e9tudiants s\u2019enrichit dans le centre ancien"},"content":{"rendered":"\n<p>Le centre ancien de Toulon continue sa mue. Depuis la signature d\u2019une convention avec l\u2019Anru, en 2003, de 169\u00a0millions d\u2019euros, une intervention lourde sur le b\u00e2ti a permis la r\u00e9novation de 600\u00a0immeubles, plus de 3\u00a0700\u00a0logements et chasser nombre de marchands de sommeil. Apr\u00e8s la pose de la premi\u00e8re pierre de la requalification de l\u2019\u00eelot Besagne en septembre, c\u2019est aujourd\u2019hui la r\u00e9sidence \u00e9tudiante des Savonni\u00e8res qui est inaugur\u00e9e. La r\u00e9alisation a n\u00e9cessit\u00e9 la r\u00e9habilitation ou la reconstruction de quatre immeubles pour offrir 31 studios meubl\u00e9s.<\/p>\n<p>Un enrichissement de l\u2019offre afin de r\u00e9pondre, m\u00eame si ce n\u2019est qu\u2019en toute petite partie, \u00e0 la forte demande de logements \u00e9tudiants dans le Port du Levant, o\u00f9 la population \u00e9tudiante, notamment boursi\u00e8re, est en constante augmentation. Cette augmentation de la capacit\u00e9 d\u2019accueil dans de bonnes conditions s\u2019inscrit dans la dynamique de d\u00e9veloppement du campus du centre-ville de Toulon. \u00c0 noter que cette requalification a \u00e9galement permis l\u2019ouverture de trois commerces de proximit\u00e9 \u2013 le Caf\u00e9 Couture, la Laverie des Savonni\u00e8res et le salon de coiffure Imaginatif\u2019s\u00a0&#8211; qui contribuent \u00e0 la vitalit\u00e9 du quartier.<\/p>\n<p>Cette nouvelle r\u00e9sidence \u00e9tudiante des Savonni\u00e8res est situ\u00e9e \u00e0 deux pas de la tr\u00e8s anim\u00e9e place de l\u2019\u00c9querre, pris\u00e9e par la jeunesse toulonnaise.<\/p>\n<p>\u00ab\u00a0Cela s\u2019inscrit pleinement dans notre strat\u00e9gie de long terme pour le centre-ville, qui est de r\u00e9introduire une population jeune et active, soutenir le commerce local et pr\u00e9server notre patrimoine par des usages contemporains\u00a0\u00bb, confie la maire de Toulon (sans \u00e9tiquette), Jos\u00e9e Massi. Elle conclut\u00a0: \u00ab\u00a0Toulon avance et c\u2019est toute notre jeunesse qui y trouve sa place.\u00a0\u00bb<\/p>\n","protected":false},"excerpt":{"rendered":"Le centre ancien de Toulon continue sa mue. Depuis la signature d\u2019une convention avec l\u2019Anru, en 2003, de&hellip;\n","protected":false},"author":2,"featured_media":478990,"comment_status":"","ping_status":"","sticky":false,"template":"","format":"standard","meta":{"footnotes":""},"categories":[9619],"tags":[1111,11,5738,1777,674,1011,27,12,882,25,2310],"class_list":{"0":"post-478989","1":"post","2":"type-post","3":"status-publish","4":"format-standard","5":"has-post-thumbnail","7":"category-toulon","8":"tag-actu","9":"tag-actualites","10":"tag-bourses","11":"tag-eu","12":"tag-europe","13":"tag-fr","14":"tag-france","15":"tag-news","16":"tag-provence-alpes-cote-dazur","17":"tag-republique-francaise","18":"tag-toulon"},"share_on_mastodon":{"url":"https:\/\/pubeurope.com\/@fr\/115411114082185937","error":""},"_links":{"self":[{"href":"https:\/\/www.europesays.com\/fr\/wp-json\/wp\/v2\/posts\/478989","targetHints":{"allow":["GET"]}}],"collection":[{"href":"https:\/\/www.europesays.com\/fr\/wp-json\/wp\/v2\/posts"}],"about":[{"href":"https:\/\/www.europesays.com\/fr\/wp-json\/wp\/v2\/types\/post"}],"author":[{"embeddable":true,"href":"https:\/\/www.europesays.com\/fr\/wp-json\/wp\/v2\/users\/2"}],"replies":[{"embeddable":true,"href":"https:\/\/www.europesays.com\/fr\/wp-json\/wp\/v2\/comments?post=478989"}],"version-history":[{"count":0,"href":"https:\/\/www.europesays.com\/fr\/wp-json\/wp\/v2\/posts\/478989\/revisions"}],"wp:featuredmedia":[{"embeddable":true,"href":"https:\/\/www.europesays.com\/fr\/wp-json\/wp\/v2\/media\/478990"}],"wp:attachment":[{"href":"https:\/\/www.europesays.com\/fr\/wp-json\/wp\/v2\/media?parent=478989"}],"wp:term":[{"taxonomy":"category","embeddable":true,"href":"https:\/\/www.europesays.com\/fr\/wp-json\/wp\/v2\/categories?post=478989"},{"taxonomy":"post_tag","embeddable":true,"href":"https:\/\/www.europesays.com\/fr\/wp-json\/wp\/v2\/tags?post=478989"}],"curies":[{"name":"wp","href":"https:\/\/api.w.org\/{rel}","templated":true}]}}