{"id":478991,"date":"2025-10-21T08:03:15","date_gmt":"2025-10-21T08:03:15","guid":{"rendered":"https:\/\/www.europesays.com\/fr\/478991\/"},"modified":"2025-10-21T08:03:15","modified_gmt":"2025-10-21T08:03:15","slug":"trois-retours-tres-attendus-toulon-est-prevenu","status":"publish","type":"post","link":"https:\/\/www.europesays.com\/fr\/478991\/","title":{"rendered":"trois retours tr\u00e8s attendus, Toulon est pr\u00e9venu"},"content":{"rendered":"<p>Le Stade Toulousain doit reprendre sa marche en avant. Encore battus \u00e0 l\u2019ext\u00e9rieur, cette fois d\u2019un rien sur la pelouse de Pau, les champions en titre retrouveront leurs supporters ce dimanche \u00e0 l\u2019occasion de la r\u00e9ception de Toulon. Apr\u00e8s deux r\u00e9ceptions r\u00e9ussies face \u00e0 Castres puis Toulon, les Rouge et Noir voudront poursuivre sur leur lanc\u00e9e pour engranger des points avant la tourn\u00e9e de novembre.<\/p>\n<p>Mallia, Chocobares et Delibes de retour<\/p>\n<p>Si <a href=\"https:\/\/www.quinzemondial.com\/stade-toulousain\/stade-toulousain-barassi-ramos-banos-une-reprise-marquee-par-les-absences-avant-toulon-819786\" target=\"_blank\" rel=\"noopener\">plusieurs cadres manquent \u00e0 l\u2019appel,<\/a> de L\u00e9o Banos \u00e0<a href=\"https:\/\/www.quinzemondial.com\/xv-de-france\/xv-de-france-pas-dinquietude-barassi-rassure-avant-la-liste-de-galthie-819792\" target=\"_blank\" rel=\"noopener\"> Pierre-Louis Barassi<\/a> en passant par Fran\u00e7ois Cros ou Jo\u00ebl Merkler, d\u2019autres sont de retours. D\u00e9j\u00e0 disponibles pour d\u00e9fier Pau mais laiss\u00e9s au repos, Santiago Chocobares et Juan Cruz Mallia devraient disputer leur premier match de la saison. De son c\u00f4t\u00e9, Dimitri Delibes est remis de sa blessure \u00e0 un genou et pourra \u00e9galement \u00eatre sur la feuille de match.<\/p>\n<p>Partagez cette info avec vos amis et vos proches en cliquant ici<br \/>Pour r\u00e9sumer<\/p>\n<p>Le Stade Toulousain pouvait compter sur les retours de plusieurs cadres de l\u2019\u00e9quipe ce lundi \u00e0 l\u2019entra\u00eenement, \u00e0 quelques jours de la r\u00e9ception de Toulon en cl\u00f4ture de la huiti\u00e8me journ\u00e9e de Top 14 ce dimanche.<\/p>\n<p> <img decoding=\"async\" width=\"76\" height=\"76\" loading=\"lazy\" src=\"https:\/\/www.europesays.com\/fr\/wp-content\/uploads\/2025\/04\/avatar-quinze.png\" alt=\"Arnaud D\u00e9chelotte\"\/><\/p>\n","protected":false},"excerpt":{"rendered":"Le Stade Toulousain doit reprendre sa marche en avant. Encore battus \u00e0 l\u2019ext\u00e9rieur, cette fois d\u2019un rien sur&hellip;\n","protected":false},"author":2,"featured_media":478992,"comment_status":"","ping_status":"","sticky":false,"template":"","format":"standard","meta":{"footnotes":""},"categories":[9619],"tags":[1111,11,1777,674,1011,27,12,882,25,476,478,2310],"class_list":{"0":"post-478991","1":"post","2":"type-post","3":"status-publish","4":"format-standard","5":"has-post-thumbnail","7":"category-toulon","8":"tag-actu","9":"tag-actualites","10":"tag-eu","11":"tag-europe","12":"tag-fr","13":"tag-france","14":"tag-news","15":"tag-provence-alpes-cote-dazur","16":"tag-republique-francaise","17":"tag-stade-toulousain","18":"tag-top-14","19":"tag-toulon"},"share_on_mastodon":{"url":"https:\/\/pubeurope.com\/@fr\/115411118656346438","error":""},"_links":{"self":[{"href":"https:\/\/www.europesays.com\/fr\/wp-json\/wp\/v2\/posts\/478991","targetHints":{"allow":["GET"]}}],"collection":[{"href":"https:\/\/www.europesays.com\/fr\/wp-json\/wp\/v2\/posts"}],"about":[{"href":"https:\/\/www.europesays.com\/fr\/wp-json\/wp\/v2\/types\/post"}],"author":[{"embeddable":true,"href":"https:\/\/www.europesays.com\/fr\/wp-json\/wp\/v2\/users\/2"}],"replies":[{"embeddable":true,"href":"https:\/\/www.europesays.com\/fr\/wp-json\/wp\/v2\/comments?post=478991"}],"version-history":[{"count":0,"href":"https:\/\/www.europesays.com\/fr\/wp-json\/wp\/v2\/posts\/478991\/revisions"}],"wp:featuredmedia":[{"embeddable":true,"href":"https:\/\/www.europesays.com\/fr\/wp-json\/wp\/v2\/media\/478992"}],"wp:attachment":[{"href":"https:\/\/www.europesays.com\/fr\/wp-json\/wp\/v2\/media?parent=478991"}],"wp:term":[{"taxonomy":"category","embeddable":true,"href":"https:\/\/www.europesays.com\/fr\/wp-json\/wp\/v2\/categories?post=478991"},{"taxonomy":"post_tag","embeddable":true,"href":"https:\/\/www.europesays.com\/fr\/wp-json\/wp\/v2\/tags?post=478991"}],"curies":[{"name":"wp","href":"https:\/\/api.w.org\/{rel}","templated":true}]}}