{"id":478995,"date":"2025-10-21T08:05:13","date_gmt":"2025-10-21T08:05:13","guid":{"rendered":"https:\/\/www.europesays.com\/fr\/478995\/"},"modified":"2025-10-21T08:05:13","modified_gmt":"2025-10-21T08:05:13","slug":"entrant-dans-un-garage-pour-uriner-il-repart-avec-une-moto-volee","status":"publish","type":"post","link":"https:\/\/www.europesays.com\/fr\/478995\/","title":{"rendered":"entrant dans un garage pour uriner, il repart avec une moto vol\u00e9e"},"content":{"rendered":"<p>\nLe 18 octobre dernier, pris d&rsquo;une envie pressante, un homme entre dans un garage souterrain et y d\u00e9couvre une moto. Il d\u00e9cide alors de repartir avec.<\/p>\n<p>\n\u00a9 Photo d\u2019illustration \u2013 moto.<\/p>\n<p>Samedi soir dernier, alors qu\u2019il d\u00e9ambulait <strong>rue de Substantion<\/strong> \u00e0 <a href=\"https:\/\/infoccitanie.fr\/tag\/montpellier\/\" target=\"_blank\" rel=\"noopener\">Montpellier<\/a>, un homme est soudainement pris d\u2019une envie pressante. Apercevant une <strong>porte de garage souterrain entrouverte<\/strong>, il d\u00e9cide d\u2019y entrer pour se soulager. Une <strong>moto<\/strong> se trouve alors dans ce m\u00eame garage \u2026 avec les cl\u00e9s sur le contact. \u00c0 c\u00f4t\u00e9, un casque et une paire de gants. Ni une ni deux, <strong>il enjambe la moto et s\u2019en va<\/strong>.<\/p>\n<p>La moto \u00e9tait \u00e9quip\u00e9e d\u2019un dispositif de g\u00e9olocalisation<\/p>\n<p>Peu de temps apr\u00e8s, le propri\u00e9taire, r\u00e9alisant qu\u2019il a oubli\u00e9 ses cl\u00e9s sur sa moto, descend au garage. Il constate alors sa disparition. <strong>Il alerte aussit\u00f4t la police<\/strong>, pr\u00e9cisant que le v\u00e9hicule est \u00e9quip\u00e9 d\u2019un <strong>dispositif de g\u00e9olocalisation<\/strong>. Gr\u00e2ce \u00e0 cet outil, les forces de l\u2019ordre localisent rapidement la moto <strong>avenue du Pir\u00e9e<\/strong>. Les agents de la Brigade Anti-Criminalit\u00e9 (BAC) s\u2019y rendent. Ils <strong>interpellent<\/strong> le suspect, un <strong>homme de 48 ans,<\/strong> qui <strong>reconna\u00eet<\/strong> imm\u00e9diatement les faits. Il explique m\u00eame qu\u2019il ne serait jamais parti avec la moto si les gants et le casque n\u2019avaient pas \u00e9t\u00e9 l\u00e0. Il a \u00e9t\u00e9 <strong>pr\u00e9sent\u00e9 au procureur de la R\u00e9publique<\/strong> ce lundi 20 octobre.<\/p>\n","protected":false},"excerpt":{"rendered":"Le 18 octobre dernier, pris d&rsquo;une envie pressante, un homme entre dans un garage souterrain et y d\u00e9couvre&hellip;\n","protected":false},"author":2,"featured_media":478996,"comment_status":"","ping_status":"","sticky":false,"template":"","format":"standard","meta":{"footnotes":""},"categories":[9599],"tags":[1111,11,1777,674,1011,27,60242,2208,12,2680,1072,25],"class_list":{"0":"post-478995","1":"post","2":"type-post","3":"status-publish","4":"format-standard","5":"has-post-thumbnail","7":"category-montpellier","8":"tag-actu","9":"tag-actualites","10":"tag-eu","11":"tag-europe","12":"tag-fr","13":"tag-france","14":"tag-montpelier","15":"tag-montpellier","16":"tag-news","17":"tag-occitanie","18":"tag-police","19":"tag-republique-francaise"},"share_on_mastodon":{"url":"https:\/\/pubeurope.com\/@fr\/115411125701467766","error":""},"_links":{"self":[{"href":"https:\/\/www.europesays.com\/fr\/wp-json\/wp\/v2\/posts\/478995","targetHints":{"allow":["GET"]}}],"collection":[{"href":"https:\/\/www.europesays.com\/fr\/wp-json\/wp\/v2\/posts"}],"about":[{"href":"https:\/\/www.europesays.com\/fr\/wp-json\/wp\/v2\/types\/post"}],"author":[{"embeddable":true,"href":"https:\/\/www.europesays.com\/fr\/wp-json\/wp\/v2\/users\/2"}],"replies":[{"embeddable":true,"href":"https:\/\/www.europesays.com\/fr\/wp-json\/wp\/v2\/comments?post=478995"}],"version-history":[{"count":0,"href":"https:\/\/www.europesays.com\/fr\/wp-json\/wp\/v2\/posts\/478995\/revisions"}],"wp:featuredmedia":[{"embeddable":true,"href":"https:\/\/www.europesays.com\/fr\/wp-json\/wp\/v2\/media\/478996"}],"wp:attachment":[{"href":"https:\/\/www.europesays.com\/fr\/wp-json\/wp\/v2\/media?parent=478995"}],"wp:term":[{"taxonomy":"category","embeddable":true,"href":"https:\/\/www.europesays.com\/fr\/wp-json\/wp\/v2\/categories?post=478995"},{"taxonomy":"post_tag","embeddable":true,"href":"https:\/\/www.europesays.com\/fr\/wp-json\/wp\/v2\/tags?post=478995"}],"curies":[{"name":"wp","href":"https:\/\/api.w.org\/{rel}","templated":true}]}}