{"id":479001,"date":"2025-10-21T08:12:14","date_gmt":"2025-10-21T08:12:14","guid":{"rendered":"https:\/\/www.europesays.com\/fr\/479001\/"},"modified":"2025-10-21T08:12:14","modified_gmt":"2025-10-21T08:12:14","slug":"pierre-jayet-michael-lafrasse-et-elise-cuenot-hodister-en-dedicace-a-la-fnac-grenoble-victor-hugo","status":"publish","type":"post","link":"https:\/\/www.europesays.com\/fr\/479001\/","title":{"rendered":"Pierre Jayet, Michael Lafrasse et \u00c9lise Cuenot-Hodister en d\u00e9dicace \u00e0 la Fnac Grenoble Victor Hugo"},"content":{"rendered":"<p>La Fnac Grenoble Victor Hugo est heureuse de recevoir les photographes Pierre Jayet et Michael Lafrasse et l\u2019autrice \u00c9lise Cuenot-Hodister, \u00e0 l\u2019occasion d\u2019une s\u00e9ance de d\u00e9dicace de leur livre : \u00ab\u00a0Grenoble, m\u00e9tropole des Alpes\u00a0\u00bb, paru le 20 octobre 2025 aux \u00e9dition Jayet.<\/p>\n<p>Venus d\u2019Is\u00e8re et fiers de leur r\u00e9gioin, <strong>Pierre Jayet, Michael Lafrasse et \u00c9lise Cuenot-Hodister\u00a0<\/strong>viendront \u00e0 votre rencontre pour partager leur dernier ouvrage qui met en lumi\u00e8re, la beaut\u00e9 du pays grenoblois.<\/p>\n<p><strong>Ils d\u00e9dicaceront leur livre \u00e0 la Fnac Grenoble Victor Hugo.<\/strong><\/p>\n<p><a href=\"https:\/\/www.fnac.com\/a22071363\/Pierre-Jayet-Grenoble-metropole-des-Alpes\" target=\"_blank\" rel=\"noopener\"><img decoding=\"async\" class=\"floatl\" style=\"width: 200px; height: 142px; padding-right: 10px;\" src=\"https:\/\/www.europesays.com\/fr\/wp-content\/uploads\/2025\/10\/2515709.jpg\" alt=\"Grenoble-metropole-des-Alpes\"\/><\/a>Au coeur des Alpes, la m\u00e9tropole grenobloise se distingue comme un territoire d\u2019exception, o\u00f9 dynamisme \u00e9conomique, innovation et qualit\u00e9 de vie se conjuguent harmonieusement.<br \/>Entre villes vivantes, villages authentiques et montagnes majestueuses, ce livre c\u00e9l\u00e8bre la richesse et la singularit\u00e9 d\u2019une r\u00e9gion en perp\u00e9tuel mouvement.<br \/>Chaque photographie, d\u2019une beaut\u00e9 saisissante, est sublim\u00e9e par une impression d\u2019une qualit\u00e9 remarquable, r\u00e9alis\u00e9e \u00e0 Grenoble par l\u2019une des meilleures imprimeries de France.<br \/>Page apr\u00e8s page, l\u2019ouvrage r\u00e9v\u00e8le l\u2019\u00e2me, l\u2019\u00e9nergie et l\u2019esprit novateur de ce territoire. Innovation technologique, initiatives durables, projets urbains et culturels : ce livre illustre la capacit\u00e9 d\u2019une m\u00e9tropole \u00e0 conjuguer tradition et modernit\u00e9, audace et excellence.<br \/>Un ouvrage \u00e0 la fois inspirant et prestigieux, con\u00e7u pour ceux qui souhaitent valoriser leur territoire et partager sa r\u00e9ussite avec fiert\u00e9.<\/p>\n<p>Les auteurs<\/p>\n<p><strong>\u00c9lise Cuenot-Hodinster\u00a0 \u00a0 \u00a0<\/strong><br \/>Grenobloise de naissance, \u00c9lise Cuenot-Hodister est guide-conf\u00e9renci\u00e8re et responsable des contenus \u00e0 l\u2019Agence Grenoble Alpes. Amoureuse de la Chartreuse et passionn\u00e9e de patrimoine, elle aime r\u00e9v\u00e9ler l\u2019invisible et \u00e9veiller l\u2019\u00e9merveillement \u00e0 travers ses visites, chroniques \u00e9crites ou radiophoniques.<\/p>\n<p><a href=\"https:\/\/www.instagram.com\/grenobletrotter\/\" target=\"_blank\" rel=\"noopener\">instagram.com\/grenobletrotter<\/a><\/p>\n<p><strong>Pierre Jayet\u00a0\u00a0<\/strong><br \/>Photographe passionn\u00e9 par le patrimoine naturel et culturel de sa r\u00e9gion, Pierre Jayet met en lumi\u00e8re la richesse de l\u2019Is\u00e8re, de Grenoble et des massifs alpins. Il est l\u2019auteur ou co-auteur de plusieurs ouvrages, parmi lesquels Is\u00e8re, Incroyable Nature (2024), Is\u00e8re Spectaculaire (2023), Patrimoine Nature en Auvergne-Rh\u00f4ne-Alpes (2022), Belledonne, Beaut\u00e9 Sauvage (2020), Destination Grenoble (2018), Chartreuse, Secr\u00e8te et Sauvage (2018) ou encore Vercors, Territoire d\u2019Exception (2016).\u00a0<\/p>\n<p><a href=\"https:\/\/www.instagram.com\/pierre.jayet\/\" target=\"_blank\" rel=\"noopener\">instagram.com\/pierre.jayet<\/a><\/p>\n<p><strong>Micha\u00ebl Lafrasse\u00a0\u00a0<\/strong><br \/>Photographe passionn\u00e9 de paysages et amoureux de sa r\u00e9gion, Micha\u00ebl Lafrasse partage ses coups de c\u0153ur sur les r\u00e9seaux sociaux et sur son blog sous le pseudonyme tas2cailloux \u2014 clin d\u2019\u0153il aux cairns rencontr\u00e9s en montagne. Son objectif : faire d\u00e9couvrir les tr\u00e9sors locaux et transmettre son attachement profond \u00e0 son territoire.<\/p>\n<p><a href=\"https:\/\/www.instagram.com\/tas2cailloux\/\" target=\"_blank\" rel=\"noopener\">instagram.com\/tas2cailloux<\/a><\/p>\n<p style=\"text-align: center;\">*\u00c9v\u00e9nement gratuit, acc\u00e8s libre dans la limite des places disponibles<\/p>\n<p><script async src=\"\/\/www.instagram.com\/embed.js\"><\/script><\/p>\n","protected":false},"excerpt":{"rendered":"La Fnac Grenoble Victor Hugo est heureuse de recevoir les photographes Pierre Jayet et Michael Lafrasse et l\u2019autrice&hellip;\n","protected":false},"author":2,"featured_media":479002,"comment_status":"","ping_status":"","sticky":false,"template":"","format":"standard","meta":{"footnotes":""},"categories":[9566],"tags":[1111,11,60243,2430,1777,674,9391,1011,27,2731,2742,12,1756,16,25,602,586],"class_list":{"0":"post-479001","1":"post","2":"type-post","3":"status-publish","4":"format-standard","5":"has-post-thumbnail","7":"category-grenoble","8":"tag-actu","9":"tag-actualites","10":"tag-approfondir-ses-connaissances-en-photo","11":"tag-auvergne-rhone-alpes","12":"tag-eu","13":"tag-europe","14":"tag-evenement-fnac-gratuit","15":"tag-fr","16":"tag-france","17":"tag-grenoble","18":"tag-nature","19":"tag-news","20":"tag-photographie","21":"tag-region","22":"tag-republique-francaise","23":"tag-tourisme","24":"tag-voyage"},"share_on_mastodon":{"url":"https:\/\/pubeurope.com\/@fr\/115411153612529200","error":""},"_links":{"self":[{"href":"https:\/\/www.europesays.com\/fr\/wp-json\/wp\/v2\/posts\/479001","targetHints":{"allow":["GET"]}}],"collection":[{"href":"https:\/\/www.europesays.com\/fr\/wp-json\/wp\/v2\/posts"}],"about":[{"href":"https:\/\/www.europesays.com\/fr\/wp-json\/wp\/v2\/types\/post"}],"author":[{"embeddable":true,"href":"https:\/\/www.europesays.com\/fr\/wp-json\/wp\/v2\/users\/2"}],"replies":[{"embeddable":true,"href":"https:\/\/www.europesays.com\/fr\/wp-json\/wp\/v2\/comments?post=479001"}],"version-history":[{"count":0,"href":"https:\/\/www.europesays.com\/fr\/wp-json\/wp\/v2\/posts\/479001\/revisions"}],"wp:featuredmedia":[{"embeddable":true,"href":"https:\/\/www.europesays.com\/fr\/wp-json\/wp\/v2\/media\/479002"}],"wp:attachment":[{"href":"https:\/\/www.europesays.com\/fr\/wp-json\/wp\/v2\/media?parent=479001"}],"wp:term":[{"taxonomy":"category","embeddable":true,"href":"https:\/\/www.europesays.com\/fr\/wp-json\/wp\/v2\/categories?post=479001"},{"taxonomy":"post_tag","embeddable":true,"href":"https:\/\/www.europesays.com\/fr\/wp-json\/wp\/v2\/tags?post=479001"}],"curies":[{"name":"wp","href":"https:\/\/api.w.org\/{rel}","templated":true}]}}